{"id":448595,"date":"2019-11-01T00:07:15","date_gmt":"2019-11-01T06:07:15","guid":{"rendered":"https:\/\/www.diarioimagen.net\/?p=448595"},"modified":"2019-11-01T00:11:51","modified_gmt":"2019-11-01T06:11:51","slug":"se-respondera-al-desafio-de-la-criminalidad-durazo","status":"publish","type":"post","link":"https:\/\/www.diarioimagen.net\/?p=448595","title":{"rendered":"Se responder\u00e1 al desaf\u00edo de la criminalidad: Durazo"},"content":{"rendered":"<ul>\n<li><em><strong>Comparecencia ante diputados<\/strong><\/em><\/li>\n<\/ul>\n<p><strong>\u00a0<\/strong><\/p>\n<div id=\"attachment_448596\" style=\"width: 470px\" class=\"wp-caption aligncenter\"><img loading=\"lazy\" decoding=\"async\" aria-describedby=\"caption-attachment-448596\" class=\"wp-image-448596 size-large\" src=\"https:\/\/www.diarioimagen.net\/wp-content\/uploads\/2019\/10\/DURAZO1-por-460x268.jpg\" alt=\"\" width=\"460\" height=\"268\" srcset=\"https:\/\/www.diarioimagen.net\/wp-content\/uploads\/2019\/10\/DURAZO1-por-460x268.jpg 460w, https:\/\/www.diarioimagen.net\/wp-content\/uploads\/2019\/10\/DURAZO1-por-240x140.jpg 240w, https:\/\/www.diarioimagen.net\/wp-content\/uploads\/2019\/10\/DURAZO1-por.jpg 480w\" sizes=\"auto, (max-width: 460px) 100vw, 460px\" \/><p id=\"caption-attachment-448596\" class=\"wp-caption-text\">Alfonso Durazo Monta\u00f1o advirti\u00f3 ante diputados que se responder\u00e1 con todo el peso de la ley al desaf\u00edo de la criminalidad.<\/p><\/div>\n<p><strong>\u00a0<\/strong><\/p>\n<p>El secretario de Seguridad y Protecci\u00f3n Ciudadana, Alfonso Durazo Monta\u00f1o, advirti\u00f3 que se responder\u00e1 con todo el peso de la ley al desaf\u00edo de la criminalidad, pues \u201csiempre habr\u00e1 un momento para capturar a quienes delinquen, e iremos por ellos para que paguen por sus fechor\u00edas\u201d.<\/p>\n<p>Al comparecer ante el pleno de la C\u00e1mara de Diputados, en el marco de la Glosa del Primer Informe de Gobierno del presidente Andr\u00e9s Manuel L\u00f3pez Obrador, y entregar un informe del operativo en Culiac\u00e1n, Sinaloa, el funcionario refrend\u00f3 que la vida de la gente es insustituible.<\/p>\n<p>Reiter\u00f3 que en materia de seguridad no es prudente sobredimensionar las circunstancias, y que un tropiezo t\u00e1ctico no invalida la estrategia en su totalidad. Adem\u00e1s, acot\u00f3 que si se ve el tema con perspectiva hist\u00f3rica, \u201creconoceremos que es una tragedia que lleva d\u00e9cadas\u201d.<\/p>\n<p>Desde la m\u00e1xima tribuna, Durazo Monta\u00f1o subray\u00f3 que han preferido la cr\u00edtica y el debate a mantener la opacidad y la inercia, y ante la inseguridad, enfatiz\u00f3 ante los legisladores, \u201cno podemos permitirnos fingir que el problema es sencillo\u201d.<\/p>\n<p>No obstante, reiter\u00f3 que el gobierno de M\u00e9xico instrumenta a diario una estrategia de seguridad que est\u00e1 rindiendo frutos paulatinamente.<\/p>\n<p>En su participaci\u00f3n inicial, llam\u00f3 a no perder de vista a los maleantes, ya que son quienes aterrorizan a la gente, y recalc\u00f3 que invariablemente se responder\u00e1 con todo el peso de la ley al desaf\u00edo de la criminalidad, pues es \u201cnuestra obligaci\u00f3n y compromiso indeclinable\u201d.<\/p>\n<p>El secretario federal insisti\u00f3 en que en el caso Culiac\u00e1n, que pudo haberse convertido en un episodio de guerra y derramamiento de sangre, se resolvi\u00f3 privilegiando la paz p\u00fablica.<\/p>\n<p style=\"text-align: center;\"><strong>\u201cNo tendr\u00eda inconveniente en renunciar si eso resuelve <\/strong><strong>situaci\u00f3n de seguridad\u201d<\/strong><\/p>\n<p>Durazo Monta\u00f1o revel\u00f3 que no busc\u00f3 ser secretario de Seguridad y Protecci\u00f3n Ciudadana, aunque dijo que una vez asumido el cargo, no eludir\u00e1 la responsabilidad para mejorar los \u00edndices de seguridad en el pa\u00eds.<\/p>\n<p>Cuestionado por una diputada si dejar\u00e1 el cargo debido al fracaso en el operativo contra Ovidio Guzm\u00e1n L\u00f3pez, Durazo Monta\u00f1o respondi\u00f3 que no tendr\u00eda inconveniente en hacerlo si eso abona a resolver la situaci\u00f3n de inseguridad que este a\u00f1o alcanzar\u00e1 niveles hist\u00f3ricos.<\/p>\n<p>\u201cEso es lo de menos, si una renuncia resolviese un problema de la dimensi\u00f3n que tenemos, no tendr\u00eda ning\u00fan inconveniente en ponerla sobre la mesa\u201d, asegur\u00f3.<\/p>\n<p>Admiti\u00f3 que no \u201cbusqu\u00e9 esta responsabilidad, pero tambi\u00e9n una vez asumida no la eludir\u00e9 y estar\u00e9 aqu\u00ed cumpliendo en la medida que tenga que aportar a la soluci\u00f3n del problema de la inseguridad\u201d.<\/p>\n<p>Dej\u00f3 a los legisladores la decisi\u00f3n de iniciar un juicio pol\u00edtico en su contra por responsabilidad en los hechos de Culiac\u00e1n, Sinaloa.<\/p>\n<p>Al responder a los cuestionamientos de los legisladores, el funcionario reiter\u00f3 que los gobiernos de los expresidentes Felipe Calder\u00f3n y Enrique Pe\u00f1a Nieto dejaron una situaci\u00f3n de inseguridad de \u201cdimensiones hist\u00f3ricas\u201d, que no se resolver\u00e1 de un d\u00eda para otro.<\/p>\n<p>Revel\u00f3 que la actual administraci\u00f3n recibi\u00f3 26 mil cuerpos sin identificar que ahora suman 40 mil, \u201cy son cuerpos de homicidios que sucedieron en otros gobiernos\u201d.<\/p>\n","protected":false},"excerpt":{"rendered":"<p>El secretario de Seguridad y Protecci\u00f3n Ciudadana, Alfonso Durazo Monta\u00f1o, advirti\u00f3 que se responder\u00e1 con todo el peso de la ley al desaf\u00edo de la criminalidad, pues \u201csiempre habr\u00e1 un momento para capturar a quienes delinquen, e iremos por ellos para que paguen por sus fechor\u00edas\u201d.<\/p>\n","protected":false},"author":1,"featured_media":448596,"comment_status":"open","ping_status":"open","sticky":false,"template":"","format":"standard","meta":{"_monsterinsights_skip_tracking":false,"_monsterinsights_sitenote_active":false,"_monsterinsights_sitenote_note":"","_monsterinsights_sitenote_category":0,"footnotes":""},"categories":[3],"tags":[77036,32298,43673,43677],"class_list":["post-448595","post","type-post","status-publish","format-standard","has-post-thumbnail","hentry","category-nacional","tag-alfonso-durazo-montano","tag-diputados","tag-nacional","tag-seguridad"],"_links":{"self":[{"href":"https:\/\/www.diarioimagen.net\/index.php?rest_route=\/wp\/v2\/posts\/448595","targetHints":{"allow":["GET"]}}],"collection":[{"href":"https:\/\/www.diarioimagen.net\/index.php?rest_route=\/wp\/v2\/posts"}],"about":[{"href":"https:\/\/www.diarioimagen.net\/index.php?rest_route=\/wp\/v2\/types\/post"}],"author":[{"embeddable":true,"href":"https:\/\/www.diarioimagen.net\/index.php?rest_route=\/wp\/v2\/users\/1"}],"replies":[{"embeddable":true,"href":"https:\/\/www.diarioimagen.net\/index.php?rest_route=%2Fwp%2Fv2%2Fcomments&post=448595"}],"version-history":[{"count":0,"href":"https:\/\/www.diarioimagen.net\/index.php?rest_route=\/wp\/v2\/posts\/448595\/revisions"}],"wp:featuredmedia":[{"embeddable":true,"href":"https:\/\/www.diarioimagen.net\/index.php?rest_route=\/wp\/v2\/media\/448596"}],"wp:attachment":[{"href":"https:\/\/www.diarioimagen.net\/index.php?rest_route=%2Fwp%2Fv2%2Fmedia&parent=448595"}],"wp:term":[{"taxonomy":"category","embeddable":true,"href":"https:\/\/www.diarioimagen.net\/index.php?rest_route=%2Fwp%2Fv2%2Fcategories&post=448595"},{"taxonomy":"post_tag","embeddable":true,"href":"https:\/\/www.diarioimagen.net\/index.php?rest_route=%2Fwp%2Fv2%2Ftags&post=448595"}],"curies":[{"name":"wp","href":"https:\/\/api.w.org\/{rel}","templated":true}]}}