{"id":448753,"date":"2019-11-01T00:03:30","date_gmt":"2019-11-01T06:03:30","guid":{"rendered":"https:\/\/www.diarioimagen.net\/?p=448753"},"modified":"2019-11-01T02:38:10","modified_gmt":"2019-11-01T08:38:10","slug":"culiacan-caos-informativo","status":"publish","type":"post","link":"https:\/\/www.diarioimagen.net\/?p=448753","title":{"rendered":"Culiac\u00e1n: caos informativo"},"content":{"rendered":"<h2>Espacio Electoral<\/h2>\n<h5>Eleazar Flores<\/h5>\n<p>&nbsp;<\/p>\n<p><strong>Y SEGUIR\u00c1<\/strong>-. El ritmo medi\u00e1tico del \u201ccaso Culiac\u00e1n\u201d va de r\u00e1pido a veloz y quien encabeza o impone el ritmo es el padre de la \u201ccuatrote\u201d que adem\u00e1s de ritmo quiere inducir los caminos por los que debieran ir los medios, para lo cual ya no invoca a Jesucristo pero si a Madero.<\/p>\n<p>Ante la evidente confusi\u00f3n del caso Culiac\u00e1n lo peor de todo es revelar a la cabeza de un posible error, el coronel Juan Jos\u00e9 Verde Montes, ignorando al interior del gabinete de seguridad el peligro que corren el militar y su familia, por\u00a0 la conducta b\u00e9lica del crimen organizado, cuya constancia se manifest\u00f3 plenamente en Tres R\u00edos, para recuperar a Ovidio, y lo logr\u00f3.<\/p>\n<p>Con l\u00e1minas, videos y dem\u00e1s recursos de comunicaci\u00f3n, ensayado durante media semana hasta que el mandatario y sus asesores aprobaron exponerlo ante los medios, no todo mundo qued\u00f3 convencido de la cronolog\u00eda y de las acciones de los mandos o subordinados, que iniciaron con la captura y una hora despu\u00e9s la liberaci\u00f3n de Ovidio para evitar mayor derramamiento de sangre.<\/p>\n<p>Por la tozudez presidencial de mantener su verdad y su versi\u00f3n de los hechos hasta disminuye el impacto de su animadversi\u00f3n a los medios, actitud que viene registr\u00e1ndose cotidianamente en las \u00faltimas semanas. L\u00e1stima que la conducta presidencial lejos de convocar a la reconciliaci\u00f3n nacional que tanta falta hace, promueva el disenso.<\/p>\n<p>Un disenso que no se queda entre presidencia de la rep\u00fablica y medios de comunicaci\u00f3n, lo grave es que trasciende a otros sectores importantes el pa\u00eds como el empresarial que no obstante visitar frecuentemente al inquilino de palacio nacional y prometer inversiones, \u00e9stas no se ven por lo que no se registra creaci\u00f3n de nuevos empleos.<\/p>\n<p>A esto \u00faltimo se debe crecer cero por ciento en lo que va del a\u00f1o, por citar un solo ejemplo.<\/p>\n<p>Pero volviendo al \u201ccaso Culiac\u00e1n\u201d, t\u00f3melo como quiera pero paisanos culiches registraron que en el desfile de contingentes con ropa blanca hace una semana hubo participaci\u00f3n y hasta apoyo de simpatizantes o trabajadores directos o indirectos de los Guzm\u00e1n juniors.<\/p>\n<p>Imposible de confirmar este rumor, tanto como el hecho de que despu\u00e9s del caos medi\u00e1tico iniciado el mi\u00e9rcoles y continuado ayer jueves, exista unidad a prueba de todo en la c\u00fapula del gabinete de seguridad como lo presumieron ayer desde las esferas m\u00e1s altas. Aqu\u00ed se confirmar\u00eda el dicho del pueblo sabio, \u201cdime de lo que presumes y te dir\u00e9 de lo que careces\u201d.<\/p>\n<p>Aunque usted no lo crea ya muchos medios anhelan que \u201cojal\u00e1 y pronto terminen las ma\u00f1aneras\u201d, algo imposible pues el saldo medi\u00e1tico favorece al conductor de las mismas.<\/p>\n<p><a href=\"mailto:elefa44@gmail.com\" target=\"_blank\" rel=\"noopener noreferrer\"><em>elefa44@gmail.com<\/em><\/a><\/p>\n","protected":false},"excerpt":{"rendered":"<p><span style=\"color: #005497;\"><strong>Eleazar Flores<\/strong><\/span><\/p>\n","protected":false},"author":3,"featured_media":0,"comment_status":"open","ping_status":"open","sticky":false,"template":"","format":"standard","meta":{"_monsterinsights_skip_tracking":false,"_monsterinsights_sitenote_active":false,"_monsterinsights_sitenote_note":"","_monsterinsights_sitenote_category":0,"footnotes":""},"categories":[81743],"tags":[81744,81776,43674],"class_list":["post-448753","post","type-post","status-publish","format-standard","hentry","category-eleazar-flores","tag-eleazar-flores","tag-espacio-electoral","tag-opinion"],"_links":{"self":[{"href":"https:\/\/www.diarioimagen.net\/index.php?rest_route=\/wp\/v2\/posts\/448753","targetHints":{"allow":["GET"]}}],"collection":[{"href":"https:\/\/www.diarioimagen.net\/index.php?rest_route=\/wp\/v2\/posts"}],"about":[{"href":"https:\/\/www.diarioimagen.net\/index.php?rest_route=\/wp\/v2\/types\/post"}],"author":[{"embeddable":true,"href":"https:\/\/www.diarioimagen.net\/index.php?rest_route=\/wp\/v2\/users\/3"}],"replies":[{"embeddable":true,"href":"https:\/\/www.diarioimagen.net\/index.php?rest_route=%2Fwp%2Fv2%2Fcomments&post=448753"}],"version-history":[{"count":0,"href":"https:\/\/www.diarioimagen.net\/index.php?rest_route=\/wp\/v2\/posts\/448753\/revisions"}],"wp:attachment":[{"href":"https:\/\/www.diarioimagen.net\/index.php?rest_route=%2Fwp%2Fv2%2Fmedia&parent=448753"}],"wp:term":[{"taxonomy":"category","embeddable":true,"href":"https:\/\/www.diarioimagen.net\/index.php?rest_route=%2Fwp%2Fv2%2Fcategories&post=448753"},{"taxonomy":"post_tag","embeddable":true,"href":"https:\/\/www.diarioimagen.net\/index.php?rest_route=%2Fwp%2Fv2%2Ftags&post=448753"}],"curies":[{"name":"wp","href":"https:\/\/api.w.org\/{rel}","templated":true}]}}