{"id":448851,"date":"2019-11-04T00:01:06","date_gmt":"2019-11-04T06:01:06","guid":{"rendered":"https:\/\/www.diarioimagen.net\/?p=448851"},"modified":"2019-11-04T04:08:10","modified_gmt":"2019-11-04T10:08:10","slug":"playa-grande-resort-grand-spa-en-baja-california-sur-ofrece-nueva-amenidad-chef-en-tu-habitacion","status":"publish","type":"post","link":"https:\/\/www.diarioimagen.net\/?p=448851","title":{"rendered":"<em>Playa Grande Resort &#038; Grand Spa<\/em>, en Baja California Sur ofrece nueva amenidad: \u201cchef en tu habitaci\u00f3n\u201d"},"content":{"rendered":"<h2>De cinco estrellas<\/h2>\n<h5>Victoria Gonz\u00e1lez Prado<\/h5>\n<p>&nbsp;<\/p>\n<ul>\n<li><strong><em>Espl\u00e9ndido festejo del D\u00eda de Muertos, gran tradici\u00f3n mexicana, en San Antonio, Texas.<\/em><\/strong><\/li>\n<\/ul>\n<p>&nbsp;<\/p>\n<div id=\"attachment_448897\" style=\"width: 470px\" class=\"wp-caption aligncenter\"><a href=\"https:\/\/www.diarioimagen.net\/?attachment_id=448897\" rel=\"attachment wp-att-448897\"><img loading=\"lazy\" decoding=\"async\" aria-describedby=\"caption-attachment-448897\" class=\"size-large wp-image-448897\" src=\"https:\/\/www.diarioimagen.net\/wp-content\/uploads\/2019\/11\/turismo-1-460x259.jpg\" alt=\"\" width=\"460\" height=\"259\" srcset=\"https:\/\/www.diarioimagen.net\/wp-content\/uploads\/2019\/11\/turismo-1-460x259.jpg 460w, https:\/\/www.diarioimagen.net\/wp-content\/uploads\/2019\/11\/turismo-1-240x135.jpg 240w, https:\/\/www.diarioimagen.net\/wp-content\/uploads\/2019\/11\/turismo-1-235x132.jpg 235w, https:\/\/www.diarioimagen.net\/wp-content\/uploads\/2019\/11\/turismo-1-202x114.jpg 202w, https:\/\/www.diarioimagen.net\/wp-content\/uploads\/2019\/11\/turismo-1-350x196.jpg 350w, https:\/\/www.diarioimagen.net\/wp-content\/uploads\/2019\/11\/turismo-1-220x123.jpg 220w, https:\/\/www.diarioimagen.net\/wp-content\/uploads\/2019\/11\/turismo-1-237x132.jpg 237w, https:\/\/www.diarioimagen.net\/wp-content\/uploads\/2019\/11\/turismo-1.jpg 480w\" sizes=\"auto, (max-width: 460px) 100vw, 460px\" \/><\/a><p id=\"caption-attachment-448897\" class=\"wp-caption-text\">El hotel en Los Cabos, Baja California Sur.<\/p><\/div>\n<p>&nbsp;<\/p>\n<p>\u00bfTe imaginas tener un chef que cocine en tu habitaci\u00f3n? <em>Playa Grande Resort &amp; Grand Spa<\/em>, en Baja California Sur ofrece nueva amenidad: \u201cchef en tu habitaci\u00f3n\u201d, para consentir a hu\u00e9spedes con deliciosos platillos preparados<\/p>\n<p>El chef se har\u00e1 cargo de la cocina, ofreciendo cuatro opciones de men\u00fa para los invitados. \u201cChef en tu habitaci\u00f3n\u201d es ideal para familias o grupos de amigos \u2013de cuatro a 12 personas\u2014, observando al chef preparar el men\u00fa. Las sorpresas gastron\u00f3micas son la combinaci\u00f3n perfecta de productos y carnes de Los Cabos, variedad completa de delicias gourmet.<\/p>\n<p>Adem\u00e1s de deleitarse con diversos platillos, tambi\u00e9n se ofrece exclusiva selecci\u00f3n de vinos en men\u00fa dise\u00f1ado por el <em>sommelier <\/em>de la casa.<\/p>\n<p>Esta nueva experiencia culinaria se suma a la exclusividad de amenidades que los resorts de la marca tienen para sus hu\u00e9spedes, asegurando vacaciones excepcionales en Los Cabos.<\/p>\n<p>\u2730\u2730\u2730\u2730\u2730 Hace algunos d\u00edas estuve en la Fundaci\u00f3n Sebasti\u00e1n, ubicada en la avenida Patriotismo, de la Ciudad de M\u00e9xico, donde destacaban algunas obras del escultor mexicano <strong>Sebasti\u00e1n,<\/strong> que la patrocina, y me sent\u00e9 justo frente a una pared enorme repleta de fotograf\u00edas en las que \u00e9l, todo un personaje, est\u00e1 al lado de otros personajes.<\/p>\n<p>A las instalaciones de esa fundaci\u00f3n llegaron los integrantes de la Misi\u00f3n de San Antonio, Texas: <strong>Salvador Garza, <\/strong>director asociado de Desarrollo Tur\u00edstico de <em>Visit San Antonio<\/em>; el gerente de Protocolo y Negocios Internacionales del Sistema Aeroportuario de San Antonio, <strong>Jos\u00e9 Luis Garc\u00eda;<\/strong> la directora del Departamento de Arte y Cultura de San Antonio, <strong>Debbie Racca-Sitre<\/strong>; <strong>Benjam\u00edn D\u00edaz <\/strong>y <strong>Adriana de la Torre<\/strong>, representantes de la ciudad de San Antonio en M\u00e9xico, y su equipo de colaboradores.<\/p>\n<p>Se presentaron los atractivos que ofrece San Antonio durante la temporada oto\u00f1o. Pero antes, <strong>David Gonz\u00e1lez<\/strong>, director de Comunicaciones de <em>Visit San Antonio<\/em>, dijo que entre ellos incluyeron la exposici\u00f3n en \u201cm\u00e1s de 20 espacios, de obras de <strong>Sebasti\u00e1n<\/strong>. Estar\u00e1n abiertos al p\u00fablico. La idea del escultor es acercar el arte a las personas, con lo cual San Antonio est\u00e1 de acuerdo y ha trabajado para llevarlo a cabo\u201d.<\/p>\n<p>Esa exposici\u00f3n, <em>\u201cSebastian in San Antonio: 50+ Years\/20+ sites\/100+ works\u201d, <\/em>est\u00e1 abierta desde el pasado mes de octubre y que cierra en mayo de 2020, tiene doble objetivo: conmemorar 300 a\u00f1os de la fundaci\u00f3n de San Antonio, y celebrar 50 a\u00f1os de trayectoria de <strong>Sebasti\u00e1n<\/strong> en el arte urbano.<\/p>\n<p>Lugares como el <em>River Walk Art Garden<\/em>, la plaza del Mercado Hist\u00f3rico, la Biblioteca Maverick, el aeropuerto de San Antonio, el Instituto Cultural Mexicano y la Galer\u00eda <em>Culture Commons<\/em> en la Plaza de Armas, son algunos de los sitios donde se exhiben las obras.<\/p>\n<p>Las autoridades de San Antonio invitaron a <strong>Sebasti\u00e1n<\/strong> a participar porque hace 17 a\u00f1os mont\u00f3 la escultura \u201cLa antorcha de la amistad\u201d, que se ha convertido en s\u00edmbolo. As\u00ed, en esta visita, la Misi\u00f3n de San Antonio reconoce la trayectoria del escultor mexicano, al que le entregaron estatuilla conmemorativa.<\/p>\n<p><strong>Gonz\u00e1lez<\/strong> inform\u00f3 que la tradici\u00f3n mexicana de D\u00eda de Muertos se celebrar\u00eda en grande \u2013como fue\u2014 con eventos espectaculares por toda la ciudad: <em>Day of the dead San Antonio<\/em>, organizado por los creadores del desfile de D\u00eda de Muertos en la Ciudad de M\u00e9xico, el que, por cierto, se replic\u00f3 en Mosc\u00fa y Par\u00eds. Tambi\u00e9n destacaron el festival de altares comunitarios de D\u00eda de Los Muertos, popularmente conocido como <em>Muertos fest,<\/em> y el baile de beneficencia: <em>Catrina Ball, <\/em>el colorido desfile <em>Catrinas on the River Parade<\/em> y la carrera de cinco kil\u00f3metros <em>Celebrating life<\/em>, caracterizada porque los \u201catletas\u201d iban maquillados como \u201ccatrinas\u201d.<\/p>\n<p>Tambi\u00e9n explic\u00f3 que ser\u00eda inaugurado el Centro de Arte Contempor\u00e1neo <em>Ruby City<\/em> \u2014dise\u00f1ado por el arquitecto brit\u00e1nico <strong>David Adjaye OBE<\/strong>\u2014, en memoria de la fil\u00e1ntropa y artista <strong>Linda Pace<\/strong>, que aloja a la colecci\u00f3n de m\u00e1s de 900 piezas de artistas como <strong>Marina Abramovic<\/strong> y <strong>Do Ho Suh<\/strong>. Este recinto de arte se suma a <em>McNay Art Museum,<\/em> el <em>Witte Museum<\/em> y el <em>San Antonio Museum of Art. <\/em><\/p>\n<p><strong>David Gonz\u00e1lez<\/strong> asegur\u00f3 tambi\u00e9n, que la oferta cultural de este oto\u00f1o ser\u00eda experiencias de viaje \u00fanicas que empezar\u00edan en el <em>San Antonio International Airport<\/em>, catalogado como de los aeropuertos m\u00e1s amigables de Estados Unidos y el \u00fanico de Texas con altas calificaciones en el <em>Medium Airport Statistics Index Ranking<\/em>.<\/p>\n<p>En San Antonio la Navidad se celebra de manera muy particular, al estilo mexicano, al americano y al alem\u00e1n. Las festividades decembrinas empiezan con el encendido de miles de luces y, en el r\u00edo, lanchas con ni\u00f1os entonando villancicos. Adem\u00e1s la cl\u00e1sica gran tamalada, evento culinario tradicional que congrega a cientos de personas que degustan el delicioso platillo mexicano.<\/p>\n<p>Para los peque\u00f1os habr\u00e1 actividades acu\u00e1ticas en <em>Sea World<\/em> adornado con\u00a0 ocho millones de luces navide\u00f1as, y en <em>Morgan\u2019s Wonderland<\/em> y <em>Morgan\u2019s Inspiration<\/em> <em>Island<\/em>, parques de diversiones tem\u00e1ticos ultra accesibles, dise\u00f1ados especialmente para ni\u00f1os con capacidades diferentes.<\/p>\n<p>Los d\u00edas 7 y 8 de diciembre, en las calles de <em>Alamo City<\/em> se efectuar\u00e1 el <em>Humana Rock \u2018n\u2019 Roll San Antonio Marathon &amp; \u00bd Marathon<\/em>, evento deportivo lleno de m\u00fasica y diversi\u00f3n, apto para toda la familia. Este a\u00f1o, lo que se recaude por ese concepto ser\u00e1 a beneficio del <em>St. Jude Children\u2019s Research Hospital<\/em><u>,<\/u> dedicado a la investigaci\u00f3n y tratamiento de enfermedades infantiles.<\/p>\n<p>Por todas estas actividades, el destino promete experiencias de viaje \u00fanicas que comienzan, como ya dijimos, en el aeropuerto internacional de San Antonio.<\/p>\n<p>Cabe destacar que San Antonio cuenta con vuelos diarios y directos desde Ciudad de M\u00e9xico, Guadalajara y Monterrey, de Aerom\u00e9xico, Volaris e Interjet. No hay que olvidar que San Antonio ofrece gran variedad de \u201crestaurantes de autor\u201d y bares para disfrutar la gastronom\u00eda local y vacaciones inolvidables.<\/p>\n<p><em><span class=\"Apple-converted-space\"><a href=\"mailto:victoriagprado@gmail.com\" target=\"_blank\" rel=\"noopener noreferrer\">victoriagprado@gmail.com<\/a><br \/>\nTwitter: <a href=\"https:\/\/twitter.com\/victoriagprado\" target=\"_blank\" rel=\"noopener noreferrer\">@victoriagprado<\/a><\/span><\/em><\/p>\n","protected":false},"excerpt":{"rendered":"<p>\u00bfTe imaginas tener un chef que cocine en tu habitaci\u00f3n? <em>Playa Grande Resort &#038; Grand Spa<\/em>, en Baja California Sur ofrece nueva amenidad: \u201cchef en tu habitaci\u00f3n\u201d, para consentir a hu\u00e9spedes con deliciosos platillos preparados<\/p>\n","protected":false},"author":3,"featured_media":448897,"comment_status":"open","ping_status":"open","sticky":false,"template":"","format":"standard","meta":{"_monsterinsights_skip_tracking":false,"_monsterinsights_sitenote_active":false,"_monsterinsights_sitenote_note":"","_monsterinsights_sitenote_category":0,"footnotes":""},"categories":[11],"tags":[107,43674,106],"class_list":["post-448851","post","type-post","status-publish","format-standard","has-post-thumbnail","hentry","category-turismo","tag-de-cinco-estrellas","tag-opinion","tag-victoria-gonzalez-prado"],"_links":{"self":[{"href":"https:\/\/www.diarioimagen.net\/index.php?rest_route=\/wp\/v2\/posts\/448851","targetHints":{"allow":["GET"]}}],"collection":[{"href":"https:\/\/www.diarioimagen.net\/index.php?rest_route=\/wp\/v2\/posts"}],"about":[{"href":"https:\/\/www.diarioimagen.net\/index.php?rest_route=\/wp\/v2\/types\/post"}],"author":[{"embeddable":true,"href":"https:\/\/www.diarioimagen.net\/index.php?rest_route=\/wp\/v2\/users\/3"}],"replies":[{"embeddable":true,"href":"https:\/\/www.diarioimagen.net\/index.php?rest_route=%2Fwp%2Fv2%2Fcomments&post=448851"}],"version-history":[{"count":0,"href":"https:\/\/www.diarioimagen.net\/index.php?rest_route=\/wp\/v2\/posts\/448851\/revisions"}],"wp:featuredmedia":[{"embeddable":true,"href":"https:\/\/www.diarioimagen.net\/index.php?rest_route=\/wp\/v2\/media\/448897"}],"wp:attachment":[{"href":"https:\/\/www.diarioimagen.net\/index.php?rest_route=%2Fwp%2Fv2%2Fmedia&parent=448851"}],"wp:term":[{"taxonomy":"category","embeddable":true,"href":"https:\/\/www.diarioimagen.net\/index.php?rest_route=%2Fwp%2Fv2%2Fcategories&post=448851"},{"taxonomy":"post_tag","embeddable":true,"href":"https:\/\/www.diarioimagen.net\/index.php?rest_route=%2Fwp%2Fv2%2Ftags&post=448851"}],"curies":[{"name":"wp","href":"https:\/\/api.w.org\/{rel}","templated":true}]}}