{"id":448860,"date":"2019-11-04T00:02:26","date_gmt":"2019-11-04T06:02:26","guid":{"rendered":"https:\/\/www.diarioimagen.net\/?p=448860"},"modified":"2019-11-04T08:22:00","modified_gmt":"2019-11-04T14:22:00","slug":"el-gobierno-de-tultitlan-entregara-mas-calentadores-solares-para-apoyar-familias","status":"publish","type":"post","link":"https:\/\/www.diarioimagen.net\/?p=448860","title":{"rendered":"El gobierno de Tultitl\u00e1n entregar\u00e1 m\u00e1s calentadores solares para apoyar familias"},"content":{"rendered":"<ul>\n<li><strong><em>Contribuye con el cuidado del medio ambiente<\/em><\/strong><\/li>\n<\/ul>\n<p>&nbsp;<\/p>\n<p><a href=\"https:\/\/www.diarioimagen.net\/?attachment_id=448946\" rel=\"attachment wp-att-448946\"><img loading=\"lazy\" decoding=\"async\" class=\"aligncenter size-large wp-image-448946\" src=\"https:\/\/www.diarioimagen.net\/wp-content\/uploads\/2019\/11\/tultitlan-460x259.jpg\" alt=\"\" width=\"460\" height=\"259\" srcset=\"https:\/\/www.diarioimagen.net\/wp-content\/uploads\/2019\/11\/tultitlan-460x259.jpg 460w, https:\/\/www.diarioimagen.net\/wp-content\/uploads\/2019\/11\/tultitlan-240x135.jpg 240w, https:\/\/www.diarioimagen.net\/wp-content\/uploads\/2019\/11\/tultitlan-235x132.jpg 235w, https:\/\/www.diarioimagen.net\/wp-content\/uploads\/2019\/11\/tultitlan-202x114.jpg 202w, https:\/\/www.diarioimagen.net\/wp-content\/uploads\/2019\/11\/tultitlan-350x196.jpg 350w, https:\/\/www.diarioimagen.net\/wp-content\/uploads\/2019\/11\/tultitlan-220x123.jpg 220w, https:\/\/www.diarioimagen.net\/wp-content\/uploads\/2019\/11\/tultitlan-237x132.jpg 237w, https:\/\/www.diarioimagen.net\/wp-content\/uploads\/2019\/11\/tultitlan.jpg 480w\" sizes=\"auto, (max-width: 460px) 100vw, 460px\" \/><\/a><\/p>\n<p>&nbsp;<\/p>\n<p>&nbsp;<\/p>\n<p><strong>Tultitl\u00e1n, Estado de M\u00e9xico<\/strong>.- Con la finalidad de apoyar la econom\u00eda de familias tultitlenses y al mismo tiempo contribuir con el cuidado del medio ambiente, el ayuntamiento de Tultitl\u00e1n en coordinaci\u00f3n con la direcci\u00f3n de Bienestar Social y el Consejo de Participaci\u00f3n Ciudadana (COPACIS), bajo la supervisi\u00f3n del Comit\u00e9 Ciudadano de Control y vigilancia (COCICOVI) conformado para dicho programa, llevaran a cabo la entrega de 650 calentadores solares a vecinos de colonias catalogadas como vulnerables.<\/p>\n<p>La edil coment\u00f3 que este es un fondo de infraestructura social que busca contribuir a combatir la contaminaci\u00f3n ambiental ya que permite reducir dr\u00e1sticamente la emisi\u00f3n de di\u00f3xido de carbono y as\u00ed mismo apoyar la econom\u00eda de las familias tultitlenses.<\/p>\n<p>\u201cQueremos impulsar el desarrollo sostenible del municipio, por lo que estos programas son de \u00edndole social y tenemos el deber de apoyar a las familias que desafortunadamente no cuentan con los recursos necesarios para poder adquirir estos calentadores solares que tienen la finalidad de reducir hasta en un 80 por ciento el gasto de gas LP\u201d.<\/p>\n<p>Expuso\u00a0 tambi\u00e9n que con el aprovechamiento de la energ\u00eda solar, se disminuye la emisi\u00f3n de contaminantes, lo que permite obtener beneficios no solo econ\u00f3micos, sino tambi\u00e9n energ\u00e9ticos y ambientales, con lo que se abona al cumplimiento del convenio signado por la administraci\u00f3n para el cumplimiento de los lineamientos de la agenda 2030.<\/p>\n<p>Cabe resaltar que se entregar\u00e1n calentadores solares y se har\u00e1 la instalaci\u00f3n completa en 14 colonias las cu\u00e1les son Solidaridad Segunda y Tercera Secci\u00f3n, Ampliaci\u00f3n Buenavista 2da Secci\u00f3n, Ampliaci\u00f3n San Marcos, Rinconada San Marcos, San Pablo de las Salinas, Bello Horizonte, Ampliaci\u00f3n El Tesoro, Las Torres, Ampliaci\u00f3n las Torres 2da Secci\u00f3n, Sierra de Guadalupe, El Paraje, FIMESA I y Colonia Benito Ju\u00e1rez siendo estas colonias catalogadas como vulnerables.<\/p>\n<p>La Coordinadora de Bienestar Social de Tultitl\u00e1n Itzel Urbieta, puntualiz\u00f3 que estos calentadores solares tienen origen en un recurso federal y son canalizados a trav\u00e9s de la Direcci\u00f3n de Obras P\u00fablicas municipal; son totalmente gratuitos para los beneficiarios y deber\u00e1n ser instalados antes de que culmine el a\u00f1o presente.<\/p>\n<p>Finalmente, vecinos de las colonias antes mencionadas agradecen el apoyo que recibir\u00e1n por parte de las autoridades municipales ya que permitir\u00e1 generar ahorros en el gasto familiar y\u00a0 evita padecer enfermedades respiratorias, causadas por la exposici\u00f3n al humo; adem\u00e1s de cuidar del medio ambiente.<\/p>\n","protected":false},"excerpt":{"rendered":"<p>Con la finalidad de apoyar la econom\u00eda de familias tultitlenses y al mismo tiempo contribuir con el cuidado del medio ambiente, el ayuntamiento de Tultitl\u00e1n en coordinaci\u00f3n con la direcci\u00f3n de Bienestar Social y el Consejo de Participaci\u00f3n Ciudadana (COPACIS), bajo la supervisi\u00f3n del Comit\u00e9 Ciudadano de Control y vigilancia (COCICOVI) conformado para dicho programa, llevaran a cabo la entrega de 650 calentadores solares a vecinos de colonias catalogadas como vulnerables.<\/p>\n","protected":false},"author":3,"featured_media":448946,"comment_status":"open","ping_status":"open","sticky":false,"template":"","format":"standard","meta":{"_monsterinsights_skip_tracking":false,"_monsterinsights_sitenote_active":false,"_monsterinsights_sitenote_note":"","_monsterinsights_sitenote_category":0,"footnotes":""},"categories":[5],"tags":[88494,43675,88495,578],"class_list":["post-448860","post","type-post","status-publish","format-standard","has-post-thumbnail","hentry","category-estado-de-mexico","tag-calentadores","tag-estado-de-mexico","tag-solares","tag-tultitlan"],"_links":{"self":[{"href":"https:\/\/www.diarioimagen.net\/index.php?rest_route=\/wp\/v2\/posts\/448860","targetHints":{"allow":["GET"]}}],"collection":[{"href":"https:\/\/www.diarioimagen.net\/index.php?rest_route=\/wp\/v2\/posts"}],"about":[{"href":"https:\/\/www.diarioimagen.net\/index.php?rest_route=\/wp\/v2\/types\/post"}],"author":[{"embeddable":true,"href":"https:\/\/www.diarioimagen.net\/index.php?rest_route=\/wp\/v2\/users\/3"}],"replies":[{"embeddable":true,"href":"https:\/\/www.diarioimagen.net\/index.php?rest_route=%2Fwp%2Fv2%2Fcomments&post=448860"}],"version-history":[{"count":0,"href":"https:\/\/www.diarioimagen.net\/index.php?rest_route=\/wp\/v2\/posts\/448860\/revisions"}],"wp:featuredmedia":[{"embeddable":true,"href":"https:\/\/www.diarioimagen.net\/index.php?rest_route=\/wp\/v2\/media\/448946"}],"wp:attachment":[{"href":"https:\/\/www.diarioimagen.net\/index.php?rest_route=%2Fwp%2Fv2%2Fmedia&parent=448860"}],"wp:term":[{"taxonomy":"category","embeddable":true,"href":"https:\/\/www.diarioimagen.net\/index.php?rest_route=%2Fwp%2Fv2%2Fcategories&post=448860"},{"taxonomy":"post_tag","embeddable":true,"href":"https:\/\/www.diarioimagen.net\/index.php?rest_route=%2Fwp%2Fv2%2Ftags&post=448860"}],"curies":[{"name":"wp","href":"https:\/\/api.w.org\/{rel}","templated":true}]}}