{"id":448878,"date":"2019-11-04T00:02:56","date_gmt":"2019-11-04T06:02:56","guid":{"rendered":"https:\/\/www.diarioimagen.net\/?p=448878"},"modified":"2019-11-04T03:12:35","modified_gmt":"2019-11-04T09:12:35","slug":"lopez-obrador-no-se-cansa-de-atizar-el-fuego","status":"publish","type":"post","link":"https:\/\/www.diarioimagen.net\/?p=448878","title":{"rendered":"L\u00f3pez Obrador no se cansa de atizar el fuego"},"content":{"rendered":"<h2>La Retaguardia<\/h2>\n<h5>Adriana Moreno Cordero<\/h5>\n<p>&nbsp;<\/p>\n<ul>\n<li><strong><em>Odis Asversa se deslinda de Romero Deschamps<\/em><\/strong><\/li>\n<li><strong><em>Doble discurso de S\u00e1nchez Cordero<\/em><\/strong><\/li>\n<\/ul>\n<p>&nbsp;<\/p>\n<p>A pesar del puente del D\u00eda de Muertos, el presidente <strong>Andr\u00e9s Manuel L\u00f3pez Obrador<\/strong> no par\u00f3 de crear la pol\u00e9mica y la divisi\u00f3n no solo por \u201clas benditas Redes\u201d. Se dedic\u00f3 a atizar el fuego, \u2013de eso s\u00ed no se cansa-, porque supone que \u00e9l y nadie m\u00e1s, ser\u00e1 el ganador por enfrentar a \u201ctirios y troyanos\u201d y para su infortunio, nada hay m\u00e1s falso<\/p>\n<p>Primero, por su \u201ctwitter\u201d, el Ejecutivo afirm\u00f3 contundente que no hay la m\u00e1s m\u00ednima posibilidad de que sufra un Golpe de Estado, esto, como producto de lo que ha sido una de sus\u00a0 m\u00e1s recientes \u201cjoyas\u201d; la divisi\u00f3n y molestia que el tabasque\u00f1o cre\u00f3 por los p\u00e9simos resultados del operativo Culiac\u00e1n y la manera en que culp\u00f3 y le \u201cech\u00f3 la bolita\u201d al Ej\u00e9rcito por una grav\u00edsima equivocaci\u00f3n que solo le correspondi\u00f3 a \u00e9l y a su flamante secretario de Seguridad y Protecci\u00f3n Ciudadana, <strong>Alfonso Durazo Monta\u00f1o<\/strong>, que por cierto, estar\u00e1 ma\u00f1ana compareciendo ante Comisiones en el Senado de la Rep\u00fablica y esa jornada, tampoco ser\u00e1 \u201cun d\u00eda de campo\u201d.<\/p>\n<p>Al igual que en la C\u00e1mara de Diputados, los senadores pertenecientes a la mayor\u00eda de Morena, tienen la consigna de tratarlo lo mejor que sea posible y si se puede, hasta \u201capapacharlo\u201d, sin embargo, es muy probable que sea objeto de los mismos empe\u00f1osos cuestionamientos que le dirigi\u00f3 la oposici\u00f3n en el Palacio Legislativo de San L\u00e1zaro que por cierto Durazo nunca supo o no quiso aclarar; simplemente, las dudas quedaron ampliadas.<\/p>\n<p>Bueno, pues no contento con la pol\u00e9mica desatada, el presidente reiter\u00f3 justo ayer que no hay casi, casi, ninguna posibilidad de que en la llamada cuarta transformaci\u00f3n se registre un Golpe de Estado porque, al parecer, solo en su mente y en la de su equipo cercano, pervive \u2013para utilizar los t\u00e9rminos de la secretaria de Gobernaci\u00f3n, <strong>Olga S\u00e1nchez Cordero<\/strong>-, la idea de que la actual administraci\u00f3n, empezando por el presidente, hay una mayor\u00eda social que lo apoya y respalda ciegamente. \u00a1Qu\u00e9 tal!<\/p>\n<p>Lo que definitivamente no est\u00e1 tomando en cuenta L\u00f3pez Obrador, es que si bien lleg\u00f3 a donde est\u00e1 gracias a 30 millones de votos, buena parte de ellos pertenece a ciudadanos que a casi un a\u00f1o de la llamada cuarta transformaci\u00f3n, se encuentran totalmente decepcionados de c\u00f3mo ha gobernado el tabasque\u00f1o y tienen toda la intenci\u00f3n de reflejar ese malestar en las urnas, en las elecciones del 2021.<\/p>\n<p>En fin, de cualquier manera, el presidente se dio el lujo de poner por sus redes sociales (que esas s\u00ed, qui\u00e9n sabe qu\u00e9 tan \u201cbenditas\u201d sean), que este puente de d\u00eda de Muertos, tambi\u00e9n le sirvi\u00f3, \u201cpara descansar, reflexionar sobre lo que est\u00e1 sucediendo en el pa\u00eds; creo que vamos bien, ese es mi balance, no hay nada que temer, vamos muy bien porque estamos cumpliendo al pueblo y el pueblo nos est\u00e1 apoyando, nos est\u00e1 respaldando\u201d. \u00bfSer\u00e1?<\/p>\n<p style=\"text-align: center;\"><strong>MUNICIONES<\/strong><\/p>\n<p>*** Un vez que el PAN perdi\u00f3 uno de sus principales bastiones justo a las doce de la noche del pasado viernes, con la llegada ni m\u00e1s ni menos que del flamante gobernador morenista de Baja California, <strong>Jaime Bonilla Vald\u00e9z<\/strong>, los cuestionamientos, y duros, se fueron sobre la titular de la Segob, Olga S\u00e1nchez Cordero por haber celebrado que \u201cperviviera\u201d la Ley Bonilla par que su gesti\u00f3n sea de cinco a\u00f1os y no dos y brindarle manifiesto respaldo. Bueno, pues los senadores de Acci\u00f3n Nacional que coordina <strong>Mauricio Kuri<\/strong>, cuestion\u00f3 el doble discurso de la secretaria de Gobernaci\u00f3n, \u201cquien en s\u00f3lo 36 d\u00edas cambi\u00f3 de opini\u00f3n respecto a la ilegal aplicaci\u00f3n del mandato de Jaime Bonilla en Baja California\u201d. \u201cEl doble discurso de @M_OlgaSCordero sobre la #LeyBonilla: Primero dijo que era inconstitucional, ahora dice que es legal. Con cu\u00e1nto cinismo destruye Morena la democracia para buscar la reelecci\u00f3n.\u201d, escribieron los legisladores panistas en la red social.<\/p>\n<p>*** Sin duda la informaci\u00f3n apresurada y equivocada puede traer da\u00f1os colaterales. Con gran bombo y platillo la Fiscal\u00eda General de la Rep\u00fablica, \u00a0anunci\u00f3 que ya localiz\u00f3 a las empresas de aeron\u00e1utica de <strong>Carlos Romero Deschamps<\/strong> y familiares cercanos y se presenta la lista de los mismos. Derivado de ellos la empresa <strong>Odis Asversa<\/strong>, que es una de las mencionadas, ya ha perdido clientes, lo cual estar\u00eda bien si en verdad fuera propiedad del l\u00edder petrolero, pero \u00e9ste no es el caso seg\u00fan nos indica el due\u00f1o de la misma, <strong>Fabi\u00e1n Y\u00e1\u00f1ez<\/strong> Carbajo, quien no tiene la menor idea de por qu\u00e9 se les relacion\u00f3 con Romero Deschamps. Y\u00e1\u00f1ez Carbajo, est\u00e1 ya tomando las medidas legales y necesarias para desmentir esta falas informaci\u00f3n y evitar as\u00ed que otros clientes terminen la relaci\u00f3n laboral con su empresa\u00a0 Odis Asversa.<\/p>\n<p>*** El lunes pasado, el Instituto Federal de Especialistas en Concursos Mercantiles, removi\u00f3 como s\u00edndico de la quiebra de Oro Negro a <strong>Fernando P\u00e9rez-Correa Camarena<\/strong>, pues \u00e9ste dej\u00f3 de ser neutral e imparcial sirviendo a los intereses de la comerciante e incluso a los suyos propios, pretendiendo hacer de la quiebra su negocio personal en perjuicio de la masa concursal. De esta manera, el otrora s\u00edndico de Oro Negro se dio a la tarea de favorecer a su propia firma de abogados Solcargo, a determinados acreedores no reconocidos, as\u00ed como a\u00a0 los anteriores administradores <strong>Gonzalo Gil White<\/strong> y otros que, por cierto, tienen orden de aprehensi\u00f3n por haber presuntamente administrado fraudulentamente recursos del negocio Oro Negro. La gota que derram\u00f3 el vaso fue haber manifestado al fiscal encargado de la investigaci\u00f3n de los hechos il\u00edcitos que no hab\u00eda delito que perseguir y que por tanto se levantara el aseguramiento de las cuentas bancarias, en una clara labor de defender los intereses de los imputados en lugar de los de la masa concursal. Con dichas conductas, la Junta Directiva del IFECOM que dirige <strong>Edgar Bonilla<\/strong>, decidi\u00f3 sustituir a Fernando P\u00e9rez-Correa como s\u00edndico y, en su lugar, designar a <strong>Gerardo Sierra Arrazola<\/strong>, quien seguramente no ser\u00e1 el s\u00edndico en el asunto ya que est\u00e1 claramente impedido para llevar a cabo las labores de s\u00edndico al haber sido formalmente contratado por el despacho Guerra y Asociados para fungir como perito en contabilidad por parte de Perforadora Oro Negro, es decir, en t\u00e9rminos de la Ley de Concursos Mercantil se actualiza su impedimento.<\/p>\n<p><a href=\"mailto:morcora@gmail.com\" target=\"_blank\" rel=\"noopener noreferrer\"><em>morcora@gmail.com<\/em><\/a><\/p>\n","protected":false},"excerpt":{"rendered":"<p><span style=\"color: #005497;\"><strong>Adriana Moreno Cordero<\/strong><\/span><\/p>\n","protected":false},"author":3,"featured_media":0,"comment_status":"open","ping_status":"open","sticky":false,"template":"","format":"standard","meta":{"_monsterinsights_skip_tracking":false,"_monsterinsights_sitenote_active":false,"_monsterinsights_sitenote_note":"","_monsterinsights_sitenote_category":0,"footnotes":""},"categories":[69370],"tags":[69369,69368,43674],"class_list":["post-448878","post","type-post","status-publish","format-standard","hentry","category-adriana-moreno-cordero","tag-adriana-moreno-cordero","tag-la-retaguardia","tag-opinion"],"_links":{"self":[{"href":"https:\/\/www.diarioimagen.net\/index.php?rest_route=\/wp\/v2\/posts\/448878","targetHints":{"allow":["GET"]}}],"collection":[{"href":"https:\/\/www.diarioimagen.net\/index.php?rest_route=\/wp\/v2\/posts"}],"about":[{"href":"https:\/\/www.diarioimagen.net\/index.php?rest_route=\/wp\/v2\/types\/post"}],"author":[{"embeddable":true,"href":"https:\/\/www.diarioimagen.net\/index.php?rest_route=\/wp\/v2\/users\/3"}],"replies":[{"embeddable":true,"href":"https:\/\/www.diarioimagen.net\/index.php?rest_route=%2Fwp%2Fv2%2Fcomments&post=448878"}],"version-history":[{"count":0,"href":"https:\/\/www.diarioimagen.net\/index.php?rest_route=\/wp\/v2\/posts\/448878\/revisions"}],"wp:attachment":[{"href":"https:\/\/www.diarioimagen.net\/index.php?rest_route=%2Fwp%2Fv2%2Fmedia&parent=448878"}],"wp:term":[{"taxonomy":"category","embeddable":true,"href":"https:\/\/www.diarioimagen.net\/index.php?rest_route=%2Fwp%2Fv2%2Fcategories&post=448878"},{"taxonomy":"post_tag","embeddable":true,"href":"https:\/\/www.diarioimagen.net\/index.php?rest_route=%2Fwp%2Fv2%2Ftags&post=448878"}],"curies":[{"name":"wp","href":"https:\/\/api.w.org\/{rel}","templated":true}]}}