{"id":448884,"date":"2019-11-04T00:05:38","date_gmt":"2019-11-04T06:05:38","guid":{"rendered":"https:\/\/www.diarioimagen.net\/?p=448884"},"modified":"2019-11-04T03:14:10","modified_gmt":"2019-11-04T09:14:10","slug":"general-gaytan-y-el-golpe-de-estado","status":"publish","type":"post","link":"https:\/\/www.diarioimagen.net\/?p=448884","title":{"rendered":"General Gayt\u00e1n y el golpe de Estado"},"content":{"rendered":"<h2>Desde el portal<\/h2>\n<h5>\u00c1ngel Soriano<\/h5>\n<p>&nbsp;<\/p>\n<p>En las instalaciones de la Sedena y presidida la reuni\u00f3n\u00a0 por el general secretario Luis Crescencio Sandoval, el general Carlos Gayt\u00e1n Ochoa dijo interpretar el consenso de los mandos convocados y advirti\u00f3 que sus palabras hab\u00edan sido pensadas detenidamente dada la responsabilidad que asum\u00eda en estos momentos cr\u00edticos en el pa\u00eds, de tal manera que sostuvo: estamos en desacuerdo con la conducci\u00f3n actual del pa\u00eds.<\/p>\n<p>Como respuesta, el presidente Andr\u00e9s Manuel L\u00f3pez Obrador se\u00f1al\u00f3 a Gayt\u00e1n como partidario de la pol\u00edtica de exterminio que se practic\u00f3 durante el gobierno del Presidente Felipe Calder\u00f3n, al que sirvi\u00f3 como subsecretario de la Defensa y lo ubic\u00f3 entre los conservadores partidarios de la violencia y de la guerra, del combate a la violencia con la violencia, cuyos resultados convirtieron al pa\u00eds en cementerio y no resolvieron nada.<\/p>\n<p>Gayt\u00e1n tambi\u00e9n hizo una revelaci\u00f3n: desde lo institucional el alto mando combate a los halcones que, de triunfar, llevar\u00edan al pa\u00eds al caos y a un Estado fallido. Cuando el ex subsecretario de la Defensa y jefe militar en diversas regiones del pa\u00eds se refiere al \u201calto mando\u201d, evidentemente se\u00f1ala al titular de la Sedena, aunque podr\u00eda decirse que el presidente de M\u00e9xico, como comandante supremo de las Fuerzas Armadas tambi\u00e9n puede ser el alto mando. Qui\u00e9n o quienes halconean a nuestros altos mandos?.<\/p>\n<p>Desde Palenque, instalado en su rancho La Chingada de Chiapas, con motivo del D\u00eda de Muertos, el tabasque\u00f1o refiri\u00f3 que nos tiempos no son propicios para un golpe de Estado y que si bien se consum\u00f3 con Madero que no tuvo cuidado o las circunstancias no se lo permitieron de tener una amplia base social, \u00e9l si la tiene e impedir\u00e1n cualquier intentona de resucitar a un Huerta o un Pichochet. Gayt\u00e1n, que pronunci\u00f3 pol\u00e9mico discurso ante los altos mandos castrenses, es ya vinculado con actividades il\u00edcitas.<\/p>\n<p style=\"text-align: center;\"><strong>TURBULENCIAS<br \/>\n<\/strong><strong>Vamos bien, regresamos <\/strong><strong>a Palacio: AMLO<\/strong><\/p>\n<p>\u00a0Luego de pasar el D\u00eda de Muertos en su finca, el presidente Andr\u00e9s Manuel L\u00f3pez Obrador dijo:\u00a0 nos sirvi\u00f3 para descansar, para reflexionar, sobre lo que est\u00e1 sucediendo en el pa\u00eds. Creo que vamos bien, ese es mi balance, no hay nada que temer, porque estamos cumpli\u00e9ndole al pueblo y nos est\u00e1 respaldando. Ya vamos a la capital de la Rep\u00fablica, a Palacio Nacional, a ese lugar de tragedias y de grandezas; desde ah\u00ed se han llevado a cabo transformaciones muy importantes para la vida p\u00fablica de M\u00e9xico; por eso es un timbre de orgullo vivir en el Palacio Nacional, donde vivi\u00f3 el mejor Presidente de M\u00e9xico, Benito Ju\u00e1rez Garc\u00eda\u2026La Red Latinoamericana de Egresados de Protecci\u00f3n inicia este lunes su 4o Congreso Camino a la Autonom\u00eda de la Red Latinoamericana de Egresados de Protecci\u00f3n, que inaugurar\u00e1 la presidenta de la Comisi\u00f3n de Derechos Humanos de la CDMX, Nashieli Ram\u00edrez Hern\u00e1ndez y en el que participar\u00e1n representantes de M\u00e9xico, Per\u00fa, Argentina Colombia, Brasil, Bolivia, Chile, Estados Unidos, Espa\u00f1a y Holanda. El Congreso concluir\u00e1 ma\u00f1ana\u2026La Secretar\u00eda de Salud Federal otorg\u00f3 el reconocimiento al Mayor Esfuerzo por el programa de Prevenci\u00f3n y Atenci\u00f3n a la Diabetes Mellitus de los Servicios de Salud de Oaxaca inform\u00f3 el director de Prevenci\u00f3n y Promoci\u00f3n a la Salud, de los SSO, Jos\u00e9 Ram\u00f3n Pintor Sill quien dijo que esta presea se obtuvo por lograr un importante incremento en las detecciones de casos de este padecimiento, as\u00ed como que las y los pacientes que est\u00e1n en tratamiento, en m\u00e1s del 60% se logr\u00f3 el control metab\u00f3lico, cifras menores de 130 miligramos por decilitro (mg\/dl) de glucosa en ayunas, y haber proporcionado en tiempo y forma la insulina necesaria a los pacientes que la requieren; se premi\u00f3 a los tres primeros lugares en los 32 programas evaluando 284 indicadores del ejercicio 2018\u2026<\/p>\n<p><a href=\"mailto:asorianocarrasco@yahoo.com\" target=\"_blank\" rel=\"noopener noreferrer\"><em>asorianocarrasco@yahoo.com<\/em><\/a><br \/>\n<em><a href=\"https:\/\/twitter.com\/brecharevista\" target=\"_blank\" rel=\"noopener noreferrer\">@BrechaRevista<\/a><a href=\"mailto:asorianocarrasco@yahoo.com\" target=\"_blank\" rel=\"noopener noreferrer\"><br \/>\n<\/a><a href=\"https:\/\/revistabrecha.com\" target=\"_blank\" rel=\"noopener noreferrer\">www.revistabrecha.com<\/a><\/em><\/p>\n","protected":false},"excerpt":{"rendered":"<p><span style=\"color: #005497;\"><strong>\u00c1ngel Soriano<\/strong><\/span><\/p>\n","protected":false},"author":3,"featured_media":0,"comment_status":"open","ping_status":"open","sticky":false,"template":"","format":"standard","meta":{"_monsterinsights_skip_tracking":false,"_monsterinsights_sitenote_active":false,"_monsterinsights_sitenote_note":"","_monsterinsights_sitenote_category":0,"footnotes":""},"categories":[135],"tags":[85,86,43674],"class_list":["post-448884","post","type-post","status-publish","format-standard","hentry","category-angel-soriano-opinion","tag-angel-soriano","tag-desde-el-portal","tag-opinion"],"_links":{"self":[{"href":"https:\/\/www.diarioimagen.net\/index.php?rest_route=\/wp\/v2\/posts\/448884","targetHints":{"allow":["GET"]}}],"collection":[{"href":"https:\/\/www.diarioimagen.net\/index.php?rest_route=\/wp\/v2\/posts"}],"about":[{"href":"https:\/\/www.diarioimagen.net\/index.php?rest_route=\/wp\/v2\/types\/post"}],"author":[{"embeddable":true,"href":"https:\/\/www.diarioimagen.net\/index.php?rest_route=\/wp\/v2\/users\/3"}],"replies":[{"embeddable":true,"href":"https:\/\/www.diarioimagen.net\/index.php?rest_route=%2Fwp%2Fv2%2Fcomments&post=448884"}],"version-history":[{"count":0,"href":"https:\/\/www.diarioimagen.net\/index.php?rest_route=\/wp\/v2\/posts\/448884\/revisions"}],"wp:attachment":[{"href":"https:\/\/www.diarioimagen.net\/index.php?rest_route=%2Fwp%2Fv2%2Fmedia&parent=448884"}],"wp:term":[{"taxonomy":"category","embeddable":true,"href":"https:\/\/www.diarioimagen.net\/index.php?rest_route=%2Fwp%2Fv2%2Fcategories&post=448884"},{"taxonomy":"post_tag","embeddable":true,"href":"https:\/\/www.diarioimagen.net\/index.php?rest_route=%2Fwp%2Fv2%2Ftags&post=448884"}],"curies":[{"name":"wp","href":"https:\/\/api.w.org\/{rel}","templated":true}]}}