{"id":448891,"date":"2019-11-04T00:03:23","date_gmt":"2019-11-04T06:03:23","guid":{"rendered":"https:\/\/www.diarioimagen.net\/?p=448891"},"modified":"2019-11-06T01:46:04","modified_gmt":"2019-11-06T07:46:04","slug":"la-mentira","status":"publish","type":"post","link":"https:\/\/www.diarioimagen.net\/?p=448891","title":{"rendered":"La mentira"},"content":{"rendered":"<h2>Perfiles de M\u00e9xico<\/h2>\n<h5>Armando R\u00edos Ruiz<\/h5>\n<p>&nbsp;<\/p>\n<p>Dicen que para ser mentiroso, hay que tener excelente memoria. Tambi\u00e9n dicen que la mendacidad es una enfermedad que dura para siempre. Se vuelve costumbre y luego se miente hasta sin intenci\u00f3n.<\/p>\n<p>Hay quienes llevan una contabilidad meticulosa de las conferencias matutinas, en las que, aseguran, se dicen muchas mentiras. Un d\u00eda se afirma alguna situaci\u00f3n y al siguiente se comenta al rev\u00e9s de lo mismo y a\u00fan m\u00e1s: al que sigue, las dos versiones anteriores quedan descalificadas y se habla de algo nuevo, que no est\u00e1 en la mente de nadie.<\/p>\n<p>Lo que ocurri\u00f3 el 17 del mes pasado en Culiac\u00e1n, cuando atraparon a Ovidio Guzm\u00e1n L\u00f3pez, hijo del Joaqu\u00edn \u201cEl Chapo\u201d y luego lo soltaron \u201cpara evitar muertes innecesarias\u201d, se convirti\u00f3 en una mara\u00f1a de exposiciones. El gobierno parece empecinado en encontrar una que\u00a0 cuaje, que convenza de golpe.<\/p>\n<p>En esa insistencia se atropella todo lo que ha tenido que ver con el asunto, incluida la Prensa, que \u201cya ense\u00f1\u00f3 el cobre\u201d, por hablar de lo acontecido, precisamente en momentos en que no exist\u00eda ninguna informaci\u00f3n emitida por la autoridad.<\/p>\n<p>Es cierto que no hay periodista que no busque la de ocho. Pero tambi\u00e9n lo es que antes que eso, existe la premisa principal que se convierte en preocupaci\u00f3n por informar con la mayor veracidad posible.<\/p>\n<p>Si la nota es la de ocho o no, lo decidir\u00e1 el director. Si la misma autoridad no comunica con absoluta veracidad, sin titubeos, entonces deja el campo abierto a la imaginaci\u00f3n razonada con l\u00f3gica.<\/p>\n<p>Despu\u00e9s de la versi\u00f3n primaria de los hechos, surgieron otras, de diferentes funcionarios\u00a0 y muchas incoherencias, al grado de que lo \u00fanico que se logr\u00f3 fue confundir m\u00e1s a la sociedad pendiente, que ha acabado por ya no creer, por m\u00e1s que se asegura que lo que se dijo se entendi\u00f3 mal y que ha creado su propia ex\u00e9gesis, guiada por sus razonamientos.<\/p>\n<p>La matutina del fin de semana puso un nuevo ingrediente al guiso. Se pidi\u00f3 al general Luis Crescencio Sandoval, secretario de la Defensa, decir el nombre del responsable de\u00a0 operativo fallido.<\/p>\n<p>No tuvo empacho en mencionar al director del Grupo de An\u00e1lisis de Informaci\u00f3n del Narcotr\u00e1fico, de la Sedena.<\/p>\n<p>Aunque no se necesita mucho conocimiento para condenar la acci\u00f3n, los expertos en el tema, los medios y otras personas se\u00f1alaron el inmenso riesgo en el que la revelaci\u00f3n coloca al militar y a su familia. Hay casos recientes similares.<\/p>\n<p>Primero, el Presidente L\u00f3pez Obrador dijo que no recibir\u00e1 protecci\u00f3n especial. \u201cSomos servidores y todos corremos un riesgo\u201d. Mentira. Hay quienes tienen siempre todo un aparato de seguridad que cuida hasta sus sue\u00f1os y hay quienes no cuentan ni con la protecci\u00f3n del cielo.<\/p>\n<p>Despu\u00e9s hubo un intento por rescatarlo, al decir que se entendi\u00f3 mal, pues el funcionario se\u00f1alado no estuvo en el operativo. Es el encargado del grupo de an\u00e1lisis del combate contra el narcotr\u00e1fico, pero ese d\u00eda permaneci\u00f3 en la ciudad de M\u00e9xico.<\/p>\n<p>Los expertos manifestaron que no existe militar que act\u00fae por cuenta propia. Menos en un caso tan delicado por riesgoso, como el de Culiac\u00e1n. Por m\u00ednimo que sea el asunto, debe ordenarlo un superior.<\/p>\n<p>Un soldado del rango que sea, no puede dirigirse por ning\u00fan concepto a\u00a0 un superior. En los medios castrenses se dice \u201ccorrer conductos\u201d. El de grado inferior debe comunicar al jefe inmediato y este al que sigue, hasta llegar al m\u00e1ximo jefe, de acuerdo con la gravedad del caso.<\/p>\n<p>Echar la culpa a cualquier funcionario, en temas como el que comentamos, es, efectivamente, poner su vida y la de sus familiares, en inminente peligro.<\/p>\n<p><a href=\"mailto:ariosruiz@gmail.com\" target=\"_blank\" rel=\"noopener noreferrer\"><em>ariosruiz@gmail.com<\/em><\/a><\/p>\n","protected":false},"excerpt":{"rendered":"<p><span style=\"color: #005497;\"><strong>Armando R\u00edos Ruiz<\/strong><\/span><\/p>\n","protected":false},"author":3,"featured_media":0,"comment_status":"open","ping_status":"open","sticky":false,"template":"","format":"standard","meta":{"_monsterinsights_skip_tracking":false,"_monsterinsights_sitenote_active":false,"_monsterinsights_sitenote_note":"","_monsterinsights_sitenote_category":0,"footnotes":""},"categories":[88405],"tags":[88407,43674,88406],"class_list":["post-448891","post","type-post","status-publish","format-standard","hentry","category-armando-rios-ruiz","tag-armando-rios-ruiz","tag-opinion","tag-perfiles-de-mexico"],"_links":{"self":[{"href":"https:\/\/www.diarioimagen.net\/index.php?rest_route=\/wp\/v2\/posts\/448891","targetHints":{"allow":["GET"]}}],"collection":[{"href":"https:\/\/www.diarioimagen.net\/index.php?rest_route=\/wp\/v2\/posts"}],"about":[{"href":"https:\/\/www.diarioimagen.net\/index.php?rest_route=\/wp\/v2\/types\/post"}],"author":[{"embeddable":true,"href":"https:\/\/www.diarioimagen.net\/index.php?rest_route=\/wp\/v2\/users\/3"}],"replies":[{"embeddable":true,"href":"https:\/\/www.diarioimagen.net\/index.php?rest_route=%2Fwp%2Fv2%2Fcomments&post=448891"}],"version-history":[{"count":0,"href":"https:\/\/www.diarioimagen.net\/index.php?rest_route=\/wp\/v2\/posts\/448891\/revisions"}],"wp:attachment":[{"href":"https:\/\/www.diarioimagen.net\/index.php?rest_route=%2Fwp%2Fv2%2Fmedia&parent=448891"}],"wp:term":[{"taxonomy":"category","embeddable":true,"href":"https:\/\/www.diarioimagen.net\/index.php?rest_route=%2Fwp%2Fv2%2Fcategories&post=448891"},{"taxonomy":"post_tag","embeddable":true,"href":"https:\/\/www.diarioimagen.net\/index.php?rest_route=%2Fwp%2Fv2%2Ftags&post=448891"}],"curies":[{"name":"wp","href":"https:\/\/api.w.org\/{rel}","templated":true}]}}