{"id":448894,"date":"2019-11-04T00:04:06","date_gmt":"2019-11-04T06:04:06","guid":{"rendered":"https:\/\/www.diarioimagen.net\/?p=448894"},"modified":"2019-11-04T03:17:36","modified_gmt":"2019-11-04T09:17:36","slug":"crimenes-sin-castigo-2","status":"publish","type":"post","link":"https:\/\/www.diarioimagen.net\/?p=448894","title":{"rendered":"Cr\u00edmenes sin castigo"},"content":{"rendered":"<h2>Punto por punto<\/h2>\n<h5>Augusto Corro<\/h5>\n<p>&nbsp;<\/p>\n<p>Los periodistas viven sin el amparo de la justicia. Nunca es tarde para exigir castigo a los asesinos de los comunicadores.<\/p>\n<p>La Comisi\u00f3n Nacional de los Derechos Humanos (CNDH) hizo un \u201cen\u00e9rgico llamado\u201d a las autoridades para que resuelvan los casos de cr\u00edmenes contra los profesionales de la informaci\u00f3n, que permanecen en la impunidad. Incluidos, claro, los 13 homicidios ocurridos en los \u00faltimos once meses.<\/p>\n<p>Varias son las razones por las cuales los criminales no son castigados; entre estas se encuentran la falta de indagaciones prontas, diligentes profesionales y eficaces que deben realizar las procuradur\u00edas y fiscal\u00edas del pa\u00eds, \u201cque no han tomado en cuenta como l\u00ednea de investigaci\u00f3n el ejercicio period\u00edstico de las v\u00edctimas\u201d.<\/p>\n<p>Con motivo del D\u00eda Internacional para Poner Fin a la Impunidad de los Cr\u00edmenes contra Periodistas \u2013que se conmemora el 2 de noviembre-, la CNDH advirti\u00f3 de la impunidad lacerante en el 90 por ciento en los casos de asesinatos contra periodistas.<\/p>\n<p>De acuerdo con las cifras de la citada comisi\u00f3n, desde el a\u00f1o 2000 se cometieron 153 homicidios de comunicadores (16 eran mujeres) 21 m\u00e1s se encuentran desaparecidos desde 2005 y adem\u00e1s se perpetraron 53 atentados contra instalaciones de medios de comunicaci\u00f3n dese 2006.<\/p>\n<p>Los estados con mayor n\u00famero de\u00a0 homicidios contra periodistas son Veracruz, con 23 casos; Guerrero, 17; Tamaulipas y Oaxaca, 16 cada uno; y Chihuahua, 14.<\/p>\n<p>Con esos datos sobre las agresiones a los profesionales de la informaci\u00f3n, M\u00e9xico es ubicado como uno de los pa\u00edses m\u00e1s peligrosos para ejercer el periodismo.<\/p>\n<p>La delincuencia organizada y los caciques pol\u00edticos desde hace varios sexenios deciden sobre la vida de los periodistas. En algunas regiones de nuestro pa\u00eds, los medios de comunicaci\u00f3n dejaron de funcionar ante las amenazas de los aprendices de dictadorzuelos y por los narcotraficantes.<\/p>\n<p>El \u201cen\u00e9rgico llamado\u201d de la CNDH es una exhortaci\u00f3n demag\u00f3gica que obedece m\u00e1s a intereses pol\u00edticos. Adem\u00e1s de que nadie la toma en cuenta, sus pronunciamientos a favor de los periodistas, cada vez que un reportero es agredido, son d\u00e9biles, apenas si se escuchan. Sus exigencias de justicia apenas si se notan.<\/p>\n<p style=\"text-align: center;\"><strong>Los cr\u00edmenes contra periodistas <\/strong><\/p>\n<p>En M\u00e9xico y en el mundo, los comunicadores son v\u00edctimas de agresores que siempre se burlan de la ley.<\/p>\n<p>La impunidad es el eje principal de las acciones contra los profesionales de la informaci\u00f3n.<\/p>\n<p>Casi el 90 por ciento de los responsables de la muerte de 1109 reporteros en todo el mundo, entre 2006 y 2018, no han sido condenados.<\/p>\n<p>La UNESCO comunic\u00f3 la anterior con motivo del D\u00eda Internacional para Poner Fin a la Impunidad de los Cr\u00edmenes contra los Periodistas.<\/p>\n<p>Ese organismo internacional demand\u00f3 que se haga justicia porque \u201cel fin de la vida de un periodista nunca debe ser el fin de la b\u00fasqueda de la verdad\u201d.<\/p>\n<p>Se\u00f1al\u00f3 que la regi\u00f3n de los pa\u00edses \u00e1rabes es la m\u00e1s mort\u00edfera para los representantes de los medios. Le sigue Latinoam\u00e9rica, el Caribe y Asia. Los asesinatos se incrementaron en 18 por ciento.<\/p>\n<p>Al referirse al tema, el secretario general de la ONU, Antonio Guterres, expres\u00f3 que cuando se ataca a los periodistas, toda la sociedad paga el precio y a\u00f1adi\u00f3:<\/p>\n<p>\u201cSi no podemos protegerlos, nuestra, nuestra capacidad para mantenernos informados y contribuir a la adopci\u00f3n de decisiones se ve gravemente obstaculizada. Si los periodistas no pueden hacer su trabajo en condiciones de seguridad, nos enfrentamos a la perspectiva de un mundo de confusi\u00f3n y desinformaci\u00f3n\u201d.<\/p>\n<p>Sin dudas se trat\u00f3 de palabras, de un discurso m\u00e1s, que se llev\u00f3 el viento. Ser\u00eda interesante conocer cu\u00e1ntos criminales, entre narcos y caciques, se enteraron del \u201cen\u00e9rgico llamado\u201d de la UNESCO. \u00bfUsted qu\u00e9 opina amable lector?<\/p>\n<p><span class=\"Apple-converted-space\"><em><u><a href=\"mailto:aco2742@hotmail.com\" target=\"_blank\" rel=\"noopener noreferrer\">aco2742@hotmail.com<\/a><\/u><\/em><\/span><\/p>\n","protected":false},"excerpt":{"rendered":"<p><span style=\"color: #005497;\"><strong>Augusto Corro<\/strong><\/span><\/p>\n","protected":false},"author":3,"featured_media":0,"comment_status":"open","ping_status":"open","sticky":false,"template":"","format":"standard","meta":{"_monsterinsights_skip_tracking":false,"_monsterinsights_sitenote_active":false,"_monsterinsights_sitenote_note":"","_monsterinsights_sitenote_category":0,"footnotes":""},"categories":[157],"tags":[43686,43674,11515],"class_list":["post-448894","post","type-post","status-publish","format-standard","hentry","category-augusto-corro","tag-augusto-corro","tag-opinion","tag-punto-por-punto"],"_links":{"self":[{"href":"https:\/\/www.diarioimagen.net\/index.php?rest_route=\/wp\/v2\/posts\/448894","targetHints":{"allow":["GET"]}}],"collection":[{"href":"https:\/\/www.diarioimagen.net\/index.php?rest_route=\/wp\/v2\/posts"}],"about":[{"href":"https:\/\/www.diarioimagen.net\/index.php?rest_route=\/wp\/v2\/types\/post"}],"author":[{"embeddable":true,"href":"https:\/\/www.diarioimagen.net\/index.php?rest_route=\/wp\/v2\/users\/3"}],"replies":[{"embeddable":true,"href":"https:\/\/www.diarioimagen.net\/index.php?rest_route=%2Fwp%2Fv2%2Fcomments&post=448894"}],"version-history":[{"count":0,"href":"https:\/\/www.diarioimagen.net\/index.php?rest_route=\/wp\/v2\/posts\/448894\/revisions"}],"wp:attachment":[{"href":"https:\/\/www.diarioimagen.net\/index.php?rest_route=%2Fwp%2Fv2%2Fmedia&parent=448894"}],"wp:term":[{"taxonomy":"category","embeddable":true,"href":"https:\/\/www.diarioimagen.net\/index.php?rest_route=%2Fwp%2Fv2%2Fcategories&post=448894"},{"taxonomy":"post_tag","embeddable":true,"href":"https:\/\/www.diarioimagen.net\/index.php?rest_route=%2Fwp%2Fv2%2Ftags&post=448894"}],"curies":[{"name":"wp","href":"https:\/\/api.w.org\/{rel}","templated":true}]}}