{"id":448899,"date":"2019-11-04T00:03:14","date_gmt":"2019-11-04T06:03:14","guid":{"rendered":"https:\/\/www.diarioimagen.net\/?p=448899"},"modified":"2019-11-04T03:20:55","modified_gmt":"2019-11-04T09:20:55","slug":"golpe-de-estado-vil-distractor","status":"publish","type":"post","link":"https:\/\/www.diarioimagen.net\/?p=448899","title":{"rendered":"\u00bfGolpe de Estado?, vil distractor"},"content":{"rendered":"<h2>Espacio Electoral<\/h2>\n<h5>Eleazar Flores<\/h5>\n<p>&nbsp;<\/p>\n<p><strong>Sacar Culiac\u00e1n<\/strong>-. La inducci\u00f3n presidencial para sacar de los medios el tema Culiac\u00e1n la inici\u00f3 el propio mandatario al subir a la palestra medi\u00e1tica un posible \u201cgolpe\u00a0 de estado\u201d adjudicado a militares retirados o ligados a administraciones anteriores, como el general Gayt\u00e1n.<\/p>\n<p>Para el tabasque\u00f1o y sus asesores medi\u00e1ticos o simplemente simpatizantes de su estilo personal de gobernar, de entre los que destacan un columnista y un productor televisivo del Ajusco, fue oro molido lo dicho por el general Carlos Demetrio Gayt\u00e1n Ochoa la semana pasada.<\/p>\n<p>Entre muchas cosas el militar dijo en un desayuno con sus colegas que \u201cNos sentimos agraviados como mexicanos y ofendidos como soldados\u201d, refiri\u00e9ndose al papel de los m\u00edlites en el frustrado caso Culiac\u00e1n y sobre todo lo que se ha dicho d\u00edas despu\u00e9s, cambiando versiones de los elementos de la Sedena y los dichos del secretario de la Comisi\u00f3n Nacional de Seguridad Alfonso Durazo.<\/p>\n<p>El discurso del militar en cuesti\u00f3n fue m\u00e1s largo por lo que el entrecomillado es una m\u00ednima parte pero creo que sustancial, ahora que a Gayt\u00e1n no le cuestionan tanto su decir, sino el hecho de que haya sido un militar destacado en el sexenio del presidente Felipe Calder\u00f3n. Ese \u00e1ngulo lo explotan los amlovistas porque les conviene para su prop\u00f3sito posterior.<\/p>\n<p>Este prop\u00f3sito posterior es sacar de informaci\u00f3n general de peri\u00f3dicos, noticieros de las radiodifusoras e incluso de las televisoras el tema Culiac\u00e1n, por ser el que ha provocado m\u00e1s desgaste a las cuatro instituciones m\u00e1s importantes del pa\u00eds: Presidencia de la rep\u00fablica, y las Secretar\u00edas de la Defensa Nacional, de Marina y la de Seguridad Ciudadana de Durazo, de apellido.<\/p>\n<p>Esta ser\u00eda la tercera semana del caso Culiac\u00e1n en primeras planas pero ahora con el tema del \u201cgolpe de estado\u201d inventado por ya sabe qui\u00e9n, si acaso se seguir\u00e1 ocupando del tema la revista Proceso, fundada por don Julio Sherer Garc\u00eda, padre del hoy poderoso asesor jur\u00eddico de la\u00a0\u00a0\u00a0 Presidencia de la rep\u00fablica, Julio Sherer Ibarra.<\/p>\n<p>Sobran malosos que dicen que si Don Julio viviera, volver\u00eda a morir al saber los pasos del hijo.<\/p>\n<p>En ninguna cabeza de los militares de \u00e9lite ni en c\u00edrculo alguno de alto nivel de la milicia o la Marina Armada de M\u00e9xico cruza ni por equivocaci\u00f3n la idea de un golpe de estado, por lo que el hecho de que el presidente L\u00f3pez Obrador saque a la palestra los nombres de Hitler, Pinochet y dem\u00e1s golpistas, es s\u00f3lo para distraer al pueblo pero sobre todo a los medios. Ojal\u00e1 y los duchos reporteros de las ma\u00f1aneras aborden el tema con qui\u00e9n o qui\u00e9nes corresponde.<\/p>\n<p><a href=\"mailto:elefa44@gmail.com\" target=\"_blank\" rel=\"noopener noreferrer\"><em>elefa44@gmail.com<\/em><\/a><\/p>\n","protected":false},"excerpt":{"rendered":"<p><span style=\"color: #005497;\"><strong>Eleazar Flores<\/strong><\/span><\/p>\n","protected":false},"author":3,"featured_media":0,"comment_status":"open","ping_status":"open","sticky":false,"template":"","format":"standard","meta":{"_monsterinsights_skip_tracking":false,"_monsterinsights_sitenote_active":false,"_monsterinsights_sitenote_note":"","_monsterinsights_sitenote_category":0,"footnotes":""},"categories":[81743],"tags":[81744,81776,43674],"class_list":["post-448899","post","type-post","status-publish","format-standard","hentry","category-eleazar-flores","tag-eleazar-flores","tag-espacio-electoral","tag-opinion"],"_links":{"self":[{"href":"https:\/\/www.diarioimagen.net\/index.php?rest_route=\/wp\/v2\/posts\/448899","targetHints":{"allow":["GET"]}}],"collection":[{"href":"https:\/\/www.diarioimagen.net\/index.php?rest_route=\/wp\/v2\/posts"}],"about":[{"href":"https:\/\/www.diarioimagen.net\/index.php?rest_route=\/wp\/v2\/types\/post"}],"author":[{"embeddable":true,"href":"https:\/\/www.diarioimagen.net\/index.php?rest_route=\/wp\/v2\/users\/3"}],"replies":[{"embeddable":true,"href":"https:\/\/www.diarioimagen.net\/index.php?rest_route=%2Fwp%2Fv2%2Fcomments&post=448899"}],"version-history":[{"count":0,"href":"https:\/\/www.diarioimagen.net\/index.php?rest_route=\/wp\/v2\/posts\/448899\/revisions"}],"wp:attachment":[{"href":"https:\/\/www.diarioimagen.net\/index.php?rest_route=%2Fwp%2Fv2%2Fmedia&parent=448899"}],"wp:term":[{"taxonomy":"category","embeddable":true,"href":"https:\/\/www.diarioimagen.net\/index.php?rest_route=%2Fwp%2Fv2%2Fcategories&post=448899"},{"taxonomy":"post_tag","embeddable":true,"href":"https:\/\/www.diarioimagen.net\/index.php?rest_route=%2Fwp%2Fv2%2Ftags&post=448899"}],"curies":[{"name":"wp","href":"https:\/\/api.w.org\/{rel}","templated":true}]}}