{"id":448957,"date":"2019-11-05T00:05:36","date_gmt":"2019-11-05T06:05:36","guid":{"rendered":"https:\/\/www.diarioimagen.net\/?p=448957"},"modified":"2019-11-05T07:57:14","modified_gmt":"2019-11-05T13:57:14","slug":"pension-de-adultos-mayores-aumentara-conforme-a-inflacion","status":"publish","type":"post","link":"https:\/\/www.diarioimagen.net\/?p=448957","title":{"rendered":"Pensi\u00f3n de adultos mayores aumentar\u00e1 conforme a inflaci\u00f3n"},"content":{"rendered":"<ul>\n<li><em><strong>Revisi\u00f3n del sistema de pensiones, incluidas las Afores<\/strong><\/em><\/li>\n<\/ul>\n<p><strong>\u00a0<\/strong><\/p>\n<div id=\"attachment_448958\" style=\"width: 470px\" class=\"wp-caption aligncenter\"><img loading=\"lazy\" decoding=\"async\" aria-describedby=\"caption-attachment-448958\" class=\"size-large wp-image-448958\" src=\"https:\/\/www.diarioimagen.net\/wp-content\/uploads\/2019\/11\/PENSION5-PORTAL-460x268.jpg\" alt=\"\" width=\"460\" height=\"268\" srcset=\"https:\/\/www.diarioimagen.net\/wp-content\/uploads\/2019\/11\/PENSION5-PORTAL-460x268.jpg 460w, https:\/\/www.diarioimagen.net\/wp-content\/uploads\/2019\/11\/PENSION5-PORTAL-240x140.jpg 240w, https:\/\/www.diarioimagen.net\/wp-content\/uploads\/2019\/11\/PENSION5-PORTAL.jpg 480w\" sizes=\"auto, (max-width: 460px) 100vw, 460px\" \/><p id=\"caption-attachment-448958\" class=\"wp-caption-text\">Aumentar\u00e1 de acuerdo con la inflaci\u00f3n la pensi\u00f3n universal para adultos mayores, que este a\u00f1o fue de dos mil 550 pesos.<\/p><\/div>\n<p>&nbsp;<\/p>\n<p>La pensi\u00f3n universal para adultos mayores, que este a\u00f1o fue de dos mil 550 pesos, aumentar\u00e1 de acuerdo con la inflaci\u00f3n, anunci\u00f3 el presidente Andr\u00e9s Manuel L\u00f3pez Obrador.<\/p>\n<p>Respecto a la pensi\u00f3n de jubilados, expuso que se cuida este aspecto y que incluso hay una iniciativa en el Poder Legislativo para la revisi\u00f3n del sistema de pensiones, incluidas las Afores.<\/p>\n<p>Al respecto, en su conferencia de prensa, el mandatario federal refiri\u00f3 que los legisladores la estudian bien las Administradoras de Fondos para el Retiro (Afores) para que no perjudique a los trabajadores.<\/p>\n<p>Mencion\u00f3 que este a\u00f1o el salario ha aumentado m\u00e1s que en a\u00f1os anteriores, no s\u00f3lo el m\u00ednimo, sino en general, de acuerdo con datos de los inscritos en el Seguro Social, cuyo promedio de salario son m\u00e1s de 11 mil pesos mensuales.<\/p>\n<p>En este marco, L\u00f3pez Obrador resalt\u00f3 que ya se est\u00e1n creando m\u00e1s empleos y se calcula que en el pr\u00f3ximo corte, de finales de septiembre, habr\u00e1 m\u00e1s de 600 mil, generados en lo que va de 2019, sin tomar en cuenta los programas J\u00f3venes Construyendo el Futuro y Sembrando Vida.<\/p>\n","protected":false},"excerpt":{"rendered":"<p>La pensi\u00f3n universal para adultos mayores, que este a\u00f1o fue de dos mil 550 pesos, aumentar\u00e1 de acuerdo con la inflaci\u00f3n, anunci\u00f3 el presidente Andr\u00e9s Manuel L\u00f3pez Obrador. Respecto a la pensi\u00f3n de jubilados, expuso que se cuida este aspecto y que incluso hay una iniciativa en el Poder Legislativo para la revisi\u00f3n del sistema de pensiones, incluidas las Afores.<\/p>\n","protected":false},"author":5,"featured_media":448958,"comment_status":"open","ping_status":"open","sticky":false,"template":"","format":"standard","meta":{"_monsterinsights_skip_tracking":false,"_monsterinsights_sitenote_active":false,"_monsterinsights_sitenote_note":"","_monsterinsights_sitenote_category":0,"footnotes":""},"categories":[3],"tags":[30474,1352,88502,43673,88501],"class_list":["post-448957","post","type-post","status-publish","format-standard","has-post-thumbnail","hentry","category-nacional","tag-afores","tag-andres-manuel-lopez-obrador","tag-conforme-a-inflacion","tag-nacional","tag-pension-de-adultos-mayores"],"_links":{"self":[{"href":"https:\/\/www.diarioimagen.net\/index.php?rest_route=\/wp\/v2\/posts\/448957","targetHints":{"allow":["GET"]}}],"collection":[{"href":"https:\/\/www.diarioimagen.net\/index.php?rest_route=\/wp\/v2\/posts"}],"about":[{"href":"https:\/\/www.diarioimagen.net\/index.php?rest_route=\/wp\/v2\/types\/post"}],"author":[{"embeddable":true,"href":"https:\/\/www.diarioimagen.net\/index.php?rest_route=\/wp\/v2\/users\/5"}],"replies":[{"embeddable":true,"href":"https:\/\/www.diarioimagen.net\/index.php?rest_route=%2Fwp%2Fv2%2Fcomments&post=448957"}],"version-history":[{"count":0,"href":"https:\/\/www.diarioimagen.net\/index.php?rest_route=\/wp\/v2\/posts\/448957\/revisions"}],"wp:featuredmedia":[{"embeddable":true,"href":"https:\/\/www.diarioimagen.net\/index.php?rest_route=\/wp\/v2\/media\/448958"}],"wp:attachment":[{"href":"https:\/\/www.diarioimagen.net\/index.php?rest_route=%2Fwp%2Fv2%2Fmedia&parent=448957"}],"wp:term":[{"taxonomy":"category","embeddable":true,"href":"https:\/\/www.diarioimagen.net\/index.php?rest_route=%2Fwp%2Fv2%2Fcategories&post=448957"},{"taxonomy":"post_tag","embeddable":true,"href":"https:\/\/www.diarioimagen.net\/index.php?rest_route=%2Fwp%2Fv2%2Ftags&post=448957"}],"curies":[{"name":"wp","href":"https:\/\/api.w.org\/{rel}","templated":true}]}}