{"id":449025,"date":"2019-11-05T00:13:58","date_gmt":"2019-11-05T06:13:58","guid":{"rendered":"https:\/\/www.diarioimagen.net\/?p=449025"},"modified":"2019-11-06T00:08:20","modified_gmt":"2019-11-06T06:08:20","slug":"asociacion-mexicana-de-agencias-de-viajes-se-sumara-al-buen-fin","status":"publish","type":"post","link":"https:\/\/www.diarioimagen.net\/?p=449025","title":{"rendered":"Asociaci\u00f3n Mexicana de Agencias de Viajes se sumar\u00e1 al \u201cBuen Fin\u201d"},"content":{"rendered":"<h2>Derecho de r\u00e9plica<\/h2>\n<h5>Jos\u00e9 Luis Monta\u00f1ez<\/h5>\n<p>&nbsp;<\/p>\n<ul>\n<li><strong><em>M\u00e1s de mil 778 operadores tur\u00edsticos afiliados a nivel nacional se unen a la promoci\u00f3n<\/em><\/strong><\/li>\n<\/ul>\n<p>&nbsp;<\/p>\n<div id=\"attachment_449092\" style=\"width: 470px\" class=\"wp-caption aligncenter\"><a href=\"https:\/\/www.diarioimagen.net\/?attachment_id=449092\" rel=\"attachment wp-att-449092\"><img loading=\"lazy\" decoding=\"async\" aria-describedby=\"caption-attachment-449092\" class=\"size-large wp-image-449092\" src=\"https:\/\/www.diarioimagen.net\/wp-content\/uploads\/2019\/11\/derecho-2-460x259.jpg\" alt=\"\" width=\"460\" height=\"259\" srcset=\"https:\/\/www.diarioimagen.net\/wp-content\/uploads\/2019\/11\/derecho-2-460x259.jpg 460w, https:\/\/www.diarioimagen.net\/wp-content\/uploads\/2019\/11\/derecho-2-240x135.jpg 240w, https:\/\/www.diarioimagen.net\/wp-content\/uploads\/2019\/11\/derecho-2-235x132.jpg 235w, https:\/\/www.diarioimagen.net\/wp-content\/uploads\/2019\/11\/derecho-2-202x114.jpg 202w, https:\/\/www.diarioimagen.net\/wp-content\/uploads\/2019\/11\/derecho-2-350x196.jpg 350w, https:\/\/www.diarioimagen.net\/wp-content\/uploads\/2019\/11\/derecho-2-220x123.jpg 220w, https:\/\/www.diarioimagen.net\/wp-content\/uploads\/2019\/11\/derecho-2-237x132.jpg 237w, https:\/\/www.diarioimagen.net\/wp-content\/uploads\/2019\/11\/derecho-2.jpg 480w\" sizes=\"auto, (max-width: 460px) 100vw, 460px\" \/><\/a><p id=\"caption-attachment-449092\" class=\"wp-caption-text\">Agentes de viajes ofrecer\u00e1n descuentos y esquemas especiales de pago durante el llamado Buen Fin.<\/p><\/div>\n<p>&nbsp;<\/p>\n<p>El presidente de la AMAV, Eduardo Paniagua Morales, inform\u00f3 que en el marco del programa el Buen Fin 2019, la Asociaci\u00f3n Mexicana de Agencias de Viajes (AMAV) firm\u00f3 una carta compromiso de colaboraci\u00f3n con la Confederaci\u00f3n de C\u00e1maras Nacionales de Comercio, Servicios y Turismo (Concanaco-Servytur) para promover el evento.<\/p>\n<p>Detall\u00f3 que, con la firma de esta carta, m\u00e1s de mil 778 agentes de viajes afiliados a nivel nacional, se sumar\u00e1n a la promoci\u00f3n del programa, cuya edici\u00f3n 2019 se realizar\u00e1 del 15 al 18 de noviembre, fecha en la cual concluir\u00e1 la vigencia del acuerdo, que impulsar\u00e1 la venta de viajes con descuentos y esquemas especiales de pago.<\/p>\n<p>De acuerdo con la carta compromiso de colaboraci\u00f3n firmada, la AMAV se compromete a impulsar entre sus miembros afiliados el programa, a fin de lograr que las promociones y ofertas que ofrezcan en el programa se encuentren entre las mejores del a\u00f1o respecto a calidad y precio, en estricto apego a lo se\u00f1alado en las bases de colaboraci\u00f3n.<\/p>\n<p>El programa \u201cBuen Fin\u201d surge de una iniciativa de colaboraci\u00f3n p\u00fablico-privada para apoyar la econom\u00eda familiar, incentivar la actividad del mercado interno protegiendo al consumidor y acrecentar el comercio formal, as\u00ed como garantizar el respeto a los derechos del consumidor.<\/p>\n<p>M\u00e1s de mil 778 agentes de viajes ofrecer\u00e1n descuentos y esquemas especiales de pago durante el llamado \u201cBuen Fin\u201d, en donde los comercios ofrecer presuntos descuentos a los consumidores.<\/p>\n<p style=\"text-align: center;\"><strong>Desfalco millonario en Unidad Habitacional Militar Isla Mujeres II<\/strong><\/p>\n<p>La Auditor\u00eda Superior de la Federaci\u00f3n (ASF) encontr\u00f3 que la construcci\u00f3n de la Unidad Habitacional Militar Isla Mujeres II represent\u00f3 desfalcos financieros por 2 millones 218 mil 800 pesos, adem\u00e1s de agresiones al medio ambiente y violaciones a leyes y reglamentos, tanto federales como del municipio, por lo que emiti\u00f3 tres promociones de responsabilidad administrativa sancionatoria contra los funcionarios involucrados, dos recomendaciones a la instituci\u00f3n encargada de los trabajos y tres pliegos de observaciones.<\/p>\n<p>Lo anterior fue el resultado de la auditor\u00eda a los trabajos a cargo del Instituto de Seguridad Social para las Fuerzas Armadas Mexicanas (ISSFAM) para la construcci\u00f3n de vivienda en Quintana Roo. Obras que se realizaron en 2018, aun bajo la administraci\u00f3n de Enrique Pe\u00f1a Nieto, quien inaugur\u00f3 las instalaciones en octubre del mismo a\u00f1o.<\/p>\n<p>Aseguran que los desfalcos por casi 2 millones 219 mil pesos se generaron por dos tipos de \u201cpagos indebidos\u201d realizados por el ISSFAM durante el desarrollo de las obras. Se pagaron indebidamente recursos por 1 mill\u00f3n 811 mil 700 pesos por cuatro conceptos de obra que se consideraron en repetidas ocasiones. Otros 407 mil 100 pesos se pagaron de manera indebida porque se adquiri\u00f3 una mayor cantidad de acero a lo necesario.<\/p>\n<p style=\"text-align: center;\"><strong>\u201cDeficiente planeaci\u00f3n\u201d del proyecto<\/strong><\/p>\n<p>La ASF describi\u00f3 que fue una \u201cdeficiente planeaci\u00f3n\u201d del proyecto, por lo que se derivaron las irregularidades. Dado que se hicieron adecuaciones a la construcci\u00f3n y, por ello, se modificaron los costos y obras que antes hab\u00edan sido autorizadas. \u201cLos conceptos autorizados originalmente no correspondieron con los conceptos de obra ejecutados finalmente, debido a que se autoriz\u00f3 la ejecuci\u00f3n de conceptos extraordinarios, se incrementaron vol\u00famenes de obra, y disminuyeron y cancelaron cantidades de obra, tanto de origen como extraordinarios.\u201d, refiere la ASF.<\/p>\n<p>Lo mismo destacaron, que la licencia de construcci\u00f3n y el acta de entrega-recepci\u00f3n de los trabajos, adem\u00e1s del acta de finiquito de la obra se formalizaron de manera extempor\u00e1nea y se incumpli\u00f3 una condicionante de car\u00e1cter ambiental con la que fue aprobado el proyecto.<\/p>\n<p style=\"text-align: center;\"><strong>No implementaron el \u201cPrograma de Corredores Biol\u00f3gicos\u201d<\/strong><\/p>\n<p>La autorizaci\u00f3n para la construcci\u00f3n hab\u00eda sido otorgada por la Secretar\u00eda de Medio Ambiente y Recursos Naturales (Semarnat) bajo la condici\u00f3n de que se implementar\u00eda un \u201cPrograma de Corredores Biol\u00f3gicos para ser aplicado en el sistema ambiental regional\u201d, mismo que jam\u00e1s fue llevado a cabo. En tanto, que la unidad habitacional hace uso de un pozo de agua potable sin permiso de explotaci\u00f3n.<\/p>\n<p>De acuerdo con el examen de la ASF, la construcci\u00f3n de la unidad habitacional militar en la zona continental de Isla Mujeres, viol\u00f3 la Ley General del Equilibrio Ecol\u00f3gico y la Protecci\u00f3n al Ambiente en su art\u00edculo 30, p\u00e1rrafo tercero, y el Reglamento de la Ley Federal de Presupuesto y Responsabilidad Hacendaria, en su art\u00edculo 66, fracciones I y III.<\/p>\n<p>De la misma manera se dice que incumplieron un oficio resolutivo emitido por la Semarnat, adem\u00e1s de un convenio de colaboraci\u00f3n que hab\u00edan firmado la Secretar\u00eda de la Defensa Nacional (Sedena) y el ISSFAM, entre otras irregularidades.<\/p>\n<p>&nbsp;<\/p>\n<blockquote>\n<h1 style=\"text-align: center;\">Liberar\u00edan a casi mil 500 reos en<br \/>\nQuintana Roo con Ley de Amnist\u00eda<\/h1>\n<p>&nbsp;<\/p>\n<ul>\n<li><strong><em>Hasta octubre, las c\u00e1rceles del estado alojaban a 2 mil 894 reclusos<\/em><\/strong><\/li>\n<\/ul>\n<p>&nbsp;<\/p>\n<div id=\"attachment_163921\" style=\"width: 430px\" class=\"wp-caption aligncenter\"><a href=\"https:\/\/diarioimagenqroo.mx\/noticias\/?attachment_id=163921\" rel=\"attachment wp-att-163921\"><img loading=\"lazy\" decoding=\"async\" aria-describedby=\"caption-attachment-163921\" class=\"size-large wp-image-163921\" src=\"https:\/\/diarioimagenqroo.mx\/noticias\/wp-content\/uploads\/2019\/11\/carcel-420x236.jpg\" alt=\"\" width=\"420\" height=\"236\" \/><\/a><p id=\"caption-attachment-163921\" class=\"wp-caption-text\">De aprobarse la Ley de Amnist\u00eda en el pa\u00eds y seg\u00fan c\u00e1lculos de un jurista del estado, la mitad de los reos hoy presos en las c\u00e1rceles de Quintana Roo quedar\u00edan libres.<\/p><\/div>\n<p>&nbsp;<\/p>\n<p>De aprobarse la Ley de Amnist\u00eda en M\u00e9xico y seg\u00fan c\u00e1lculos de Alejandro Francisco de Jes\u00fas Betancourt P\u00e9rez, ex presidente del Colegio de Abogados Postulantes de Quintana Roo, la mitad de los reos hoy presos en las c\u00e1rceles del estado quedar\u00edan libres.<\/p>\n<p>De acuerdo con las estad\u00edsticas de la Secretar\u00eda Estatal de Seguridad P\u00fablica, al lunes 14 de octubre, las c\u00e1rceles alojaban a 2 mil 894 reos, por lo que casi mil quinientos ser\u00edan puestos en libertad, seg\u00fan el jurista.<\/p>\n<p>En contraparte, la Coordinadora Nacional Plan de Ayala Movimiento Nacional asegura que la inmensa mayor\u00eda de los delitos no pertenecen al \u00e1mbito federal, por tanto, la norma ser\u00eda pr\u00e1cticamente inaplicable a menos que las entidades se unan a la iniciativa. De los 2 mil 894 internos en prisiones del estado, 2 mil 579, pertenecen al fuero com\u00fan y s\u00f3lo 315, son del federal.<\/p>\n<p>De manera desglosada en el Centro de Reinserci\u00f3n Social (Cereso) de Canc\u00fan hay mil 311 reos, de los que 266 cometieron delitos federales y mil 45 del \u00e1mbito com\u00fan. En el Cereso de Chetumal hay mil 29 reos, 49 de competencia federal y 980 de jurisdicci\u00f3n local. En tanto, el de Cozumel alberga a 111 presos, todos del fuero com\u00fan, y el Centro de Retenci\u00f3n Municipal de Solidaridad, con sede en la Playa del Carmen, tiene 443 prisioneros, todos de competencia estatal.<\/p>\n<p style=\"text-align: center;\"><strong>Todos los reos tienen derecho a pedir fianza<\/strong><\/p>\n<p>El jurista Betancourt P\u00e9rez afirma que con el nuevo C\u00f3digo Federal de Procedimientos Penales todos los reos tienen derecho a pedir fianza, pero \u201cla gran mayor\u00eda no tiene dinero, algunos est\u00e1n presos por 200 pesos\u201d.<\/p>\n<p>\u201cLa idea es liberar a los primodelincuentes que est\u00e1n por robo menor, como robo fam\u00e9lico, o sea, los que no han causado \u2018mucho da\u00f1o\u2019; sin embargo: saldr\u00edan muchos, yo creo que por ah\u00ed de la mitad, f\u00e1cil porque son robos de cuant\u00eda menor. Acu\u00e9rdate que quien no puede salir es porque no tiene dinero, eso queda claro\u201d, asever\u00f3.<\/p>\n<p>El presidente Andr\u00e9s Manuel L\u00f3pez Obrador envi\u00f3 el pasado 15 de septiembre a la C\u00e1mara de Diputados una iniciativa de ley para otorgar amnist\u00eda a personas que hayan cometido cierto tipo de delitos. No obstante, Betancourt P\u00e9rez sostiene que en caso de que se d\u00e9 la amnist\u00eda, habr\u00eda que tener mucho cuidado porque \u201choy el problema de la inseguridad en pr\u00e1cticamente todo el pa\u00eds es muy serio, por eso las liberaciones ser\u00edan por medio de un juez. Podr\u00eda desfogar c\u00e1rceles, que es lo que se quiere, s\u00ed, pero vas a liberar a mucho delincuente. Yo calculo que por ese tipo de delitos, de cada 10 lo menos cuatro est\u00e1n por esa modalidad, el robo simple. La mayor\u00eda de los presos que est\u00e1n por robo y por ese tipo de situaciones, es gente amolada. Si no tienes buena defensa y para pagar una fianza, por eso no sales\u201d concluy\u00f3.<\/p><\/blockquote>\n","protected":false},"excerpt":{"rendered":"<p><span style=\"color: #005497;\">Jos\u00e9 Luis Monta\u00f1ez<\/span><br \/>\n<br \/>\nEl presidente de la AMAV, Eduardo Paniagua Morales, inform\u00f3 que en el marco del programa el Buen Fin 2019, la Asociaci\u00f3n Mexicana de Agencias de Viajes (AMAV) firm\u00f3 una carta compromiso de colaboraci\u00f3n con la Confederaci\u00f3n de C\u00e1maras Nacionales de Comercio, Servicios y Turismo (Concanaco-Servytur) para promover el evento.<\/p>\n","protected":false},"author":3,"featured_media":449092,"comment_status":"open","ping_status":"open","sticky":false,"template":"","format":"standard","meta":{"_monsterinsights_skip_tracking":false,"_monsterinsights_sitenote_active":false,"_monsterinsights_sitenote_note":"","_monsterinsights_sitenote_category":0,"footnotes":""},"categories":[11622],"tags":[47840,54579,43674],"class_list":["post-449025","post","type-post","status-publish","format-standard","has-post-thumbnail","hentry","category-jose-luis-montanez-aguilar","tag-derecho-de-replica","tag-jose-luis-montanez","tag-opinion"],"_links":{"self":[{"href":"https:\/\/www.diarioimagen.net\/index.php?rest_route=\/wp\/v2\/posts\/449025","targetHints":{"allow":["GET"]}}],"collection":[{"href":"https:\/\/www.diarioimagen.net\/index.php?rest_route=\/wp\/v2\/posts"}],"about":[{"href":"https:\/\/www.diarioimagen.net\/index.php?rest_route=\/wp\/v2\/types\/post"}],"author":[{"embeddable":true,"href":"https:\/\/www.diarioimagen.net\/index.php?rest_route=\/wp\/v2\/users\/3"}],"replies":[{"embeddable":true,"href":"https:\/\/www.diarioimagen.net\/index.php?rest_route=%2Fwp%2Fv2%2Fcomments&post=449025"}],"version-history":[{"count":0,"href":"https:\/\/www.diarioimagen.net\/index.php?rest_route=\/wp\/v2\/posts\/449025\/revisions"}],"wp:featuredmedia":[{"embeddable":true,"href":"https:\/\/www.diarioimagen.net\/index.php?rest_route=\/wp\/v2\/media\/449092"}],"wp:attachment":[{"href":"https:\/\/www.diarioimagen.net\/index.php?rest_route=%2Fwp%2Fv2%2Fmedia&parent=449025"}],"wp:term":[{"taxonomy":"category","embeddable":true,"href":"https:\/\/www.diarioimagen.net\/index.php?rest_route=%2Fwp%2Fv2%2Fcategories&post=449025"},{"taxonomy":"post_tag","embeddable":true,"href":"https:\/\/www.diarioimagen.net\/index.php?rest_route=%2Fwp%2Fv2%2Ftags&post=449025"}],"curies":[{"name":"wp","href":"https:\/\/api.w.org\/{rel}","templated":true}]}}