{"id":449059,"date":"2019-11-05T00:03:41","date_gmt":"2019-11-05T06:03:41","guid":{"rendered":"https:\/\/www.diarioimagen.net\/?p=449059"},"modified":"2019-11-05T07:40:10","modified_gmt":"2019-11-05T13:40:10","slug":"en-atizapan-exitoso-cierre-del-fandango-de-las-calaveras","status":"publish","type":"post","link":"https:\/\/www.diarioimagen.net\/?p=449059","title":{"rendered":"En Atizap\u00e1n, exitoso cierre del \u201cFandango de las calaveras\u201d"},"content":{"rendered":"<p><a href=\"https:\/\/www.diarioimagen.net\/?attachment_id=449130\" rel=\"attachment wp-att-449130\"><img loading=\"lazy\" decoding=\"async\" class=\"aligncenter size-large wp-image-449130\" src=\"https:\/\/www.diarioimagen.net\/wp-content\/uploads\/2019\/11\/ATIZAP\u00c1N-460x334.jpg\" alt=\"\" width=\"460\" height=\"334\" srcset=\"https:\/\/www.diarioimagen.net\/wp-content\/uploads\/2019\/11\/ATIZAP\u00c1N-460x334.jpg 460w, https:\/\/www.diarioimagen.net\/wp-content\/uploads\/2019\/11\/ATIZAP\u00c1N-240x175.jpg 240w, https:\/\/www.diarioimagen.net\/wp-content\/uploads\/2019\/11\/ATIZAP\u00c1N-90x65.jpg 90w, https:\/\/www.diarioimagen.net\/wp-content\/uploads\/2019\/11\/ATIZAP\u00c1N.jpg 700w\" sizes=\"auto, (max-width: 460px) 100vw, 460px\" \/><\/a><\/p>\n<p>&nbsp;<\/p>\n<p><strong>Atizap\u00e1n, Estado de M\u00e9xico<\/strong><strong>.- <\/strong>Un total de 5 mil personas gozaron del grupo tropical Los Yaguar\u00fa de \u00c1ngel Venegas, adem\u00e1s de actividades m\u00fasico culturales en el cierre del festival \u201cEl Fandango de las Calaveras\u201d con motivo de los D\u00eda de Muertos en Atizap\u00e1n de Zaragoza.<\/p>\n<p>Para preservar las tradiciones y recordar la ic\u00f3nica figura del artista Jos\u00e9 Guadalupe Posadas creada hace 109 a\u00f1os, alrededor de 400 personas se concentraron en el Monumento Adolfo L\u00f3pez Mateos para iniciar la \u201cCaminata de las Catrinas\u201d.<\/p>\n<p>Las catrinas y catrines fueron en su mayor\u00eda integrantes de las academias de bailes Mexiquense de Danza Folkl\u00f3rica Citlalmina, Danza Folkl\u00f3rica Yetzaly, Danza Cl\u00e1sica y Contempor\u00e1nea CALUSCEM.<\/p>\n","protected":false},"excerpt":{"rendered":"<p>Un total de 5 mil personas gozaron del grupo tropical Los Yaguar\u00fa de \u00c1ngel Venegas, adem\u00e1s de actividades m\u00fasico culturales en el cierre del festival \u201cEl Fandango de las Calaveras\u201d con motivo de los D\u00eda de Muertos en Atizap\u00e1n de Zaragoza.<\/p>\n","protected":false},"author":3,"featured_media":449130,"comment_status":"open","ping_status":"open","sticky":false,"template":"","format":"standard","meta":{"_monsterinsights_skip_tracking":false,"_monsterinsights_sitenote_active":false,"_monsterinsights_sitenote_note":"","_monsterinsights_sitenote_category":0,"footnotes":""},"categories":[5],"tags":[969,43675,88534],"class_list":["post-449059","post","type-post","status-publish","format-standard","has-post-thumbnail","hentry","category-estado-de-mexico","tag-atizapan","tag-estado-de-mexico","tag-los-yaguaru-de-angel-venegas"],"_links":{"self":[{"href":"https:\/\/www.diarioimagen.net\/index.php?rest_route=\/wp\/v2\/posts\/449059","targetHints":{"allow":["GET"]}}],"collection":[{"href":"https:\/\/www.diarioimagen.net\/index.php?rest_route=\/wp\/v2\/posts"}],"about":[{"href":"https:\/\/www.diarioimagen.net\/index.php?rest_route=\/wp\/v2\/types\/post"}],"author":[{"embeddable":true,"href":"https:\/\/www.diarioimagen.net\/index.php?rest_route=\/wp\/v2\/users\/3"}],"replies":[{"embeddable":true,"href":"https:\/\/www.diarioimagen.net\/index.php?rest_route=%2Fwp%2Fv2%2Fcomments&post=449059"}],"version-history":[{"count":0,"href":"https:\/\/www.diarioimagen.net\/index.php?rest_route=\/wp\/v2\/posts\/449059\/revisions"}],"wp:featuredmedia":[{"embeddable":true,"href":"https:\/\/www.diarioimagen.net\/index.php?rest_route=\/wp\/v2\/media\/449130"}],"wp:attachment":[{"href":"https:\/\/www.diarioimagen.net\/index.php?rest_route=%2Fwp%2Fv2%2Fmedia&parent=449059"}],"wp:term":[{"taxonomy":"category","embeddable":true,"href":"https:\/\/www.diarioimagen.net\/index.php?rest_route=%2Fwp%2Fv2%2Fcategories&post=449059"},{"taxonomy":"post_tag","embeddable":true,"href":"https:\/\/www.diarioimagen.net\/index.php?rest_route=%2Fwp%2Fv2%2Ftags&post=449059"}],"curies":[{"name":"wp","href":"https:\/\/api.w.org\/{rel}","templated":true}]}}