{"id":449066,"date":"2019-11-05T00:12:02","date_gmt":"2019-11-05T06:12:02","guid":{"rendered":"https:\/\/www.diarioimagen.net\/?p=449066"},"modified":"2019-11-05T07:46:05","modified_gmt":"2019-11-05T13:46:05","slug":"el-golpismo-anida-en-grupos-afectados-por-la-4ta-transformacion-pero-no-en-el-ejercito-monreal","status":"publish","type":"post","link":"https:\/\/www.diarioimagen.net\/?p=449066","title":{"rendered":"El golpismo anida en grupos afectados por la 4ta Transformaci\u00f3n, pero no en el Ej\u00e9rcito: Monreal"},"content":{"rendered":"<h2>Tras la puerta del poder<\/h2>\n<h5>Roberto Vizca\u00edno<\/h5>\n<p>&nbsp;<\/p>\n<div id=\"attachment_449135\" style=\"width: 470px\" class=\"wp-caption aligncenter\"><a href=\"https:\/\/www.diarioimagen.net\/?attachment_id=449135\" rel=\"attachment wp-att-449135\"><img loading=\"lazy\" decoding=\"async\" aria-describedby=\"caption-attachment-449135\" class=\"size-large wp-image-449135\" src=\"https:\/\/www.diarioimagen.net\/wp-content\/uploads\/2019\/11\/desamparados-LUIS-XAVIER-460x348.jpg\" alt=\"\" width=\"460\" height=\"348\" srcset=\"https:\/\/www.diarioimagen.net\/wp-content\/uploads\/2019\/11\/desamparados-LUIS-XAVIER-460x348.jpg 460w, https:\/\/www.diarioimagen.net\/wp-content\/uploads\/2019\/11\/desamparados-LUIS-XAVIER-240x182.jpg 240w, https:\/\/www.diarioimagen.net\/wp-content\/uploads\/2019\/11\/desamparados-LUIS-XAVIER-768x582.jpg 768w, https:\/\/www.diarioimagen.net\/wp-content\/uploads\/2019\/11\/desamparados-LUIS-XAVIER.jpg 1200w\" sizes=\"auto, (max-width: 460px) 100vw, 460px\" \/><\/a><p id=\"caption-attachment-449135\" class=\"wp-caption-text\">Desamparados&#8230; | Luis Xavier<\/p><\/div>\n<p>&nbsp;<\/p>\n<p>Como suele ocurrir, ante el silencio del escurridizo Gabinete que rodea a <strong>Andr\u00e9s Manuel L\u00f3pez Obrador<\/strong>, quien sali\u00f3 ayer a defender al presidente y a intentar explicar la referencia al Golpe de Estado, fue <strong>Ricardo Monreal<\/strong>.<\/p>\n<p>El l\u00edder de la mayor\u00eda de Morena y presidente de la Junta de Coordinaci\u00f3n Pol\u00edtica en el Senado simplemente desech\u00f3 la posibilidad de ese golpe aludido por <strong>AMLO<\/strong>.<\/p>\n<p>\u201cLas transiciones son muy complejas, algunas incluso no son pac\u00edficas, pero en M\u00e9xico hoy no hay forma de que haya un golpe de Estado.<\/p>\n<p>\u201c\u00bfPor qu\u00e9 el Presidente <strong>L\u00f3pez Obrador<\/strong> emiti\u00f3 entonces un Twitter donde alude el golpe de Estado?<\/p>\n<p>\u201cMiren, yo lo conozco hace 22 a\u00f1os, y nunca dice nada sin meditarlo. Yo percibo que tiene informaci\u00f3n -es el m\u00e1s informado-\u2026 y sab\u00eda lo que iba a desatar su twitt.<\/p>\n<p>\u201cCreo que es s\u00f3lo una vacuna ante posibles <em>miniconspiraciones<\/em>, <strong>que las hay<\/strong>.<\/p>\n<p>\u201cGrupos econ\u00f3micos que se sienten lastimados, o grupos de inter\u00e9s que se sienten desplazados, o personas que ya no gozan de privilegios del pasado, o aquellos que ahora est\u00e1n fuera de la n\u00f3mina\u2026 son <em>minigrupos<\/em>, por eso hablo de <em>miniconspiraciones<\/em>.<\/p>\n<p>\u201cYo creo que simplemente se est\u00e1 vacunando, una forma de decirles: \u2018estoy enterado\u2019.<\/p>\n<p>Monreal no tiene dudas de que AMLO tiene el control de la gobernabilidad en M\u00e9xico. Y cree que AMLO est\u00e1 consciente de que ha tomado decisiones que \u00e9l considera lastiman a sectores econ\u00f3micos que se beneficiaron en el pasado.<\/p>\n<p>Por eso su recurrencia a Ju\u00e1rez y Madero, dice.<\/p>\n<p>\u201cEl presidente tiene mucha claridad en el prop\u00f3sito del Gobierno, por eso creo que su twitter y su fase fueron meditados.<\/p>\n<p>\u201cEn los hechos est\u00e1 diciendo: <strong>No soy ning\u00fan ingenuo, ni t\u00edtere de nadie<\/strong>. Eso es lo que est\u00e1 diciendo: voy a gobernar con la ley en la mano, y con el apoyo popular de los ciudadanos\u201d.<\/p>\n<p>El zacatecano considera como in\u00e9dito lo que hace el Presidente.<\/p>\n<p>Tambi\u00e9n fue in\u00e9dito que un general haya alzado la voz, se le dice.<\/p>\n<p>\u201c\u2026 tambi\u00e9n es in\u00e9dito.<\/p>\n<p>\u201cEstas <em>miniconspiraciones<\/em>, provienen de grupos de personas lastimadas por alguna raz\u00f3n, pero que institucionalmente no tienen ninguna repercusi\u00f3n, aunque tengan recursos econ\u00f3micos y aunque tengan capacidad de penetraci\u00f3n en las redes, en los medios de comunicaci\u00f3n\u201d.<\/p>\n<p>Como un presidente informado, indica Monreal, AMLO sabe \u201clo que nosotros no sabemos\u201d.<\/p>\n<p>Informa que en este contexto convoc\u00f3 este lunes a senadores de Morena quienes decidieron cerrar filas con el Presidente. Para decirle que \u201cno est\u00e1 solo\u201d. Para cerrar filas sin titubeos, afirma.<\/p>\n<p>\u00bfAlguna de estas <em>miniconspiraciones<\/em>, se da en el \u00e1mbito militar, castrense?, se le pregunta<\/p>\n<p>\u201cNo, ah\u00ed no les da. Yo la veo m\u00e1s en estos grupos que ven\u00edan detentando poder, monopolizando privilegios, contratos, recursos, dinero, proveedur\u00eda, instalaci\u00f3n en el Poder P\u00fablico, en el Poder Judicial, en el Poder Legislativo, son ese tipo de grupos que no encuentran la forma de reinstalarse en un gobierno que es heterodoxo\u201d.<\/p>\n<p>Son grupos que no encuentran c\u00f3mo acceder a un presidente que no encuadra con los par\u00e1metros de los anteriores<\/p>\n<p>Uno \u201cfuera de lo com\u00fan, no lo puedes ubicar, es un hombre libre, es un hombre congruente, es un hombre honesto que no le interesa el poder pol\u00edtico, aunque lo tiene, no le interesa acumular riquezas, \u00e9l las tiene y no le interesa, no le interesa tener acciones, empresas o trasnacionales\u2026<\/p>\n<p>\u201cNo le interesa tener una casa en Miami o en Acapulco. No se le puede ubicar en la ortodoxia de los pol\u00edticos tradicionales. Es diferente. No lo van a poder encasillar en esa ortodoxia pol\u00edtica que se pudri\u00f3.<\/p>\n<p>\u201cVa a dejar la vara muy alta para los siguientes gobernantes\u201d, concluy\u00f3.<\/p>\n<p style=\"text-align: center;\"><strong>MIENTRAS<\/strong><strong>\u2026<\/strong><\/p>\n<p>En tanto las advertencias desde las Fuerzas Armadas proliferan. Los chats en whatsapp, twitter, faceboock, Instagram y otras redes sociales dejan ver una fuerte inconformidad entre militares hacia el presidente L\u00f3pez Obrador.<\/p>\n<p>Ayer a esta cadena se sum\u00f3 el general en retiro <strong>Mauricio \u00c1vila Medina<\/strong> quien habla duro en un video a <strong>AMLO<\/strong> y a quien lo acusa de ser un incapaz para gobernar y exponer a los mexicanos a una inseguridad y violencia criminal como nunca antes se hab\u00eda visto en M\u00e9xico. Adicionalmente y por primera vez en esta ola de inconformidad castrense, apareci\u00f3 un marino.<\/p>\n<p>El vicealmirante en retiro <strong>Alfredo Morales Mendoza<\/strong>, no es sutil en un texto que corre masivamente por redes, y en el que se va con todo contra <strong>AMLO<\/strong>.<\/p>\n<p>\u201cCuidado Sr. Presidente:<\/p>\n<p>\u201cEs muy sencillo exaltar la inconformidad.<\/p>\n<p>\u201cDecirle al despose\u00eddo, que es pobre por culpa de su patr\u00f3n explotador es muy f\u00e1cil.<\/p>\n<p>\u201cLlamar burguesa a la gente emprendedora, instruida y educada, e insultarlos llam\u00e1ndolos FIF\u00cdS, es f\u00e1cil.<\/p>\n<p>\u201cLlamar pueblo bueno, a los que por flojera, indolencia, incapacidad, e ineptitud, no se instruyeron, y que viven en la ignorancia y en la pobreza, es f\u00e1cil.<\/p>\n<p>\u201cFomentar la pereza, regalando el dinero, a quien no lo ha ganado, ni se lo merece, es f\u00e1cil.<\/p>\n<p>\u201cPolarizar a la poblaci\u00f3n, para con ello, congraciarse con los pobres, que por supuesto, son m\u00e1s que los que tienen riqueza, es f\u00e1cil.<\/p>\n<p>\u201cLlamar a las fuerzas del orden opresores, y calificarlos como verdugos del PUEBLO BUENO (el perezoso, el ignorante, delincuente y no productivo), es f\u00e1cil.<\/p>\n<p>\u201cPero esto no es una t\u00e9cnica nueva. Se trata de la t\u00e9cnica, MARXISTA &#8211; LENINISTA.<\/p>\n<p>\u201cSi con estas t\u00e9cnicas se logr\u00f3 la aceptaci\u00f3n de un gran n\u00famero de personas. El logro es ef\u00edmero, pues el inconforme, seguir\u00e1 siendo inconforme, porque su disgusto comienza consigo mismo. Y el inconforme que hoy te apoya, ma\u00f1ana te reclamar\u00e1, cuando no satisfagas su apetito insaciable.<\/p>\n<p>\u201cDenostar a quienes arriesgan su vida, para proteger a los dem\u00e1s, es f\u00e1cil, pero cuidado, tambi\u00e9n te cuidan a ti.<\/p>\n<p>\u201cDar a quien no lo merece, por no haber trabajado para obtenerlo (en cualquier \u00e1mbito), es mutilar; es como cortarle una extremidad, es condenarlo a ser un mendigo, y vivir de d\u00e1divas.<\/p>\n<p>\u201cVivir mintiendo, distorsionando la realidad. Inventando una UTOP\u00cdA, nunca ha resuelto ning\u00fan problema; y es sabido que, para apoyar una mentira, se requieren muchas otras mentiras, y as\u00ed, en proyecci\u00f3n logar\u00edtmica.<\/p>\n<p>\u201cPatear, humillar, denostar, y hasta ridiculizar a quien te cuida, al igual que al resto de la poblaci\u00f3n, en primer lugar, es una ingratitud.<\/p>\n<p>\u201cPero en segundo lugar, TODOS, pueblo y gobierno; civiles y militares, pobres y ricos, cultos e ignorantes; soberbios y humildes; trabajadores y perezosos; todos estamos hechos de lo mismo.<\/p>\n<p>\u201c\u00a1PERO CUIDADO!<\/p>\n<p>\u201cPORQUE Si se puede sembrar el rencor en el pobre, tambi\u00e9n en el rico.<\/p>\n<p>\u201cSi se puede sembrar el rencor en el ignorante, tambi\u00e9n en el culto.<\/p>\n<p>\u201cSi se puede sembrar el rencor en los delincuentes, tambi\u00e9n en las fuerzas del orden.<\/p>\n<p>\u201cCUIDADO CON SEMBRAR RENCORES.<\/p>\n<p>\u201cNo se puede sembrar chiles, y cosechar tomates.<\/p>\n<p>\u201cCOSECHAS LO QUE SIEMBRAS\u201d, concluye.<\/p>\n<p>Yo creo que <strong>Monreal<\/strong> deber\u00eda ver un poco m\u00e1s hacia los hombres y mujeres de las armas, que nunca salen a decir lo que ahora est\u00e1n gritando.<\/p>\n<p>No, insisto, esto no pinta para nada bueno.<\/p>\n<p><em><a href=\"mailto:rvizcainoa@gmail.com\" target=\"_blank\" rel=\"noopener noreferrer\">rvizcainoa@gmail.com<\/a><br \/>\n<u><a href=\"http:\/\/endirecto.mx\" target=\"_blank\" rel=\"noopener noreferrer\">www.endirecto.mx<\/a><br \/>\n<a href=\"https:\/\/twitter.com\/_rvizcaino\" target=\"_blank\" rel=\"noopener noreferrer\">@_RVizcaino<\/a><br \/>\n<a href=\"https:\/\/www.facebook.com\/rvizcainoa\" target=\"_blank\" rel=\"noopener noreferrer\">facebook.com\/rvizcainoa<\/a><\/u><\/em><\/p>\n","protected":false},"excerpt":{"rendered":"<p><span style=\"color: #005497;\"><strong>Roberto Vizca\u00edno<\/strong><\/span><br \/>\n<br \/>\nComo suele ocurrir, ante el silencio del escurridizo Gabinete que rodea a <strong>Andr\u00e9s Manuel L\u00f3pez Obrador<\/strong>, quien sali\u00f3 ayer a defender al presidente y a intentar explicar la referencia al Golpe de Estado, fue <strong>Ricardo Monreal<\/strong>.<\/p>\n","protected":false},"author":3,"featured_media":449135,"comment_status":"open","ping_status":"open","sticky":false,"template":"","format":"standard","meta":{"_monsterinsights_skip_tracking":false,"_monsterinsights_sitenote_active":false,"_monsterinsights_sitenote_note":"","_monsterinsights_sitenote_category":0,"footnotes":""},"categories":[136],"tags":[43674,93,94],"class_list":["post-449066","post","type-post","status-publish","format-standard","has-post-thumbnail","hentry","category-roberto-vizcaino-opinion","tag-opinion","tag-roberto-vizcaino","tag-tras-la-puerta-del-poder"],"_links":{"self":[{"href":"https:\/\/www.diarioimagen.net\/index.php?rest_route=\/wp\/v2\/posts\/449066","targetHints":{"allow":["GET"]}}],"collection":[{"href":"https:\/\/www.diarioimagen.net\/index.php?rest_route=\/wp\/v2\/posts"}],"about":[{"href":"https:\/\/www.diarioimagen.net\/index.php?rest_route=\/wp\/v2\/types\/post"}],"author":[{"embeddable":true,"href":"https:\/\/www.diarioimagen.net\/index.php?rest_route=\/wp\/v2\/users\/3"}],"replies":[{"embeddable":true,"href":"https:\/\/www.diarioimagen.net\/index.php?rest_route=%2Fwp%2Fv2%2Fcomments&post=449066"}],"version-history":[{"count":0,"href":"https:\/\/www.diarioimagen.net\/index.php?rest_route=\/wp\/v2\/posts\/449066\/revisions"}],"wp:featuredmedia":[{"embeddable":true,"href":"https:\/\/www.diarioimagen.net\/index.php?rest_route=\/wp\/v2\/media\/449135"}],"wp:attachment":[{"href":"https:\/\/www.diarioimagen.net\/index.php?rest_route=%2Fwp%2Fv2%2Fmedia&parent=449066"}],"wp:term":[{"taxonomy":"category","embeddable":true,"href":"https:\/\/www.diarioimagen.net\/index.php?rest_route=%2Fwp%2Fv2%2Fcategories&post=449066"},{"taxonomy":"post_tag","embeddable":true,"href":"https:\/\/www.diarioimagen.net\/index.php?rest_route=%2Fwp%2Fv2%2Ftags&post=449066"}],"curies":[{"name":"wp","href":"https:\/\/api.w.org\/{rel}","templated":true}]}}