{"id":449089,"date":"2019-11-05T00:04:38","date_gmt":"2019-11-05T06:04:38","guid":{"rendered":"https:\/\/www.diarioimagen.net\/?p=449089"},"modified":"2019-11-05T05:30:17","modified_gmt":"2019-11-05T11:30:17","slug":"la-inseguridad-no-cede","status":"publish","type":"post","link":"https:\/\/www.diarioimagen.net\/?p=449089","title":{"rendered":"La inseguridad no cede"},"content":{"rendered":"<h2>Punto por punto<\/h2>\n<h5>Augusto Corro<\/h5>\n<p>&nbsp;<\/p>\n<p>No ceden las cifras sobre inseguridad y violencia. Los asaltos, extorsiones, secuestros y asesinatos forman parte de la informaci\u00f3n cotidiana en los medios de comunicaci\u00f3n.<\/p>\n<p>En los primeros nueve meses de este a\u00f1o, m\u00e1s de 26 mil personas fueron asesinadas. En las fosas comunes se encuentran miles de cuerpos sin reclamar.<\/p>\n<p>Las v\u00edctimas de los secuestros cada vez son m\u00e1s violentos. Las v\u00edctimas de\u00a0 plagios no tienen ninguna posibilidad de que las liberen con vida.<\/p>\n<p>Precisamente, el domingo en Acapulco se efectu\u00f3 una manifestaci\u00f3n de vecinos que le exigieron a la autoridad la aparici\u00f3n con vida de una familia.<\/p>\n<p>En el puerto, una abuelita, junto con sus cuatro nietos, fueron plagiados por un grupo de hombres armados.<\/p>\n<p>Van m\u00e1s de quince d\u00edas y se ignora el paradero de la familia integrada por Ren\u00e9 Calder\u00f3n, de 11 a\u00f1os; Pedro Ram\u00edrez, estudiante de 16 a\u00f1os; Adriana Guti\u00e9rrez, de 34 a\u00f1os, estudiante; Ir\u00e1n Almaz\u00e1n, de 19 a\u00f1os; y Honoria Rend\u00f3n, de 74 a\u00f1os, abuela de los\u00a0 j\u00f3venes.<\/p>\n<p>La lucha contra la delincuencia organizada a\u00fan no brinda resultados. El propio secretario de Seguridad, Alfonso Durazo, reconoci\u00f3 que \u201cno hay nada que celebrar\u201d.<\/p>\n<p>\u00bfHasta cu\u00e1ndo regresar\u00e1 la paz? Ya no es posible contemplar tanta pasividad de los gobiernos en el combate al crimen.<\/p>\n<p>Como el secuestro de la abuela y sus nietos en Acapulco, as\u00ed ocurren los delitos contra una sociedad indefensa que dej\u00f3 de confiar en las autoridades. \u00bfPor qu\u00e9 nadie se empe\u00f1a en encontrar a la mencionada familia?<\/p>\n<p>Ya sabemos que el gobernador de Guerrero, H\u00e9ctor Astudillo es un in\u00fatil y no se cuenta con \u00e9l para nada; pero ah\u00ed est\u00e1n otros representantes de la ley que s\u00ed pueden intervenir para localizar y regresar con vida a los secuestrados.<\/p>\n<p style=\"text-align: center;\"><strong>Castigo por no votar<\/strong><\/p>\n<p>En este espacio se\u00f1alamos que no hay contrapesos pol\u00edticos importantes que enfrenten al gobierno del presidente Andr\u00e9s Manuel L\u00f3pez Obrador.<\/p>\n<p>La oposici\u00f3n trabaja para revivir tras la may\u00fascula derrota que sufri\u00f3 en las \u00faltimas elecciones presidenciales. Sin embargo, no se ven acciones importantes que surjan de las organizaciones pol\u00edticas. La actividad de sus l\u00edderes raya en la mediocridad.<\/p>\n<p>Por ejemplo, la senadora panista Nidia Navarro, tiene la idea de que se suspendan los derechos pol\u00edticos y se impida realizar tr\u00e1mites gubernamentales a quienes no acudan a votar.<\/p>\n<p>Para la legisladora de aceptarse esa sugerencia se terminar\u00eda con el abstencionismo, que siempre aparece como un rechazo callada contra los candidatos a puestos de representaci\u00f3n popular.<\/p>\n<p>Pues la legisladora se encuentra muy equivocada si piensa que una medida como la que propone podr\u00eda funcionar para abatir el rechazo ciudadano a los pol\u00edticos.<\/p>\n<p>Si los dedicados a la \u201cgrilla\u201d no ofrecen proyectos o programas interesantes que beneficien a la poblaci\u00f3n, dif\u00edcilmente ser\u00e1n estimulados\u00a0 a acudir a las urnas.<\/p>\n<p>De ah\u00ed que los candidatos se informen de las carencias de la poblaci\u00f3n y ofrezcan la soluci\u00f3n de las mismas, pero sin la demagogia que tanto manejan.<\/p>\n<p>Si ya pas\u00f3 el tiempo de que los electores vend\u00edan su voto por una torta o un refresco, los aspirantes a cargos p\u00fablicos tendr\u00e1n que pensar en nuevas formas de actuar, porque los delitos electorales, ahora s\u00ed se castigar\u00e1n con todo el peso de la ley. Eso esperamos.<\/p>\n<p style=\"text-align: center;\"><strong>Los partidos y el subsidio<\/strong><\/p>\n<p>Marcha sobre ruedas la iniciativa para reducir al cincuenta por ciento el dinero que las autoridades electorales destinan a los partidos pol\u00edticos.<\/p>\n<p>Por ejemplo, el a\u00f1o pr\u00f3ximo, el financiamiento a esos organismos pol\u00edticos pasar\u00eda de cinco mil 138 millones de pesos a 2 mil 569 millones de pesos. Es decir, la mitad.<\/p>\n<p>El proyecto fue presentado por los diputados\u00a0 del partido Movimiento de Regeneraci\u00f3n Nacional (Morena) y aprobado en comisiones, como primer paso.<\/p>\n<p>Sin duda, esa cantidad de recursos econ\u00f3micos no ser\u00e1 suficiente para realizar campa\u00f1as, saldar deudas y pagar diferentes servicios.<\/p>\n<p>La democracia a la mexicana es una de las m\u00e1s caras del mundo. En M\u00e9xico, las autoridades electorales son las m\u00e1s beneficiadas. Solo basta con ver los sueldos que ganan.<\/p>\n<p>Los partidos pol\u00edticos, aunque tendr\u00e1n una reducci\u00f3n en su financiamiento, de todas maneras resultan beneficiados. Lo consiguen sin mayor esfuerzo. Es suficiente con\u00a0 estirar la mano y dar las gracias. \u00bfUsted qu\u00e9 opina amable lector?<\/p>\n<p><span class=\"Apple-converted-space\"><em><u><a href=\"mailto:aco2742@hotmail.com\" target=\"_blank\" rel=\"noopener noreferrer\">aco2742@hotmail.com<\/a><\/u><\/em><\/span><\/p>\n","protected":false},"excerpt":{"rendered":"<p><span style=\"color: #005497;\"><strong>Augusto Corro<\/strong><\/span><\/p>\n","protected":false},"author":3,"featured_media":0,"comment_status":"open","ping_status":"open","sticky":false,"template":"","format":"standard","meta":{"_monsterinsights_skip_tracking":false,"_monsterinsights_sitenote_active":false,"_monsterinsights_sitenote_note":"","_monsterinsights_sitenote_category":0,"footnotes":""},"categories":[157],"tags":[43686,43674,11515],"class_list":["post-449089","post","type-post","status-publish","format-standard","hentry","category-augusto-corro","tag-augusto-corro","tag-opinion","tag-punto-por-punto"],"_links":{"self":[{"href":"https:\/\/www.diarioimagen.net\/index.php?rest_route=\/wp\/v2\/posts\/449089","targetHints":{"allow":["GET"]}}],"collection":[{"href":"https:\/\/www.diarioimagen.net\/index.php?rest_route=\/wp\/v2\/posts"}],"about":[{"href":"https:\/\/www.diarioimagen.net\/index.php?rest_route=\/wp\/v2\/types\/post"}],"author":[{"embeddable":true,"href":"https:\/\/www.diarioimagen.net\/index.php?rest_route=\/wp\/v2\/users\/3"}],"replies":[{"embeddable":true,"href":"https:\/\/www.diarioimagen.net\/index.php?rest_route=%2Fwp%2Fv2%2Fcomments&post=449089"}],"version-history":[{"count":0,"href":"https:\/\/www.diarioimagen.net\/index.php?rest_route=\/wp\/v2\/posts\/449089\/revisions"}],"wp:attachment":[{"href":"https:\/\/www.diarioimagen.net\/index.php?rest_route=%2Fwp%2Fv2%2Fmedia&parent=449089"}],"wp:term":[{"taxonomy":"category","embeddable":true,"href":"https:\/\/www.diarioimagen.net\/index.php?rest_route=%2Fwp%2Fv2%2Fcategories&post=449089"},{"taxonomy":"post_tag","embeddable":true,"href":"https:\/\/www.diarioimagen.net\/index.php?rest_route=%2Fwp%2Fv2%2Ftags&post=449089"}],"curies":[{"name":"wp","href":"https:\/\/api.w.org\/{rel}","templated":true}]}}