{"id":449121,"date":"2019-11-05T00:09:15","date_gmt":"2019-11-05T06:09:15","guid":{"rendered":"https:\/\/www.diarioimagen.net\/?p=449121"},"modified":"2019-11-05T06:01:43","modified_gmt":"2019-11-05T12:01:43","slug":"napito-senales-negativas-a-la-ip","status":"publish","type":"post","link":"https:\/\/www.diarioimagen.net\/?p=449121","title":{"rendered":"\u201cNapito\u201d, se\u00f1ales negativas a la IP"},"content":{"rendered":"<h2>Poder y dinero<\/h2>\n<h5>V\u00edctor S\u00e1nchez Ba\u00f1os<\/h5>\n<p><em>\u00a0<\/em><\/p>\n<ul>\n<li><strong><em>Criminalizar outsourcing arriesga empleos<\/em><\/strong><\/li>\n<li><em><strong>Error de c\u00e1lculo del l\u00edder de Mineros<\/strong> <\/em><\/li>\n<\/ul>\n<p>&nbsp;<\/p>\n<p style=\"text-align: right;\"><strong><em>En las amarguras desear\u00e9is la dulzura, y en la guerra, la paz<br \/>\n<\/em><\/strong><em>Santa Catalina de Siena <\/em><em>(1347-1380) Religiosa italiana<\/em><\/p>\n<p>&nbsp;<\/p>\n<p>#Napito #IP #CCE #TallentiaMX #Concanaco #Canacintra #Coparmex #Concam\u00edn #RiesgoEmpresarial #PeligranEmpleos #UNAM #Graue #Ang\u00e9licaCu\u00e9llar #PedroSalazar #CienciasPol\u00edticas #Medicina #Derecho #BBVA #SEP #EstebanMoctezuma<\/p>\n<p>&nbsp;<\/p>\n<p>La tercerizaci\u00f3n laboral, no es un crimen. Es un apoyo para los empresarios a fin de lograr sus objetivos sin distraerse en la administraci\u00f3n laboral, ni en la selecci\u00f3n de personal. Se terceriza el personal dedicado a la administraci\u00f3n de una compa\u00f1\u00eda, mediante empresas de contadores; incluso para proporcionar servicios de mantenimiento y otras actividades. No es un delito, ni mucho menos una actividad que da\u00f1e a los trabajadores.<\/p>\n<p>Si bien, hay empresarios que abusan de esa figura, como teme Napole\u00f3n G\u00f3mez Urrutia, senador y l\u00edder de los trabajadores mineros, es importante destacar que hay empresas serias que proporcionan, inclusive, condiciones laborales y prestaciones superiores a las de la ley. Tener contento a un trabajador es parte del \u00e9xito empresarial.<\/p>\n<p>Por ello, es fundamental que esa actividad se regularice y se establezcan condiciones que protejan al trabajador. Criminalizarla es simplemente quitarle herramientas l\u00edcitas e internacionalmente reconocidas. Es m\u00e1s f\u00e1cil regular a una empresa de tercerizaci\u00f3n de personal o de las llamadas outsourcing, porque deben estar registradas y, generalmente, son sometidas a revisiones peri\u00f3dicas. Este es el trabajo del gobierno. Pero vamos a ver lo que comentan representantes empresariales sobre este asunto, precisamente el sector que resultar\u00eda m\u00e1s afectado en caso de criminalizar la tercerizaci\u00f3n.<\/p>\n<p>Para el director de la Conanaco, Jos\u00e9 Manuel Campos, hay que distinguir entre lo que es la simulaci\u00f3n y lo que es un procedimiento de contrataci\u00f3n que est\u00e1 contemplado en la Ley Federal del Trabajo, que es la tercerizaci\u00f3n, sobre todo en un pa\u00eds como M\u00e9xico en el que tenemos el 85% de las empresas en la clasificaci\u00f3n de peque\u00f1as, medianas y micro empresas que no pueden tener el abanico completo de todas las actividades que necesitan cubrir y que pueden recurrir a esquemas l\u00edcitos de subcontrataci\u00f3n o de tercerizaci\u00f3n de actividades.<\/p>\n<p>Javier Trevi\u00f1o, Director General de Pol\u00edticas P\u00fablicas, del Consejo Coordinador Empresarial, reflexion\u00f3 al mencionar que la iniciativa de Napole\u00f3n G\u00f3mez, y dice que el sector la recibe con preocupaci\u00f3n porque una cosa es lo que menciona por ah\u00ed el Senador y otra cosa es el texto de la iniciativa en la cual pues se elimina pr\u00e1cticamente todas las formas de subcontrataci\u00f3n, y las convierte no solamente en una actividad, al menos en la iniciativa, en una actividad que ser\u00eda no tolerada sino il\u00edcita y que se convierte en delitos, que se convierten al final en delincuencia organizada, lo cual es muy peligroso.<\/p>\n<p>Por su parte, C\u00e9sar Maillard Canudas, Integrante de la Mesa Directiva y especialista Laboral de la Concam\u00edn, coment\u00f3 sobre tercerizaci\u00f3n, que no debemos confundir la subcontrataci\u00f3n y\/o outsourcing, porque muchos despachos de car\u00e1cter fiscal se metieron el manejo de n\u00f3minas, sin cumplir con las normas y ofrecer beneficios adicionales a los trabajadores. La Iniciativa de Napole\u00f3n G\u00f3mez Urrutia va afectar la capacidad de productiva del pa\u00eds; va a quedar muy al criterio de autoridades que, a veces, por cierta ignorancia, o de mala fe, podr\u00edan mal interpretar el servicio de subcontrataci\u00f3n.<\/p>\n<p>A\u00f1adi\u00f3 que el problema de todo esto es que las propias leyes est\u00e1n satanizando la subcontrataci\u00f3n. La est\u00e1n queriendo prohibir, cuando en todo el mundo se encuentra completamente activa; el mundo est\u00e1 globalizado y se ha extendido esta modalidad en las grandes corporaciones de Occidente (China, India, Taiw\u00e1n), abaratando los costos. M\u00e9xico tiene un grave problema, pues el 98.5% de las empresas son Pymes, de tal manera que muy pocas tienen la capacidad de soportar la carga impositiva; se le ha olvidado al gobierno que las prestaciones de previsi\u00f3n social que puede recibir el trabajador, puedan ser deducibles de impuestos, para que tengan mejor liquidez en su bolsillo.<\/p>\n<p>Destac\u00f3 que en algunos pa\u00edses como Alemania, pr\u00e1cticamente el 50% de los trabajadores est\u00e1n bajo un r\u00e9gimen de subcontrataci\u00f3n; as\u00ed funciona el mundo, y M\u00e9xico no se puede sustraer de una econom\u00eda global, menos si cuenta con muchos tratados comerciales.<\/p>\n<p>Por la CANACINTRA, su presidente Enoch Castellanos, plante\u00f3 que en las outsourcing no ha espacio a la simulaci\u00f3n ni fiscal, ni laboral. Hay medidas que ha estado implementando la Secretar\u00eda del Trabajo para cruzar informaci\u00f3n con el IMSS, con el SAT y verificar efectivamente que no haya simulaciones y yo creo que esto debe de seguir. Incluso nosotros creemos que bajo un an\u00e1lisis serio, la iniciativa no debe de progresar. Creo que si queremos que M\u00e9xico siga teniendo viabilidad para el futuro y repunte pues no podemos estar tratando de satanizar a los empresarios y mucho menos poni\u00e9ndole trabas al desarrollo econ\u00f3mico.<\/p>\n<p>En el caso de la Coparmex, la iniciativa Napito deja al esquema de subcontrataci\u00f3n como una pr\u00e1ctica ilegal, cuando incluso la Ley Federal del Trabajo la avala y plantea sanciones en casos irregulares. Clasificar la actividad como ilegal y como una conducta delictiva va m\u00e1s all\u00e1 inclusive de lo que se hab\u00eda platicado en el Parlamento Abierto. Es una reforma que criminaliza muchas de las actividades que actualmente se desarrollan, donde se pagan salarios de mercado y prestaciones, se tiene a los trabajadores registrados con sus salarios tanto en seguridad social como ante autoridades fiscales.<\/p>\n<p>Por TALLENTIAMX, su director general El\u00edas Micha, plante\u00f3 que reabrir discusiones en torno a la Ley Federal del Trabajo obstaculizar\u00eda la aprobaci\u00f3n del T-MEC. La reforma laboral impulsada por el Ejecutivo federal mexicano, cuyo eje es el aumento de los salarios y el fortalecimiento democr\u00e1tico de los sindicatos, se implementar\u00e1 en un plazo de cuatro a\u00f1os. En el contexto actual, la estabilidad de esta reforma es de primer orden, puesto que cualquier iniciativa que ponga en entredicho sus fundamentos (como la de Napole\u00f3n G\u00f3mez Urrutia) generar\u00e1 incertidumbre pol\u00edtica y aplazar\u00e1 (acaso anular\u00e1) la aprobaci\u00f3n del T-MEC, de la cual, hay que insistir, depende en gran medida la econom\u00eda y el futuro del pa\u00eds. Es por esto que, moment\u00e1neamente, el presidente Andr\u00e9s Manuel L\u00f3pez Obrador asumi\u00f3 en la carta previamente dicha el compromiso de que en su gobierno se \u201cmantendr\u00e1 esa pol\u00edtica sin variaciones\u201d.<\/p>\n<p>El sector empresarial lanza la alerta a una iniciativa que no deber\u00eda quedarse en el refrigerador, sino en el bote de la basura.<\/p>\n<p><strong>PODEROSOS CABALLEROS<\/strong>: Ayer, en Ciudad Universitaria de la UNAM, inici\u00f3 la fase final del proceso de selecci\u00f3n del pr\u00f3ximo rector de la principal universidad del pa\u00eds. Ang\u00e9lica Cu\u00e9llar V\u00e1zquez, directora de la Facultad de Ciencias Pol\u00edticas y Sociales, el rector Enrique Graue Wiechers, y Pedro Salazar Ugarte, director del Instituto de Investigaciones Jur\u00eddicas, defender\u00e1n ante la Junta de Gobierno universitaria, sus propuestas de trabajo para el periodo 2019-23. Ya pasaron el primer periodo de selecci\u00f3n de un importante n\u00famero de propuestas. Ahora, a puerta cerrada ser\u00e1n escuchados por el Consejo Universitario, mismo que seleccionar\u00e1 al que consideran mejor candidato a la rector\u00eda. Existen grandes posibilidades que sea reelecto Enrique Graue por su periodo de 4 a\u00f1os m\u00e1s. Con ello, Medicina mantendr\u00eda el control de la UNAM, por 16 a\u00f1os. Sin embargo, aparece como opci\u00f3n de g\u00e9nero y para cambiar el origen de los aspirantes, la directora de Ciencias Pol\u00edticas, Ang\u00e9lica Cu\u00e9llar, quien ser\u00eda la que dar\u00eda un cambio de tim\u00f3n a la rector\u00eda. Ella considera que la Universidad no es un contrapeso de del gobierno federal y que su rectorado ser\u00eda cr\u00edtico. Pablo Salazar, es el m\u00e1s joven y como acad\u00e9mico es brillante, pero tendr\u00eda mejores oportunidades en el futuro. Por cierto, en el caso de Cu\u00e9llar, no se debe olvidar que Ciencias Pol\u00edticas, es la facultad donde estudi\u00f3 Andr\u00e9s Manuel L\u00f3pez Obrador.<\/p>\n<p><strong>RESPONSABILIDAD SOCIAL CORPORATIVA<\/strong>: En la ceremonia realizada en Palacio Nacional, el presidente Andr\u00e9s Manuel L\u00f3pez Obrador, y el vicepresidente y director general de BBVA M\u00e9xico, Eduardo Osuna Osuna, reconocieron a los 1,000 estudiantes de las 32 entidades del pa\u00eds, ganadores de la Olimpiada del Conocimiento Infantil 2019. BBVA M\u00e9xico refrend\u00f3 el convenio de colaboraci\u00f3n con la SEP, de Esteban Moctezuma, para la Olimpiada del Conocimiento Infantil que comprende el periodo 2019-2024, con el objetivo de que alumnos de excelencia acad\u00e9mica de sexto a\u00f1o de primaria sigan estudiando. En los pr\u00f3ximos cinco a\u00f1os invertir\u00e1 5,000 millones de pesos en el fomento de la calidad y excelencia educativa.<\/p>\n<p>&nbsp;<\/p>\n<blockquote>\n<p style=\"text-align: right;\"><strong>Esc\u00fachame de lunes a viernes, de 21 a 22 horas,<br \/>\nen \u201cV\u00edctor S\u00e1nchez Ba\u00f1os en MVS\u201d<\/strong><\/p>\n<\/blockquote>\n<p>&nbsp;<\/p>\n<p><a href=\"https:\/\/mvsnoticias.com\/\" target=\"_blank\" rel=\"noopener noreferrer\"><em>MVSnoticias.com<\/em><\/a><br \/>\n<a href=\"http:\/\/poderydinero.mx\" target=\"_blank\" rel=\"noopener noreferrer\"><em>poderydinero.mx<\/em><\/a><em><b><br \/>\n<\/b><a href=\"mailto:vsb@poderydinero.mx\" target=\"_blank\" rel=\"noopener noreferrer\">vsb@poderydinero.mx<\/a><a href=\"mailto:vsanchezb@gmail.com\" target=\"_blank\" rel=\"noopener noreferrer\"><br \/>\n<\/a><strong>Twitter:<\/strong><a href=\"https:\/\/twitter.com\/vsanchezbanos\" target=\"_blank\" rel=\"noopener noreferrer\">@vsanchezbanos<br \/>\n<\/a><strong>Facebook: <\/strong><a href=\"https:\/\/www.facebook.com\/vsanchezbanos?fref=ts\" target=\"_blank\" rel=\"noopener noreferrer\">vsanchezbanos<\/a><\/em><\/p>\n","protected":false},"excerpt":{"rendered":"<p><span style=\"color: #005497;\"><strong>V\u00edctor S\u00e1nchez Ba\u00f1os<\/strong><\/span><\/p>\n","protected":false},"author":3,"featured_media":0,"comment_status":"open","ping_status":"open","sticky":false,"template":"","format":"standard","meta":{"_monsterinsights_skip_tracking":false,"_monsterinsights_sitenote_active":false,"_monsterinsights_sitenote_note":"","_monsterinsights_sitenote_category":0,"footnotes":""},"categories":[38844],"tags":[43674,38847,38848],"class_list":["post-449121","post","type-post","status-publish","format-standard","hentry","category-victor-sanchez-banos","tag-opinion","tag-poder-y-dinero","tag-victor-sanchez-banos"],"_links":{"self":[{"href":"https:\/\/www.diarioimagen.net\/index.php?rest_route=\/wp\/v2\/posts\/449121","targetHints":{"allow":["GET"]}}],"collection":[{"href":"https:\/\/www.diarioimagen.net\/index.php?rest_route=\/wp\/v2\/posts"}],"about":[{"href":"https:\/\/www.diarioimagen.net\/index.php?rest_route=\/wp\/v2\/types\/post"}],"author":[{"embeddable":true,"href":"https:\/\/www.diarioimagen.net\/index.php?rest_route=\/wp\/v2\/users\/3"}],"replies":[{"embeddable":true,"href":"https:\/\/www.diarioimagen.net\/index.php?rest_route=%2Fwp%2Fv2%2Fcomments&post=449121"}],"version-history":[{"count":0,"href":"https:\/\/www.diarioimagen.net\/index.php?rest_route=\/wp\/v2\/posts\/449121\/revisions"}],"wp:attachment":[{"href":"https:\/\/www.diarioimagen.net\/index.php?rest_route=%2Fwp%2Fv2%2Fmedia&parent=449121"}],"wp:term":[{"taxonomy":"category","embeddable":true,"href":"https:\/\/www.diarioimagen.net\/index.php?rest_route=%2Fwp%2Fv2%2Fcategories&post=449121"},{"taxonomy":"post_tag","embeddable":true,"href":"https:\/\/www.diarioimagen.net\/index.php?rest_route=%2Fwp%2Fv2%2Ftags&post=449121"}],"curies":[{"name":"wp","href":"https:\/\/api.w.org\/{rel}","templated":true}]}}