{"id":449195,"date":"2019-11-06T00:04:46","date_gmt":"2019-11-06T06:04:46","guid":{"rendered":"https:\/\/www.diarioimagen.net\/?p=449195"},"modified":"2019-11-06T07:14:36","modified_gmt":"2019-11-06T13:14:36","slug":"comienza-aplicacion-de-vacunas-contra-la-influenza-y-poliomielitis-en-tlalnepantla","status":"publish","type":"post","link":"https:\/\/www.diarioimagen.net\/?p=449195","title":{"rendered":"Comienza aplicaci\u00f3n de vacunas contra la influenza y poliomielitis en Tlalnepantla"},"content":{"rendered":"<ul>\n<li><strong><em>Jornada nacional de Salud<\/em><\/strong><\/li>\n<\/ul>\n<p>&nbsp;<\/p>\n<div id=\"attachment_449261\" style=\"width: 470px\" class=\"wp-caption aligncenter\"><a href=\"https:\/\/www.diarioimagen.net\/?attachment_id=449261\" rel=\"attachment wp-att-449261\"><img loading=\"lazy\" decoding=\"async\" aria-describedby=\"caption-attachment-449261\" class=\"size-large wp-image-449261\" src=\"https:\/\/www.diarioimagen.net\/wp-content\/uploads\/2019\/11\/TLALNEPLANTLA-460x259.jpg\" alt=\"\" width=\"460\" height=\"259\" srcset=\"https:\/\/www.diarioimagen.net\/wp-content\/uploads\/2019\/11\/TLALNEPLANTLA-460x259.jpg 460w, https:\/\/www.diarioimagen.net\/wp-content\/uploads\/2019\/11\/TLALNEPLANTLA-240x135.jpg 240w, https:\/\/www.diarioimagen.net\/wp-content\/uploads\/2019\/11\/TLALNEPLANTLA-235x132.jpg 235w, https:\/\/www.diarioimagen.net\/wp-content\/uploads\/2019\/11\/TLALNEPLANTLA-202x114.jpg 202w, https:\/\/www.diarioimagen.net\/wp-content\/uploads\/2019\/11\/TLALNEPLANTLA-350x196.jpg 350w, https:\/\/www.diarioimagen.net\/wp-content\/uploads\/2019\/11\/TLALNEPLANTLA-220x123.jpg 220w, https:\/\/www.diarioimagen.net\/wp-content\/uploads\/2019\/11\/TLALNEPLANTLA-237x132.jpg 237w, https:\/\/www.diarioimagen.net\/wp-content\/uploads\/2019\/11\/TLALNEPLANTLA.jpg 480w\" sizes=\"auto, (max-width: 460px) 100vw, 460px\" \/><\/a><p id=\"caption-attachment-449261\" class=\"wp-caption-text\">Inici\u00f3 en Tlalnepantla la Jornada Nacional de Salud con la aplicaci\u00f3n de vacunas contra la influenza y poliomielitis en la primaria Miguel Hidalgo de la colonia L\u00e1zaro C\u00e1rdenas.<\/p><\/div>\n<p>&nbsp;<\/p>\n<p><strong>Tlalnepantla, Estado de M\u00e9xico<\/strong>.- El Gobierno municipal en coordinaci\u00f3n con autoridades estatales y federales, iniciaron la Jornada Nacional de Salud P\u00fablica, que se realiza del 4 al 15 de noviembre, con la aplicaci\u00f3n de vacunas contra la influenza y poliomielitis en la primaria Miguel Hidalgo de la colonia L\u00e1zaro C\u00e1rdenas Tercera Secci\u00f3n.<\/p>\n<p>Al inaugurar la jornada, Raciel P\u00e9rez Cruz, presidente municipal de Tlalnepantla, asegur\u00f3 que las ni\u00f1as y los ni\u00f1os tienen derecho a una vida libre de violencia y a la salud, por lo que se trabaja en equipo para enfrentar el reto de evitar enfermedades, lo que implica un gran esfuerzo de todos los sectores de la poblaci\u00f3n y el Estado Mexicano.<\/p>\n<p>Enfatiz\u00f3 que con la Jornada Nacional de Salud P\u00fablica, el Gobierno Federal, considera demandas de la poblaci\u00f3n con criterios de equidad e inclusi\u00f3n, brinda intervenciones integrales y efectivas de manera transversal, con el prop\u00f3sito de responder a todas las necesidades de salud p\u00fablica en diferentes contextos.<\/p>\n<p>Aar\u00f3n Par\u00eds Guti\u00e9rrez Gardu\u00f1o, Epidemi\u00f3logo de la Jurisdicci\u00f3n Sanitaria de Tlalnepantla, mencion\u00f3 que la nueva estrategia est\u00e1 enfocada en tener ciudadanos sanos, a trav\u00e9s de jornadas nacionales de salud p\u00fablica, con el objetivo de brindar todos los servicios de la Secretaria de Salud, no solamente vacunas.<\/p>\n<p>Inform\u00f3 que en Tlalnepantla se tiene la meta de aplicar 73 mil dosis a la poblaci\u00f3n en general, a trav\u00e9s de las instituciones de salud del municipio, lo que implica un gran avance.<\/p>\n","protected":false},"excerpt":{"rendered":"<p>El Gobierno municipal en coordinaci\u00f3n con autoridades estatales y federales, iniciaron la Jornada Nacional de Salud P\u00fablica, que se realiza del 4 al 15 de noviembre, con la aplicaci\u00f3n de vacunas contra la influenza y poliomielitis en la primaria Miguel Hidalgo de la colonia L\u00e1zaro C\u00e1rdenas Tercera Secci\u00f3n.<\/p>\n","protected":false},"author":3,"featured_media":449261,"comment_status":"open","ping_status":"open","sticky":false,"template":"","format":"standard","meta":{"_monsterinsights_skip_tracking":false,"_monsterinsights_sitenote_active":false,"_monsterinsights_sitenote_note":"","_monsterinsights_sitenote_category":0,"footnotes":""},"categories":[5],"tags":[43675,663,88549,169],"class_list":["post-449195","post","type-post","status-publish","format-standard","has-post-thumbnail","hentry","category-estado-de-mexico","tag-estado-de-mexico","tag-influenza","tag-poliomielitis","tag-tlalnepantla"],"_links":{"self":[{"href":"https:\/\/www.diarioimagen.net\/index.php?rest_route=\/wp\/v2\/posts\/449195","targetHints":{"allow":["GET"]}}],"collection":[{"href":"https:\/\/www.diarioimagen.net\/index.php?rest_route=\/wp\/v2\/posts"}],"about":[{"href":"https:\/\/www.diarioimagen.net\/index.php?rest_route=\/wp\/v2\/types\/post"}],"author":[{"embeddable":true,"href":"https:\/\/www.diarioimagen.net\/index.php?rest_route=\/wp\/v2\/users\/3"}],"replies":[{"embeddable":true,"href":"https:\/\/www.diarioimagen.net\/index.php?rest_route=%2Fwp%2Fv2%2Fcomments&post=449195"}],"version-history":[{"count":0,"href":"https:\/\/www.diarioimagen.net\/index.php?rest_route=\/wp\/v2\/posts\/449195\/revisions"}],"wp:featuredmedia":[{"embeddable":true,"href":"https:\/\/www.diarioimagen.net\/index.php?rest_route=\/wp\/v2\/media\/449261"}],"wp:attachment":[{"href":"https:\/\/www.diarioimagen.net\/index.php?rest_route=%2Fwp%2Fv2%2Fmedia&parent=449195"}],"wp:term":[{"taxonomy":"category","embeddable":true,"href":"https:\/\/www.diarioimagen.net\/index.php?rest_route=%2Fwp%2Fv2%2Fcategories&post=449195"},{"taxonomy":"post_tag","embeddable":true,"href":"https:\/\/www.diarioimagen.net\/index.php?rest_route=%2Fwp%2Fv2%2Ftags&post=449195"}],"curies":[{"name":"wp","href":"https:\/\/api.w.org\/{rel}","templated":true}]}}