{"id":449197,"date":"2019-11-06T00:03:09","date_gmt":"2019-11-06T06:03:09","guid":{"rendered":"https:\/\/www.diarioimagen.net\/?p=449197"},"modified":"2019-11-06T07:17:35","modified_gmt":"2019-11-06T13:17:35","slug":"el-dif-mejora-calidad-de-vida-de-personas-con-discapacidad-entrega-de-sillas-de-ruedas","status":"publish","type":"post","link":"https:\/\/www.diarioimagen.net\/?p=449197","title":{"rendered":"El DIF mejora calidad de vida de personas con discapacidad; entrega de sillas de ruedas"},"content":{"rendered":"<ul>\n<li><strong><em>Beneficios a cuautitlenses<\/em><\/strong><\/li>\n<\/ul>\n<p>&nbsp;<\/p>\n<div id=\"attachment_449266\" style=\"width: 470px\" class=\"wp-caption aligncenter\"><a href=\"https:\/\/www.diarioimagen.net\/?attachment_id=449266\" rel=\"attachment wp-att-449266\"><img loading=\"lazy\" decoding=\"async\" aria-describedby=\"caption-attachment-449266\" class=\"size-large wp-image-449266\" src=\"https:\/\/www.diarioimagen.net\/wp-content\/uploads\/2019\/11\/cuau-460x327.jpg\" alt=\"\" width=\"460\" height=\"327\" srcset=\"https:\/\/www.diarioimagen.net\/wp-content\/uploads\/2019\/11\/cuau-460x327.jpg 460w, https:\/\/www.diarioimagen.net\/wp-content\/uploads\/2019\/11\/cuau-240x170.jpg 240w, https:\/\/www.diarioimagen.net\/wp-content\/uploads\/2019\/11\/cuau-90x65.jpg 90w, https:\/\/www.diarioimagen.net\/wp-content\/uploads\/2019\/11\/cuau.jpg 700w\" sizes=\"auto, (max-width: 460px) 100vw, 460px\" \/><\/a><p id=\"caption-attachment-449266\" class=\"wp-caption-text\">El DIF hizo entrega de tres sillas de ruedas a vecinos con discapacidad en Cuautitl\u00e1n.<\/p><\/div>\n<p>&nbsp;<\/p>\n<p><strong>Cuautitl\u00e1n, Estado de M\u00e9xico<\/strong>.- En la Unidad de Rehabilitaci\u00f3n e Integraci\u00f3n Social URIS de Cuautitl\u00e1n del Sistema municipal DIF, se hizo entrega de tres sillas de ruedas a vecinos con discapacidad del municipio, con el objetivo de apoyarlos en sus actividades diarias y mejorar su calidad de vida y de las familias.<\/p>\n<p>Estos recursos se entregaron por parte del DIF del Estado de M\u00e9xico, en coordinaci\u00f3n con el sistema municipal, el cual da respuesta a las peticiones ciudadanas recibidas y canalizadas a trav\u00e9s de los estudios socioecon\u00f3micos realizados por el personal de servicio social, quienes visitan los domicilios de los solicitantes.<\/p>\n<p>En esta ocasi\u00f3n los beneficiados fueron: Francisco Javier Garc\u00eda, de 25 a\u00f1os, con una silla especial para PCI (par\u00e1lisis cerebral Infantil); el cual no contaba con una silla propia; Jos\u00e9 Mar\u00eda Salazar de 12 a\u00f1os y Milton Carlos Gardu\u00f1o de 28 a\u00f1os, con sillas est\u00e1ndar.<\/p>\n<p>La coordinadora del DIFEM en la regi\u00f3n durante la entrega de apoyos destac\u00f3 que se da respuesta a las necesidades de las personas que m\u00e1s requieren un aparato funcional de calidad y en Cuautitl\u00e1n se trabaja en equipo lo que ha permitido beneficiar a un mayor n\u00famero de personas con alguna discapacidad y adultos mayores por lo que se continuar\u00e1n ampliando las metas para este a\u00f1o.<\/p>\n<p>El URIS de Cuautitl\u00e1n, cuenta con los servicios de Atenci\u00f3n M\u00e9dica, Terapia de Lenguaje, Pedagog\u00eda, Integraci\u00f3n Social, Deporte Adaptado, Terapia Ocupacional, Estimulaci\u00f3n M\u00faltiple Temprana, donde el equipo multidisciplinario trabaja con el objetivo de mejorar las condiciones de vida de los pacientes.<\/p>\n<p>Las personas que requieran de alg\u00fan servicio pueden acudir al URIS, ubicado en la calle Luis G. Mart\u00ednez, no. 112, colonia Romita, en el centro de Cuautitl\u00e1n o pedir informes a los tel\u00e9fonos 2620-5106 y 5872-2453.<\/p>\n","protected":false},"excerpt":{"rendered":"<p>En la Unidad de Rehabilitaci\u00f3n e Integraci\u00f3n Social URIS de Cuautitl\u00e1n del Sistema municipal DIF, se hizo entrega de tres sillas de ruedas a vecinos con discapacidad del municipio, con el objetivo de apoyarlos en sus actividades diarias y mejorar su calidad de vida y de las familias.<\/p>\n","protected":false},"author":3,"featured_media":449266,"comment_status":"open","ping_status":"open","sticky":false,"template":"","format":"standard","meta":{"_monsterinsights_skip_tracking":false,"_monsterinsights_sitenote_active":false,"_monsterinsights_sitenote_note":"","_monsterinsights_sitenote_category":0,"footnotes":""},"categories":[5],"tags":[681,24566,43675,67365],"class_list":["post-449197","post","type-post","status-publish","format-standard","has-post-thumbnail","hentry","category-estado-de-mexico","tag-cuautitlan","tag-discapacidad","tag-estado-de-mexico","tag-sillas-de-ruedas"],"_links":{"self":[{"href":"https:\/\/www.diarioimagen.net\/index.php?rest_route=\/wp\/v2\/posts\/449197","targetHints":{"allow":["GET"]}}],"collection":[{"href":"https:\/\/www.diarioimagen.net\/index.php?rest_route=\/wp\/v2\/posts"}],"about":[{"href":"https:\/\/www.diarioimagen.net\/index.php?rest_route=\/wp\/v2\/types\/post"}],"author":[{"embeddable":true,"href":"https:\/\/www.diarioimagen.net\/index.php?rest_route=\/wp\/v2\/users\/3"}],"replies":[{"embeddable":true,"href":"https:\/\/www.diarioimagen.net\/index.php?rest_route=%2Fwp%2Fv2%2Fcomments&post=449197"}],"version-history":[{"count":0,"href":"https:\/\/www.diarioimagen.net\/index.php?rest_route=\/wp\/v2\/posts\/449197\/revisions"}],"wp:featuredmedia":[{"embeddable":true,"href":"https:\/\/www.diarioimagen.net\/index.php?rest_route=\/wp\/v2\/media\/449266"}],"wp:attachment":[{"href":"https:\/\/www.diarioimagen.net\/index.php?rest_route=%2Fwp%2Fv2%2Fmedia&parent=449197"}],"wp:term":[{"taxonomy":"category","embeddable":true,"href":"https:\/\/www.diarioimagen.net\/index.php?rest_route=%2Fwp%2Fv2%2Fcategories&post=449197"},{"taxonomy":"post_tag","embeddable":true,"href":"https:\/\/www.diarioimagen.net\/index.php?rest_route=%2Fwp%2Fv2%2Ftags&post=449197"}],"curies":[{"name":"wp","href":"https:\/\/api.w.org\/{rel}","templated":true}]}}