{"id":449201,"date":"2019-11-06T00:01:12","date_gmt":"2019-11-06T06:01:12","guid":{"rendered":"https:\/\/www.diarioimagen.net\/?p=449201"},"modified":"2019-11-06T07:21:08","modified_gmt":"2019-11-06T13:21:08","slug":"nicolas-romero-impone-record-en-festival-de-dia-de-muertos","status":"publish","type":"post","link":"https:\/\/www.diarioimagen.net\/?p=449201","title":{"rendered":"Nicol\u00e1s Romero impone r\u00e9cord en Festival de D\u00eda de Muertos"},"content":{"rendered":"<p><a href=\"https:\/\/www.diarioimagen.net\/?attachment_id=449270\" rel=\"attachment wp-att-449270\"><img loading=\"lazy\" decoding=\"async\" class=\"aligncenter size-large wp-image-449270\" src=\"https:\/\/www.diarioimagen.net\/wp-content\/uploads\/2019\/11\/nicolas-460x306.jpg\" alt=\"\" width=\"460\" height=\"306\" srcset=\"https:\/\/www.diarioimagen.net\/wp-content\/uploads\/2019\/11\/nicolas-460x306.jpg 460w, https:\/\/www.diarioimagen.net\/wp-content\/uploads\/2019\/11\/nicolas-240x160.jpg 240w, https:\/\/www.diarioimagen.net\/wp-content\/uploads\/2019\/11\/nicolas.jpg 700w\" sizes=\"auto, (max-width: 460px) 100vw, 460px\" \/><\/a><\/p>\n<p>&nbsp;<\/p>\n<p><strong>Nicol\u00e1s Romero, Estado de M\u00e9xico<\/strong><strong>.-<\/strong> M\u00e1s de 12 mil personas disfrutaron del Primer Festival de D\u00eda de Muertos organizado por el gobierno Municipal de Nicol\u00e1s Romero los d\u00edas 31 de octubre y 1 de noviembre en la Explanada Municipal y las principales calles de San Pedro.<\/p>\n<p>Las actividades del llamado \u201cFestival de los Suspiros\u201d comenzaron el 28 de octubre con la exhibici\u00f3n de m\u00e1s de 20 Catrinas dentro del Palacio Municipal y en la Casa del Adulto Mayor \u201cLa Victoria\u201d. Las Catrinas fueron expuestas tambi\u00e9n en la plaza, donde durante todo el 1 de noviembre.<\/p>\n<p>El alcalde Armando Navarrete, recorri\u00f3 la exposici\u00f3n de tapetes, ofrenda y Catrinas, mientras sus autores le explicaron el significado de cada una de ellas y ciudadanos se acercaban a saludarle.<\/p>\n","protected":false},"excerpt":{"rendered":"<p>M\u00e1s de 12 mil personas disfrutaron del Primer Festival de D\u00eda de Muertos organizado por el gobierno Municipal de Nicol\u00e1s Romero los d\u00edas 31 de octubre y 1 de noviembre en la Explanada Municipal y las principales calles de San Pedro.<\/p>\n","protected":false},"author":3,"featured_media":449270,"comment_status":"open","ping_status":"open","sticky":false,"template":"","format":"standard","meta":{"_monsterinsights_skip_tracking":false,"_monsterinsights_sitenote_active":false,"_monsterinsights_sitenote_note":"","_monsterinsights_sitenote_category":0,"footnotes":""},"categories":[5],"tags":[12303,43675,752],"class_list":["post-449201","post","type-post","status-publish","format-standard","has-post-thumbnail","hentry","category-estado-de-mexico","tag-dia-de-muertos","tag-estado-de-mexico","tag-nicolas-romero"],"_links":{"self":[{"href":"https:\/\/www.diarioimagen.net\/index.php?rest_route=\/wp\/v2\/posts\/449201","targetHints":{"allow":["GET"]}}],"collection":[{"href":"https:\/\/www.diarioimagen.net\/index.php?rest_route=\/wp\/v2\/posts"}],"about":[{"href":"https:\/\/www.diarioimagen.net\/index.php?rest_route=\/wp\/v2\/types\/post"}],"author":[{"embeddable":true,"href":"https:\/\/www.diarioimagen.net\/index.php?rest_route=\/wp\/v2\/users\/3"}],"replies":[{"embeddable":true,"href":"https:\/\/www.diarioimagen.net\/index.php?rest_route=%2Fwp%2Fv2%2Fcomments&post=449201"}],"version-history":[{"count":0,"href":"https:\/\/www.diarioimagen.net\/index.php?rest_route=\/wp\/v2\/posts\/449201\/revisions"}],"wp:featuredmedia":[{"embeddable":true,"href":"https:\/\/www.diarioimagen.net\/index.php?rest_route=\/wp\/v2\/media\/449270"}],"wp:attachment":[{"href":"https:\/\/www.diarioimagen.net\/index.php?rest_route=%2Fwp%2Fv2%2Fmedia&parent=449201"}],"wp:term":[{"taxonomy":"category","embeddable":true,"href":"https:\/\/www.diarioimagen.net\/index.php?rest_route=%2Fwp%2Fv2%2Fcategories&post=449201"},{"taxonomy":"post_tag","embeddable":true,"href":"https:\/\/www.diarioimagen.net\/index.php?rest_route=%2Fwp%2Fv2%2Ftags&post=449201"}],"curies":[{"name":"wp","href":"https:\/\/api.w.org\/{rel}","templated":true}]}}