{"id":449203,"date":"2019-11-06T00:01:27","date_gmt":"2019-11-06T06:01:27","guid":{"rendered":"https:\/\/www.diarioimagen.net\/?p=449203"},"modified":"2019-11-06T07:22:42","modified_gmt":"2019-11-06T13:22:42","slug":"el-maquillaje-tiene-su-gracia-no-es-solo-untarse-mejunjes-segun-ensenaron-en-simpatica-catedra-patrocinada-por-west-jet","status":"publish","type":"post","link":"https:\/\/www.diarioimagen.net\/?p=449203","title":{"rendered":"El maquillaje tiene su gracia, no es s\u00f3lo untarse mejunjes, seg\u00fan ense\u00f1aron en simp\u00e1tica \u201cc\u00e1tedra\u201d patrocinada por West Jet"},"content":{"rendered":"<h2>De cinco estrellas<\/h2>\n<h5>Victoria Gonz\u00e1lez Prado<\/h5>\n<p>&nbsp;<\/p>\n<ul>\n<li><strong>IHG<em> da la bienvenida al <\/em>Holiday Inn &amp; Suites Monterrey Apodaca<em> Zona Aeropuerto y fortalece su presencia en el norte de M\u00e9xico<\/em><\/strong><\/li>\n<\/ul>\n<p>&nbsp;<\/p>\n<div id=\"attachment_449273\" style=\"width: 470px\" class=\"wp-caption aligncenter\"><a href=\"https:\/\/www.diarioimagen.net\/?attachment_id=449273\" rel=\"attachment wp-att-449273\"><img loading=\"lazy\" decoding=\"async\" aria-describedby=\"caption-attachment-449273\" class=\"size-large wp-image-449273\" src=\"https:\/\/www.diarioimagen.net\/wp-content\/uploads\/2019\/11\/turismo-2-460x259.jpg\" alt=\"\" width=\"460\" height=\"259\" srcset=\"https:\/\/www.diarioimagen.net\/wp-content\/uploads\/2019\/11\/turismo-2-460x259.jpg 460w, https:\/\/www.diarioimagen.net\/wp-content\/uploads\/2019\/11\/turismo-2-240x135.jpg 240w, https:\/\/www.diarioimagen.net\/wp-content\/uploads\/2019\/11\/turismo-2-235x132.jpg 235w, https:\/\/www.diarioimagen.net\/wp-content\/uploads\/2019\/11\/turismo-2-202x114.jpg 202w, https:\/\/www.diarioimagen.net\/wp-content\/uploads\/2019\/11\/turismo-2-350x196.jpg 350w, https:\/\/www.diarioimagen.net\/wp-content\/uploads\/2019\/11\/turismo-2-220x123.jpg 220w, https:\/\/www.diarioimagen.net\/wp-content\/uploads\/2019\/11\/turismo-2-237x132.jpg 237w, https:\/\/www.diarioimagen.net\/wp-content\/uploads\/2019\/11\/turismo-2.jpg 480w\" sizes=\"auto, (max-width: 460px) 100vw, 460px\" \/><\/a><p id=\"caption-attachment-449273\" class=\"wp-caption-text\">Los anfitriones luego de la presentaci\u00f3n.<\/p><\/div>\n<p>&nbsp;<\/p>\n<p>El maquillaje, caleidoscopio de colores sin cuento en l\u00e1pices y pastas que no est\u00e1n lejos de ser vistos como resultado de p\u00f3cimas de brujer\u00eda por los cambios asombrosos que dan a los rostros femeninos, tiene historia milenaria. Hoy en d\u00eda se designa maquillaje a todo aquel producto o elemento que se usa en la decoraci\u00f3n, coloreado y arreglo de los rasgos faciales de una persona.<\/p>\n<p>Los principales registros de su empleo se remontan a los antiguos imperios de Egipto y Roma. Los egipcios utilizaban colores fuertes y brillantes para resaltar los ojos, y te\u00f1\u00edan sus labios con ocre y \u00f3xido de hierro natural.<\/p>\n<p>Durante el siglo XVI el auge de los cosm\u00e9ticos surgi\u00f3 en Italia con los monjes de Santa Mar\u00eda Novella, que crearon el primer laboratorio donde se elaboraron cosm\u00e9ticos y medicinas. Lo cual llev\u00f3 a las mujeres de Venecia, aficionadas al glamur, a utilizar lo que ahora llamamos maquillaje, es decir la aplicaci\u00f3n est\u00e9tica de los cosm\u00e9ticos.<\/p>\n<p>Yo siempre he querido maquillarme y no lo consigo. Cuando lo he intentado, la cara luce como pan espolvoreado de az\u00facar glass. Por eso m\u00e1s que nada, cuando <strong>Carla<\/strong> <strong>Ponce de Le\u00f3n <\/strong>nos invit\u00f3 a clase de maquillaje, de inmediato acept\u00e9. Seguro aprender\u00eda. <strong>Lorena Guti\u00e9rrez<\/strong>, cosmiatra y <em>master make up,<\/em> dio s\u00faper clase y recomendaciones para maquillaje apropiado, en uno de los salones del hotel Royal, en la Zona Rosa.<\/p>\n<p>La \u201cc\u00e1tedra\u201d de la cosmiatra tuvo mucha audiencia. y result\u00f3 \u00e9xito rotundo. <strong>Lorena<\/strong> dio muchos <em>tips<\/em> acerca de qu\u00e9 se debe evitar, como oscurecer demasiado las cejas y parezcan \u201cazotadores\u201d encima de los ojos; usar maquillaje del mismo tono de la piel, que es el error m\u00e1s com\u00fan; probar el maquillaje en la mano o en el cuello, utilizar delineador l\u00edquido durante el d\u00eda, etc. A muchas de las que est\u00e1bamos ah\u00ed nos quedaron \u201cal dedillo\u201d las recomendaciones.<\/p>\n<p>Tambi\u00e9n se refiri\u00f3 a la importancia de cuidar el rostro con productos adecuados para cada tipo de piel, recomend\u00f3 aplicar cremas hidratantes, cremas para ojos y, muy importante, usar siempre bloqueador solar.<\/p>\n<p>Habl\u00f3 de bases de maquillaje, aplicaci\u00f3n de serum e iluminadores de p\u00f3mulos, de la importancia de aplicar m\u00e1scara para pesta\u00f1as, pues \u00e9stas son el marco de la mirada; los distintos pinceles que deben utilizarse, c\u00f3mo y d\u00f3nde colocar el rubor.<\/p>\n<p>Para poner el ejemplo pidi\u00f3 a tres voluntarias para que fueran modelos y s\u00f3lo maquill\u00f3 la mitad de sus rostros para que los invitados \u2013poco m\u00e1s de cien\u2014vi\u00e9ramos la diferencia entre uno y otro lado. En la reuni\u00f3n hubo algunos caballeros que miraban \u201ccasi con la boca abierta\u201d los cambios evidentes despu\u00e9s de esa aplicaci\u00f3n de maquillaje.<\/p>\n<p>La \u201cc\u00e1tedra\u201d de aplicaci\u00f3n de cosm\u00e9ticos fue patrocinada por la aerol\u00ednea canadiense <em>West Jet <\/em>\u2014representada por Sales Internacional, empresa que dirige <strong>Jorge Sales<\/strong>\u2014, cuya direcci\u00f3n comercial est\u00e1 a cargo de <strong>Carla Ponce de Le\u00f3n, <\/strong>quien se ha dedicado a realizar originales y divertidos eventos para capacitar a los agentes de viajes.<\/p>\n<p>Al final, en las din\u00e1micas, se dieron certificados para cursos individuales de maquillaje, y otros regalos a quienes contestaban correctamente algunas preguntas relativas a <em>West Jet<\/em>, el hotel Royal y sobre Sales Internacional.<\/p>\n<p>Es importante se\u00f1alar que la aerol\u00ednea canadiense \u2014fundada en 1996\u2014, actualmente cuenta con 720 vuelos diarios a 105 destinos en Canad\u00e1. Estados Unidos, Europa, M\u00e9xico, Am\u00e9rica Central y el Caribe. Todas sus rutas originales estaban ubicadas en el Oeste de Canad\u00e1, lo que le dio nombre a la l\u00ednea a\u00e9rea.<\/p>\n<p>\u2730\u2730\u2730\u2730\u2730 IHG, (<em>InterContinental Hotels Group<\/em>), dio a conocer la apertura del hotel de nueva construcci\u00f3n <em>Holiday Inn Suites Monterrey Apodaca<\/em> zona Aeropuerto, ubicado en Parque Industrial <em>Milimex<\/em>, corredor industrial en la Ciudad de Monterrey.<\/p>\n<p><strong>Gerardo Murray<\/strong>, vicepresidente comercial, mercadeo y estrategia de negocios M\u00e9xico, Am\u00e9rica Latina y Caribe, IHG dijo: \u201cestamos muy orgullosos de fortalecer la presencia de IHG en la ciudad de Monterrey. La llegada de este hotel a Apodaca beneficiar\u00e1 a viajeros de negocio y placer. Estamos muy contentos de expandir la presencia de la marca en el norte de M\u00e9xico con una propiedad que cubrir\u00e1 las necesidades de los viajeros\u201d.<\/p>\n<p>El hotel <em>Holiday Inn &amp; Suites Monterrey Apodaca z<\/em>ona Aeropuerto, es propiedad de Inmobiliaria Nivel Cinco Cero Dos, S.A. de C.V., \u00a0y operado por <em>Marca Hotel Solutions<\/em>, S.A. de C.V. bajo filial de IHG y es parte de la diversa familia de marcas de IHG en cerca de 100 pa\u00edses y territorios. Se ubica en Av. Miguel Alem\u00e1n, Parque Industrial <em>Milimex<\/em> dentro de la Plaza Comercial Nave01, a tan s\u00f3lo 10 minutos del aeropuerto y a 20 minutos del centro de la ciudad.<\/p>\n<p>Tiene 210 habitaciones con modernos dise\u00f1os, c\u00f3modas camas tama\u00f1o <em>king<\/em> o dos camas <em>queen<\/em> y selecci\u00f3n de almohadas firmes o suaves para descanso reconfortante; Las habitaciones cuentan con TV HD de 49\u201d, minibar, cafetera con caf\u00e9 de cortes\u00eda y escritorio con silla ergon\u00f3mica. Adem\u00e1s, cada una de las 31 suites tiene sala de estar independiente, horno de microondas, entre otras amenidades adicionales.<\/p>\n<p>Para los hu\u00e9spedes que buscan servicios para ayudarlos a trabajar y relajarse, el hotel cuenta con cuatro salones con capacidad m\u00e1xima de 150 personas para peque\u00f1os y medianos eventos. En el restaurante Los Olivos, podr\u00e1n degustar platillos internacionales y distintas opciones de cocina t\u00edpica regional y nacional. \u201cLos Ni\u00f1os Comen Gratis\u201d (<em>Kids Eat Free<\/em>) en el consumo de los adultos durante el desayuno buffet, comida y cena a la carta.<\/p>\n<p>Cuenta con alberca al aire libre, gimnasio, centro de negocios 24 horas, asador, estacionamiento gratuito, salas de reuniones flexibles, <em>wi-fi<\/em> con conexi\u00f3n de alta velocidad de <em>IHG Connect.<\/em><\/p>\n<p>El hotel <em>Holiday Inn &amp; Suites Monterrey Apodaca<\/em> Zona Aeropuerto participa en <em>IHG Rewards<\/em>, el primer programa de lealtad en hoteles en el mundo y el m\u00e1s grande, sin costo. Los hu\u00e9spedes pueden inscribirse en IHGRewardsClub.com, descargando la <em>IHG App,<\/em> preguntando en la recepci\u00f3n de cualquiera de los m\u00e1s de 5 mil 700 hoteles en todo el mundo. Tambi\u00e9n participa en <em>IHG Green Engage<\/em> y ofrece programas cuidando la sustentabilidad. Las reservaciones pueden hacerse llamando al 1-888-HOLIDAY o visitando <em>www.ihg.com<\/em><\/p>\n<p><em><span class=\"Apple-converted-space\"><a href=\"mailto:victoriagprado@gmail.com\" target=\"_blank\" rel=\"noopener noreferrer\">victoriagprado@gmail.com<\/a><br \/>\nTwitter: <a href=\"https:\/\/twitter.com\/victoriagprado\" target=\"_blank\" rel=\"noopener noreferrer\">@victoriagprado<\/a><\/span><\/em><\/p>\n","protected":false},"excerpt":{"rendered":"<p>El maquillaje, caleidoscopio de colores sin cuento en l\u00e1pices y pastas que no est\u00e1n lejos de ser vistos como resultado de p\u00f3cimas de brujer\u00eda por los cambios asombrosos que dan a los rostros femeninos, tiene historia milenaria. Hoy en d\u00eda se designa maquillaje a todo aquel producto o elemento que se usa en la decoraci\u00f3n, coloreado y arreglo de los rasgos faciales de una persona.<\/p>\n","protected":false},"author":3,"featured_media":449273,"comment_status":"open","ping_status":"open","sticky":false,"template":"","format":"standard","meta":{"_monsterinsights_skip_tracking":false,"_monsterinsights_sitenote_active":false,"_monsterinsights_sitenote_note":"","_monsterinsights_sitenote_category":0,"footnotes":""},"categories":[11],"tags":[107,43674,43681,106],"class_list":["post-449203","post","type-post","status-publish","format-standard","has-post-thumbnail","hentry","category-turismo","tag-de-cinco-estrellas","tag-opinion","tag-turismo","tag-victoria-gonzalez-prado"],"_links":{"self":[{"href":"https:\/\/www.diarioimagen.net\/index.php?rest_route=\/wp\/v2\/posts\/449203","targetHints":{"allow":["GET"]}}],"collection":[{"href":"https:\/\/www.diarioimagen.net\/index.php?rest_route=\/wp\/v2\/posts"}],"about":[{"href":"https:\/\/www.diarioimagen.net\/index.php?rest_route=\/wp\/v2\/types\/post"}],"author":[{"embeddable":true,"href":"https:\/\/www.diarioimagen.net\/index.php?rest_route=\/wp\/v2\/users\/3"}],"replies":[{"embeddable":true,"href":"https:\/\/www.diarioimagen.net\/index.php?rest_route=%2Fwp%2Fv2%2Fcomments&post=449203"}],"version-history":[{"count":0,"href":"https:\/\/www.diarioimagen.net\/index.php?rest_route=\/wp\/v2\/posts\/449203\/revisions"}],"wp:featuredmedia":[{"embeddable":true,"href":"https:\/\/www.diarioimagen.net\/index.php?rest_route=\/wp\/v2\/media\/449273"}],"wp:attachment":[{"href":"https:\/\/www.diarioimagen.net\/index.php?rest_route=%2Fwp%2Fv2%2Fmedia&parent=449203"}],"wp:term":[{"taxonomy":"category","embeddable":true,"href":"https:\/\/www.diarioimagen.net\/index.php?rest_route=%2Fwp%2Fv2%2Fcategories&post=449203"},{"taxonomy":"post_tag","embeddable":true,"href":"https:\/\/www.diarioimagen.net\/index.php?rest_route=%2Fwp%2Fv2%2Ftags&post=449203"}],"curies":[{"name":"wp","href":"https:\/\/api.w.org\/{rel}","templated":true}]}}