{"id":449217,"date":"2019-11-06T00:01:28","date_gmt":"2019-11-06T06:01:28","guid":{"rendered":"https:\/\/www.diarioimagen.net\/?p=449217"},"modified":"2019-11-06T01:39:03","modified_gmt":"2019-11-06T07:39:03","slug":"si-en-operativo-culiacan-durazo-esta-perdido-en-caso-lebaron-esta-peor","status":"publish","type":"post","link":"https:\/\/www.diarioimagen.net\/?p=449217","title":{"rendered":"Si en operativo Culiac\u00e1n, Durazo est\u00e1 perdido, en caso LeBar\u00f3n est\u00e1 peor"},"content":{"rendered":"<h2>La Retaguardia<\/h2>\n<h5>Adriana Moreno Cordero<\/h5>\n<p><em>\u00a0<\/em><\/p>\n<ul>\n<li><strong><em>Desde Palacio Nacional manejan versi\u00f3n de una confusi\u00f3n<\/em><\/strong><\/li>\n<\/ul>\n<p>&nbsp;<\/p>\n<p>Mucho pesar sinti\u00f3 el flamante secretario de Seguridad y Protecci\u00f3n Ciudadana, <strong>Alfonso Durazo Monta\u00f1o<\/strong>, porque el d\u00eda que le toc\u00f3 comparecer ante Comisiones en el Senado de la Rep\u00fablica, adem\u00e1s de llegar con el fallido Operativo Culiac\u00e1n a cuestas, tuvo tambi\u00e9n que responder preguntas sobre la matanza de miembros de la familia LeBar\u00f3n, en Sonora, en una emboscada en los l\u00edmites entre esa entidad y los Estados Unidos, y lo primero que se le ocurri\u00f3 decir al funcionario que por cierto, es sonorense de nacimiento y aspira a gobernar su estado alguna vez en la vida, lo cual se ve harto dif\u00edcil, que se hab\u00eda tratado de una confusi\u00f3n. \u00a1Qu\u00e9 tal!<\/p>\n<p>Pero lo que no tiene comparaci\u00f3n, es que ayer desde la gustad\u00edsima conferencia de prensa ma\u00f1anera, el presidente <strong>Andr\u00e9s Manuel L\u00f3pez Obrador<\/strong> se atrevi\u00f3 a decir que en materia de combate a la inseguridad, ya hay resultados que permiten \u201cdetener la escalada de violencia de c\u00f3mo ha ido creciendo la incidencia delictiva y como la hemos estabilizado\u201d. No, pues s\u00ed.<\/p>\n<p>Muy puntual, a las nueve de la ma\u00f1ana, Durazo estuvo ante la Comisi\u00f3n que preside la siempre distinguida senadora morenista <strong>Luc\u00eda Trasvi\u00f1a<\/strong>, s\u00ed, esa que hace gala de su \u201cflorido\u201d lenguaje \u2013m\u00e1s digno de un carretonero que de una legisladora-, en contra de la oposici\u00f3n, porque carece de argumentos s\u00f3lidos\u00a0 para el debate. Efectivamente, esa que por sus redes se ha tomado fotograf\u00edas mostrando una pistola fajada a la cintura.<\/p>\n<p>El caso es que ayer, Trasvi\u00f1a estaba muy calladita y \u201ceducadita\u201d y en un gesto muy, pero muy maternal, cuando a las once de la ma\u00f1ana, la senadora del PAN, Indira de Jes\u00fas Rosales le obsequi\u00f3 a Durazo Monta\u00f1o un peque\u00f1o Pinocho de madera porque con respecto no solo al Operativo Culiac\u00e1n, \u201chemos visto mentira tras mentira\u201d, lo tom\u00f3 entre sus brazos como si fuera un beb\u00e9, sonri\u00f3 y lo arrull\u00f3.<\/p>\n<p>Ante la oposici\u00f3n, de nada sirvi\u00f3 que el secretario Durazo dijera desde la tribuna de la C\u00e1mara Alta una y otra vez que, \u201cen el caso de Culiac\u00e1n por su peso hist\u00f3rico, el pa\u00eds merece la verdad. Iremos informando seg\u00fan avance la investigaci\u00f3n\u201d. Esto \u00faltimo en el mejor de los casos, es una promesa m\u00e1s hueca que nada.<\/p>\n<p>Pese a que los legisladores morenistas estuvieron muy mesurados todo el tiempo, esto, sin dejar de defender a Durazo, la oposici\u00f3n sigui\u00f3 cuestionando. Ah\u00ed est\u00e1 que a pregunta del experredista, ahora militante de Movimiento Ciudadano, <strong>Juan Zepeda<\/strong> pregunt\u00f3 sobre si hay una espl\u00e9ndida coordinaci\u00f3n en el combate a la insegurdiad, por qu\u00e9\u00a0 no se vio nada durante dicho Operativo, respondi\u00f3 que si bien \u201chay una extraordinaria coordinaci\u00f3n entre el Gabinete, \u00e9sta no es perfecta\u201d.<\/p>\n<p>\u201cHay imperfecciones y asumimos las consecuencias\u201d, tuvo que reconocer Durazo.<\/p>\n<p>Es m\u00e1s, el sonorense lleg\u00f3 al grado de admitir que acci\u00f3n que llev\u00f3 a cabo un grupo de \u00e9lite del Ej\u00e9rcito el pasado 17 de octubre, no debi\u00f3 hacerse, pues no hab\u00eda condiciones. No cabe duda que el titular de la SSPC \u201cdescubri\u00f3 el hilo negro\u201d.<\/p>\n<p>Pero si en el caso Culiac\u00e1n, Durazo est\u00e1 pr\u00e1cticamente perdido, en el asesinato de integrantes de la familia Le Bar\u00f3n, anda peor.<\/p>\n<p>Luego de estos lamentables y condenables hechos, L\u00f3pez Obrador\u00a0 recibi\u00f3 la llamada del presidente <strong>Donald Trump<\/strong>. En la ma\u00f1anera, el tabasque\u00f1o agradeci\u00f3 \u201cmucho, mucho\u201d los mensajes de Trump, as\u00ed como las propuestas de colaboraci\u00f3n que ofreci\u00f3 el inquilino de la Casa Blanca para que elementos del FBI y la DEA, ayuden en nuestro pa\u00eds con las investigaciones.<\/p>\n<p>Sin embargo, el presidente L\u00f3pez Obrador acot\u00f3 que en M\u00e9xico \u201ctenemos que actuar con nuestra tradici\u00f3n de dependencia y soberan\u00eda\u2026 (en el caso Le Baron), hay que ver si fue una confusi\u00f3n o un ataque directo a la familia, pero eso lo sabremos una vez que terminen las investigaciones. Una actitud un tanto cuanto tibia por parte del presidente mexicano.<\/p>\n<p>Ahora, como puede observarse, la moneda est\u00e1 en el aire y habr\u00e1 que seguir muy de cerca la actitud que tome el tabasque\u00f1o al respecto.<\/p>\n<p style=\"text-align: center;\"><strong>MUNICIONES<\/strong><\/p>\n<p>*** El parque lineal ecol\u00f3gico Gran Canal, -que corre a lo largo de 20 colonias, es una de las obras prioritarias\u00a0 del gobierno local. Y esa prioridad es compartida por el alcalde\u00a0 de Venustiano Carranza, <strong>Julio C\u00e9sar Moreno<\/strong>, quien manifest\u00f3 su preocupaci\u00f3n a los legisladores locales de la Ciudad de M\u00e9xico por la falta de recursos para realizar el tercer tramo de este parque lineal, proyecto de regeneraci\u00f3n urbana. Se\u00f1al\u00f3 que su alcald\u00eda tiene la posibilidad de continuar la tercera etapa que corre sobre avenida del Pe\u00f1\u00f3n y \u00e9sta intervenci\u00f3n ayudar\u00eda a disminuir la inseguridad en la zona. As\u00ed que pidi\u00f3 a los legisladores su apoyo porque sin duda, hay mucho por hacer.<\/p>\n<p>*** Atrapados en el espinoso tema para elegir a quien presidir\u00e1 la conducci\u00f3n de la Comisi\u00f3n Nacional de los Derechos Humanos, en los pr\u00f3ximos cinco a\u00f1os, los y las senadoras optaron por diferir el tema hasta la pr\u00f3xima reuni\u00f3n del pleno de la C\u00e1mara Alta, el 7 de noviembre. Empero, y dadas las posiciones asumidas la tercera votaci\u00f3n no traer\u00e1 cambios sustanciales y las tres propuestas \u2013<strong>Rosario Piedra, Jos\u00e9 de Jes\u00fas Orozco Henr\u00edquez<\/strong> y <strong>Arturo de Jes\u00fas Peimbert<\/strong>\u2014podr\u00edan ver como se desvanecen sus aspiraciones.\u00a0 En fin, la \u201cl\u00ednea\u201d est\u00e1 dada y por ende, la balanza se inclina por la hija de la excandidata presidencial, sin embargo, la divisi\u00f3n permanece hasta en la propia bancada de Morena en la C\u00e1mara Alta que coordina <strong>Ricardo Monreal<\/strong>. El fondo del asunto es muy simple. Resulta que el senador Mart\u00ed Batres Guadarrama, no ha \u201cquitado el dedo del rengl\u00f3n\u201d en sus denodados intentos por colocarle piedras en el camino al zacatecano y como se dice por ah\u00ed, \u201cel chiste es fregar\u201d.<\/p>\n<p>*** Poco a poco, gente de peso en la sociedad, se est\u00e1n desencantando de haber votado por L\u00f3pez Obrador. Primero fue la actriz y cantante <strong>Susana Zavaleta<\/strong> y ayer el actor <strong>Gael Garc\u00eda Bernal<\/strong>, por las redes extern\u00f3 su disgusto al se\u00f1alar que\u00a0 \u201csi no cambia el gobierno y AMLO de narrativa para asumir sus responsabilidades, \u00bfpara qu\u00e9 chingados votamos por ustedes?\u201d. Ahora nada m\u00e1s falta que los bots afines al tabasque\u00f1o se lance a la yugular del director de la pel\u00edcula \u201cChicuarotes\u201d.<\/p>\n<p><a href=\"mailto:morcora@gmail.com\" target=\"_blank\" rel=\"noopener noreferrer\"><em>morcora@gmail.com<\/em><\/a><\/p>\n","protected":false},"excerpt":{"rendered":"<p><span style=\"color: #005497;\"><strong>Adriana Moreno Cordero<\/strong><\/span><\/p>\n","protected":false},"author":3,"featured_media":0,"comment_status":"open","ping_status":"open","sticky":false,"template":"","format":"standard","meta":{"_monsterinsights_skip_tracking":false,"_monsterinsights_sitenote_active":false,"_monsterinsights_sitenote_note":"","_monsterinsights_sitenote_category":0,"footnotes":""},"categories":[69370],"tags":[69369,69368,43674],"class_list":["post-449217","post","type-post","status-publish","format-standard","hentry","category-adriana-moreno-cordero","tag-adriana-moreno-cordero","tag-la-retaguardia","tag-opinion"],"_links":{"self":[{"href":"https:\/\/www.diarioimagen.net\/index.php?rest_route=\/wp\/v2\/posts\/449217","targetHints":{"allow":["GET"]}}],"collection":[{"href":"https:\/\/www.diarioimagen.net\/index.php?rest_route=\/wp\/v2\/posts"}],"about":[{"href":"https:\/\/www.diarioimagen.net\/index.php?rest_route=\/wp\/v2\/types\/post"}],"author":[{"embeddable":true,"href":"https:\/\/www.diarioimagen.net\/index.php?rest_route=\/wp\/v2\/users\/3"}],"replies":[{"embeddable":true,"href":"https:\/\/www.diarioimagen.net\/index.php?rest_route=%2Fwp%2Fv2%2Fcomments&post=449217"}],"version-history":[{"count":0,"href":"https:\/\/www.diarioimagen.net\/index.php?rest_route=\/wp\/v2\/posts\/449217\/revisions"}],"wp:attachment":[{"href":"https:\/\/www.diarioimagen.net\/index.php?rest_route=%2Fwp%2Fv2%2Fmedia&parent=449217"}],"wp:term":[{"taxonomy":"category","embeddable":true,"href":"https:\/\/www.diarioimagen.net\/index.php?rest_route=%2Fwp%2Fv2%2Fcategories&post=449217"},{"taxonomy":"post_tag","embeddable":true,"href":"https:\/\/www.diarioimagen.net\/index.php?rest_route=%2Fwp%2Fv2%2Ftags&post=449217"}],"curies":[{"name":"wp","href":"https:\/\/api.w.org\/{rel}","templated":true}]}}