{"id":449228,"date":"2019-11-06T00:03:32","date_gmt":"2019-11-06T06:03:32","guid":{"rendered":"https:\/\/www.diarioimagen.net\/?p=449228"},"modified":"2019-11-06T01:51:17","modified_gmt":"2019-11-06T07:51:17","slug":"vamos-bien","status":"publish","type":"post","link":"https:\/\/www.diarioimagen.net\/?p=449228","title":{"rendered":"\u00bfVamos bien?"},"content":{"rendered":"<h2>Espacio Electoral<\/h2>\n<h5>Eleazar Flores<\/h5>\n<p>&nbsp;<\/p>\n<p><strong>INSEGURIDAD Y ECONOM\u00cdA<\/strong>-. No obstante la frialdad de los n\u00fameros oficiales pero refugiados en declaraciones\u00a0 contradictorias dadas por \u00bfresponsables? de la seguridad nacional, el padre de la cuarta transformaci\u00f3n insiste en las ma\u00f1aneras que \u201cya tenemos resultados, baja la violencia\u201d.<\/p>\n<p>Inseguridad es el primer rengl\u00f3n donde falla el gobierno,\u00a0 como consecuencia viene la violencia y la econom\u00eda es otro \u00e1ngulo preocupante pero para el actual gobierno \u201cvamos muy bien\u201d.<\/p>\n<p><strong>INSEGURIDAD<\/strong>-. EL registro de catorce masacres en lo que va del a\u00f1o y un secuestro cada seis horas fueron los datos que \u201cadornaron\u201d la comparecencia del secretario de seguridad ciudadana Alfonso Durazo ayer martes, pero aun as\u00ed el funcionario federal dijo que los trabajos a su cargo seguir\u00e1n sin posibilidades de cambio iniciando labores \u201ca las seis de la ma\u00f1ana con el Presidente\u201d.<\/p>\n<p>Para Durazo no conmueve la p\u00e9rdida de catorce vidas ayer entre Sonora y Chihuahua, no obstante que muchas de esas v\u00edctimas eran ni\u00f1os y mujeres. El sanguinario hecho contra miembros de la trabajadora comunidad mormona que radica entre nuestro pa\u00eds y la Uni\u00f3n Americana dese 1924 deber\u00eda conmover, incluso con una visita presidencial al lugar fat\u00eddico.<\/p>\n<p><strong>ECONOM\u00cdA<\/strong>-. La ca\u00edda del mercado automotriz por 28 meses consecutivos, que llega a un 9% menos en el pasado mes de octubre, ensombrece el panorama pues contra lo que se diga, detr\u00e1s de cada empleado de la industria automotriz hay en promedio cinco o seis personas\u00a0 dependientes directa o indirectamente, as\u00ed que imagine el efecto domin\u00f3 negativo. \u00bfVamos bien?-<\/p>\n<p><strong>PRI MEXIQUENSE<\/strong>-. Como le anticip\u00e9 har\u00e1 cosa de un mes, el primer priista mexiquense se sali\u00f3 con la suya al instruir a Alejandra del Moral inscribirse para aspirar a la presidencia estatal del tricolor por en\u00e9sima vez, pues se trata del cuadro de mayor confianza para el inquilino de Lerdo 300, as\u00ed los resultados para el partidazo para 2021 se adviertan dif\u00edciles.<\/p>\n<p>Alejandra del Moral lleva como compa\u00f1ero de f\u00f3rmula para la secretar\u00eda general del PRI a Dar\u00edo Zacar\u00edas Capuchino, ex titular de la SEDAGRO hasta el lunes, pero desconocido en las filas tricolores, lo que reafirma la sumisi\u00f3n de los militantes a una decisi\u00f3n cupular.<\/p>\n<p>Otro que se registr\u00f3 fue el sempiterno \u201cdisidente\u201d del valle de M\u00e9xico Cuauht\u00e9moc Garc\u00eda Ortega cuyos mejores momentos fueron con su jefe pol\u00edtico Mario Ru\u00edz de Ch\u00e1vez, imag\u00ednese. A Cuauht\u00e9moc y a su compa\u00f1era de f\u00f3rmula Silvia N\u00fa\u00f1ez Montero como posible secretaria general les negaron el registro por no llenar todos los requisitos de la convocatoria, hasta eso.<\/p>\n<p>Por la forma de los registros de ayer todo hace suponer que Alejandra del Moral encabezar\u00e1 el luto electoral del 2021 y lo que siga.<\/p>\n<p><a href=\"mailto:elefa44@gmail.com\" target=\"_blank\" rel=\"noopener noreferrer\"><em>elefa44@gmail.com<\/em><\/a><\/p>\n","protected":false},"excerpt":{"rendered":"<p><span style=\"color: #005497;\"><strong>Eleazar Flores<\/strong><\/span><\/p>\n","protected":false},"author":3,"featured_media":0,"comment_status":"open","ping_status":"open","sticky":false,"template":"","format":"standard","meta":{"_monsterinsights_skip_tracking":false,"_monsterinsights_sitenote_active":false,"_monsterinsights_sitenote_note":"","_monsterinsights_sitenote_category":0,"footnotes":""},"categories":[81743],"tags":[81744,81776,43674],"class_list":["post-449228","post","type-post","status-publish","format-standard","hentry","category-eleazar-flores","tag-eleazar-flores","tag-espacio-electoral","tag-opinion"],"_links":{"self":[{"href":"https:\/\/www.diarioimagen.net\/index.php?rest_route=\/wp\/v2\/posts\/449228","targetHints":{"allow":["GET"]}}],"collection":[{"href":"https:\/\/www.diarioimagen.net\/index.php?rest_route=\/wp\/v2\/posts"}],"about":[{"href":"https:\/\/www.diarioimagen.net\/index.php?rest_route=\/wp\/v2\/types\/post"}],"author":[{"embeddable":true,"href":"https:\/\/www.diarioimagen.net\/index.php?rest_route=\/wp\/v2\/users\/3"}],"replies":[{"embeddable":true,"href":"https:\/\/www.diarioimagen.net\/index.php?rest_route=%2Fwp%2Fv2%2Fcomments&post=449228"}],"version-history":[{"count":0,"href":"https:\/\/www.diarioimagen.net\/index.php?rest_route=\/wp\/v2\/posts\/449228\/revisions"}],"wp:attachment":[{"href":"https:\/\/www.diarioimagen.net\/index.php?rest_route=%2Fwp%2Fv2%2Fmedia&parent=449228"}],"wp:term":[{"taxonomy":"category","embeddable":true,"href":"https:\/\/www.diarioimagen.net\/index.php?rest_route=%2Fwp%2Fv2%2Fcategories&post=449228"},{"taxonomy":"post_tag","embeddable":true,"href":"https:\/\/www.diarioimagen.net\/index.php?rest_route=%2Fwp%2Fv2%2Ftags&post=449228"}],"curies":[{"name":"wp","href":"https:\/\/api.w.org\/{rel}","templated":true}]}}