{"id":449242,"date":"2019-11-06T00:04:42","date_gmt":"2019-11-06T06:04:42","guid":{"rendered":"https:\/\/www.diarioimagen.net\/?p=449242"},"modified":"2019-11-06T02:07:35","modified_gmt":"2019-11-06T08:07:35","slug":"la-barbarie-imparable","status":"publish","type":"post","link":"https:\/\/www.diarioimagen.net\/?p=449242","title":{"rendered":"La barbarie, imparable"},"content":{"rendered":"<h2>Punto por punto<\/h2>\n<h5>Augusto Corro<\/h5>\n<p>&nbsp;<\/p>\n<p>Tres mujeres y seis ni\u00f1os fueron asesinados en un ataque de un grupo armado en una carretera ubicada entre los estados de Chihuahua y Sonora. Las v\u00edctimas alcanzadas por las balas: un menor de 11 a\u00f1os, una ni\u00f1a de 8 y dos gemelas de un a\u00f1o.<\/p>\n<p>Inform\u00f3 lo anterior el secretario de Seguridad, Alfonso Durazo, quien dijo que otros seis ni\u00f1os resultaron lesionados.<\/p>\n<p>Las personas agredidas tienen la doble nacionalidad mexicana-estadounidense. Todos integrantes de la familia LeBaron, practicantes de la religi\u00f3n mormona.<\/p>\n<p>Las autoridades iniciaron las investigaciones sobre el m\u00f3vil de la sangrienta agresi\u00f3n contra el convoy de camionetas en las que viajaban solo mujeres y ni\u00f1os. Iban de un asentamiento morm\u00f3n en la localidad de Bavispe, en Sonora, hacia otro conocido como La Mora, en Chihuahua.<\/p>\n<p>Aunque no es dif\u00edcil suponer que los delincuentes forman parte de las bandas que se disputan el territorio de las monta\u00f1as de estados mencionados.<\/p>\n<p>Los hechos se registraron alrededor de las nueve de la ma\u00f1ana. Esta tragedia se suma a otras masacres que impactaron a la sociedad por el grado de violencia.<\/p>\n<p>Otros integrantes de la familia mormona en aquella zona sufrieron hace varios a\u00f1os secuestros y agresiones de criminales.<\/p>\n<p style=\"text-align: center;\"><strong>La terrible vecindad<\/strong><\/p>\n<p>Ayer en la ma\u00f1ana, el magnate Donald Trump se comunic\u00f3 con el presidente Andr\u00e9s Manuel L\u00f3pez Obrador para ofrecer la ayuda estadounidense, en una guerra contra los c\u00e1rteles de la droga y los borre de la faz\u00a0 de la tierra.<\/p>\n<p>El mandatario mexicano manifest\u00f3 en otras ocasiones que no se puede enfrentar violencia con m\u00e1s violencia: \u201cla pol\u00edtica se invent\u00f3 para evitar la guerra\u201d.<\/p>\n<p>Si el deseo de Trump es acabar con los narcos, debe empezar con la disminuci\u00f3n del consumo de drogas en el mercado estadounidense, el m\u00e1s grande del mundo.<\/p>\n<p>Luego, algo dif\u00edcil para \u00e9l, controlar el contrabando de armas. Los c\u00e1rteles de la droga, para nadie es un secreto, cuentan con un armamento sofisticado como se vio en los enfrentamientos con los representantes de la ley.<\/p>\n<p>La vecindad con EU llev\u00f3 a la formaci\u00f3n de c\u00e1rteles de la droga que tienen muchas actividades ilegales derivadas de su producci\u00f3n y venta.<\/p>\n<p>Las pugnas entre los grupos de narcotraficantes sumieron a M\u00e9xico en el terror. La seguridad desapareci\u00f3 hace mucho tiempo. Los da\u00f1os fueron may\u00fasculos. Principalmente en las p\u00e9rdidas de vidas humanas.<\/p>\n<p>Miles de personas fueron asesinadas, secuestradas y desaparecidas.<\/p>\n<p style=\"text-align: center;\"><strong>A\u00fan sin resultados positivos<\/strong><\/p>\n<p>Con la llegada del nuevo gobierno, encabezado por Andr\u00e9s Manuel L\u00f3pez Obrador, se pens\u00f3 que empezar\u00eda a disminuir la violencia y la poblaci\u00f3n vivir\u00eda con seguridad y paz.<\/p>\n<p>No fue as\u00ed. Quiz\u00e1s la novatez de las autoridades fue un\u00a0 obst\u00e1culo para el desempe\u00f1o correcto de sus actividades.<\/p>\n<p>A nivel federal, los errores contin\u00faan como en sexenios anteriores. Aunque ahora se cuenta con la Guardia Nacional, un ej\u00e9rcito de elementos civiles-militares que se encargar\u00e1n de brindarnos seguridad.<\/p>\n<p>A la fecha a\u00fan no se ven resultados positivos, quiz\u00e1s porque apenas empiezan adaptarse a sus nuevas tareas.<\/p>\n<p>Plantados en la realidad, debemos entender que el problema del narcotr\u00e1fico contin\u00faa como el eje de la espiral de violencia en M\u00e9xico.<\/p>\n<p>Uno de los intentos para solucionarlo fue el de enfrentarlo con el Ej\u00e9rcito. El presidente panista, Felipe Calder\u00f3n Hinojosa, le declar\u00f3 la guerra.<\/p>\n<p>Sin ninguna estrategia, los c\u00e1rteles de la droga no vieron amenaza alguna que los da\u00f1ara. En algunos casos se trat\u00f3 de darle un escobazo al panal sin mayor trascendencia.<\/p>\n<p>Algunos grupos de narco se dividieron y surgieron m\u00e1s frentes de guerra para Calder\u00f3n que sin estrategia solo fortaleci\u00f3 a sus enemigos.<\/p>\n<p style=\"text-align: center;\"><strong>\u00bfY las autoridades municipales y estatales?<\/strong><\/p>\n<p>A las autoridades municipales y estatales se les hizo f\u00e1cil dejar toda la tarea del combate al narcotr\u00e1fico al gobierno federal.<\/p>\n<p>La lucha de alcaldes y gobernadores contra la delincuencia no se ve por ning\u00fan lado. Inclusive organismos internacionales sugirieron una mejor preparaci\u00f3n de los cuerpos polic\u00edas que en M\u00e9xico dan pena ajena.<\/p>\n<p>Es muy marcada la ausencia de gobernadores y presidentes municipales en la lucha contra la delincuencia organizada. No se les ve por ning\u00fan lado. Ni siquiera pronuncian sus discursos demag\u00f3gicos para condenar la violencia.<\/p>\n<p>Tenemos el caso de una abuela y sus cuatro nietos secuestrados a mediados de octubre y nada se sabe de ellos. El gobernador H\u00e9ctor Astudillo sigue sin mover un dedo para localizar a las v\u00edctimas de los plagiarios.<\/p>\n<p>En fin, vamos a esperar, pacientes, que las autoridades nos regresen la seguridad y la paz ausentes.<\/p>\n<p><span class=\"Apple-converted-space\"><em><u><a href=\"mailto:aco2742@hotmail.com\" target=\"_blank\" rel=\"noopener noreferrer\">aco2742@hotmail.com<\/a><\/u><\/em><\/span><\/p>\n","protected":false},"excerpt":{"rendered":"<p><span style=\"color: #005497;\"><strong>Augusto Corro<\/strong><\/span><\/p>\n","protected":false},"author":3,"featured_media":0,"comment_status":"open","ping_status":"open","sticky":false,"template":"","format":"standard","meta":{"_monsterinsights_skip_tracking":false,"_monsterinsights_sitenote_active":false,"_monsterinsights_sitenote_note":"","_monsterinsights_sitenote_category":0,"footnotes":""},"categories":[157],"tags":[43686,43674,11515],"class_list":["post-449242","post","type-post","status-publish","format-standard","hentry","category-augusto-corro","tag-augusto-corro","tag-opinion","tag-punto-por-punto"],"_links":{"self":[{"href":"https:\/\/www.diarioimagen.net\/index.php?rest_route=\/wp\/v2\/posts\/449242","targetHints":{"allow":["GET"]}}],"collection":[{"href":"https:\/\/www.diarioimagen.net\/index.php?rest_route=\/wp\/v2\/posts"}],"about":[{"href":"https:\/\/www.diarioimagen.net\/index.php?rest_route=\/wp\/v2\/types\/post"}],"author":[{"embeddable":true,"href":"https:\/\/www.diarioimagen.net\/index.php?rest_route=\/wp\/v2\/users\/3"}],"replies":[{"embeddable":true,"href":"https:\/\/www.diarioimagen.net\/index.php?rest_route=%2Fwp%2Fv2%2Fcomments&post=449242"}],"version-history":[{"count":0,"href":"https:\/\/www.diarioimagen.net\/index.php?rest_route=\/wp\/v2\/posts\/449242\/revisions"}],"wp:attachment":[{"href":"https:\/\/www.diarioimagen.net\/index.php?rest_route=%2Fwp%2Fv2%2Fmedia&parent=449242"}],"wp:term":[{"taxonomy":"category","embeddable":true,"href":"https:\/\/www.diarioimagen.net\/index.php?rest_route=%2Fwp%2Fv2%2Fcategories&post=449242"},{"taxonomy":"post_tag","embeddable":true,"href":"https:\/\/www.diarioimagen.net\/index.php?rest_route=%2Fwp%2Fv2%2Ftags&post=449242"}],"curies":[{"name":"wp","href":"https:\/\/api.w.org\/{rel}","templated":true}]}}