{"id":449325,"date":"2019-11-07T00:13:05","date_gmt":"2019-11-07T06:13:05","guid":{"rendered":"https:\/\/www.diarioimagen.net\/?p=449325"},"modified":"2019-11-07T23:48:07","modified_gmt":"2019-11-08T05:48:07","slug":"ejidatarios-rechazan-acuerdo-con-el-gobierno-federal-sobre-tren-maya","status":"publish","type":"post","link":"https:\/\/www.diarioimagen.net\/?p=449325","title":{"rendered":"Ejidatarios rechazan acuerdo con el gobierno federal sobre Tren Maya"},"content":{"rendered":"<h2>Derecho de r\u00e9plica<\/h2>\n<h5>Jos\u00e9 Luis Monta\u00f1ez<\/h5>\n<p>&nbsp;<\/p>\n<ul>\n<li><strong><em>A\u00fan les deben por ampliaci\u00f3n de la carretera federal Chetumal-Esc\u00e1rcega<\/em><\/strong><\/li>\n<\/ul>\n<p>&nbsp;<\/p>\n<div id=\"attachment_164055\" style=\"width: 430px\" class=\"wp-caption aligncenter\"><a href=\"https:\/\/diarioimagenqroo.mx\/noticias\/?attachment_id=164055\" rel=\"attachment wp-att-164055\"><img loading=\"lazy\" decoding=\"async\" aria-describedby=\"caption-attachment-164055\" class=\"size-large wp-image-164055\" src=\"https:\/\/diarioimagenqroo.mx\/noticias\/wp-content\/uploads\/2019\/11\/Tren-420x236.jpg\" alt=\"\" width=\"420\" height=\"236\" \/><\/a><p id=\"caption-attachment-164055\" class=\"wp-caption-text\">El Ejido Laguna Om rechaz\u00f3 cualquier acuerdo con el gobierno federal sobre las tierras que se necesitan comprar para el desarrollo del proyecto del Tren Maya.<\/p><\/div>\n<p>&nbsp;<\/p>\n<p>El proyecto del Tren Maya no termina de convencer a ejidatarios propietarios de tierras, cuya ubicaci\u00f3n se interpone en lo que ser\u00eda el paso del f\u00e9rreo y es que argumentan que el gobierno federal a\u00fan les debe la indemnizaci\u00f3n por la ampliaci\u00f3n de la carretera federal Chetumal-Esc\u00e1rcega, sin cuya liquidaci\u00f3n no acceder\u00e1n a poner en venta sus propiedades.<\/p>\n<p>El Ejido Laguna Om rechaz\u00f3 cualquier acuerdo con el gobierno federal sobre las tierras que se necesitan comprar para el desarrollo del proyecto del Tren Maya, la decisi\u00f3n del n\u00facleo ejidal del sur de Quintana Roo se suma a la postura de Bacalar, cuyas autoridades se bajaron de las negociaciones con Fonatur, al menos hasta asegurar garant\u00edas de beneficios econ\u00f3micos justos a cambio de sus tierras.<\/p>\n<p>Leopoldo Santos Fajardo, presidente del Comisariado Ejidal de Laguna Om (Nicol\u00e1s Bravo), asever\u00f3 que no aceptar\u00e1n ning\u00fan acuerdo sobre la entrega de terrenos por donde pasar\u00e1 el Tren Maya, al menos hasta que el gobierno federal les pague la indemnizaci\u00f3n por las 120 hect\u00e1reas de tierras por parte de la Secretar\u00eda de Comunicaciones y Transportes (SCT).<\/p>\n<p style=\"text-align: center;\"><strong>Les ofrecieron 17 millones <\/strong><\/p>\n<p>De esta manera toda negociaci\u00f3n hasta el d\u00eda de hoy se encuentra detenida, puesto que los ejidatarios exigen al gobierno que se les liquide la expropiaci\u00f3n de sus tierras por un monto superior a los 100 millones de pesos, mismos que debieron ser cubiertos, seg\u00fan sus argumentos, desde 2008.<\/p>\n<p>En la primera evaluaci\u00f3n, la SCT les ofreci\u00f3 cinco millones de pesos por las 120 hect\u00e1reas de tierras afectadas; en la segunda oferta, 5.8 millones; y en la tercera, 17 millones 220 mil pesos, todas las propuestas fueron rechazadas por asamblea.<\/p>\n<p>La inconformidad nace a partir de que al ejido de Bacalar, por 39.7 hect\u00e1reas, les pagaron 97 millones de pesos; al de Juan Sarabia, por 90 hect\u00e1reas, la SCT les pag\u00f3 60 millones; y al ejido de Felipe Carrillo Puerto por 116 hect\u00e1reas, pag\u00f3 116 millones. Lo cual les lleva en este caso a los ejidatarios de Laguna Om a esperar un cuarto aval\u00fao, en ese tenor se\u00f1alaron que de manera natural el ejido es un n\u00facleo forestal, comercial y hasta tur\u00edstico, por lo que se espera que durante la valoraci\u00f3n de las 120 hect\u00e1reas afectadas, se logre un aval\u00fao con denominaci\u00f3n comercial.<\/p>\n<p>Finalmente, el presidente del ejido, asever\u00f3 que en medio de esta pol\u00e9mica, las pl\u00e1ticas y negociaciones sobre el proyecto del Tren Maya, se mantendr\u00e1n pausadas, hasta que haya garant\u00eda de que se respetar\u00e1 el valor de sus tierras y en consecuencia recibir\u00e1n un pago justo.<\/p>\n<p style=\"text-align: center;\"><strong>Negocian en Londres m\u00e1s vuelos para el estado<\/strong><\/p>\n<p>Reino Unido es, de acuerdo con la Secretar\u00eda de Turismo de Quintana Roo, el tercer mercado extranjero m\u00e1s importante para el estado, s\u00f3lo despu\u00e9s de Canad\u00e1 y Estados Unidos. Pues durante el 2018 m\u00e1s de 450 mil viajeros de aquella regi\u00f3n visitaron la entidad. Es por lo anterior que la Asociaci\u00f3n de Hoteles de la Riviera Maya, particip\u00f3 en el World Travel Market de Londres, donde negociaron con aerol\u00edneas el incremento de frecuencias a\u00e9reas hacia Canc\u00fan.<\/p>\n<p>Conrad Bergwerf, presidente de la Asociaci\u00f3n coment\u00f3: \u201cHay inter\u00e9s de redireccionar hacia Canc\u00fan frecuencias que hoy vuelan a Cuba, principalmente de bandera rusa; esto es s\u00edntoma del gran inter\u00e9s que est\u00e1 despertando el Caribe mexicano en su stand propio\u201d, dijo Bergwerf.<\/p>\n<p>Gracias a las negociaciones durante la feria tur\u00edstica europea, el dirigente hotelero asegur\u00f3 se puede anticipar un 2020 de crecimiento en cuanto a turismo brit\u00e1nico, a\u00fan con la reciente quiebra del gigantede las agencias turisticas Thomas Cook \u201cEl vac\u00edo que dej\u00f3 la desaparici\u00f3n del Consejo de Promoci\u00f3n Tur\u00edstica de M\u00e9xico lo est\u00e1 llenando muy bien el Consejo de Promoci\u00f3n Tur\u00edstica de Quintana Roo, con recursos propios y una presencia independiente\u201d, asegur\u00f3.<\/p>\n<p>Por su parte Juan Jos\u00e9 Fern\u00e1ndez Carrillo, presidente de la Asociaci\u00f3n Mexicana de Hoteles y Moteles de M\u00e9xico, refiri\u00f3 \u201cen tiempos tan dif\u00edciles el empresariado hotelero del pa\u00eds debe desplegar nuevas estrategias, mediante agrupaci\u00f3n y alianzas. Y con ello mantener presencia en eventos internacionales. Esta nueva forma de promoci\u00f3n es totalmente nuestra, con alianzas para encontrar nuevas formas de sacar adelante a nuestro pa\u00eds sobre todo en estos tiempos tan dif\u00edciles\u201d.<\/p>\n<p>&nbsp;<\/p>\n<blockquote>\n<h1 style=\"text-align: center;\">Encuentran en Canc\u00fan cuerpo<br \/>\n\u201censabanado\u201d de una mujer<\/h1>\n<ul>\n<li><strong><em>A unos metros de la escuela Cecilio Chi, en la Supermanzana 24<\/em><\/strong><\/li>\n<\/ul>\n<div id=\"attachment_164057\" style=\"width: 430px\" class=\"wp-caption aligncenter\"><a href=\"https:\/\/diarioimagenqroo.mx\/noticias\/?attachment_id=164057\" rel=\"attachment wp-att-164057\"><img loading=\"lazy\" decoding=\"async\" aria-describedby=\"caption-attachment-164057\" class=\"size-large wp-image-164057\" src=\"https:\/\/diarioimagenqroo.mx\/noticias\/wp-content\/uploads\/2019\/11\/seguridad-1-420x236.jpg\" alt=\"\" width=\"420\" height=\"236\" \/><\/a><p id=\"caption-attachment-164057\" class=\"wp-caption-text\">De una lista de 100 municipios del pa\u00eds, con mayores indices de feminicidios, Benito Ju\u00e1rez se encuentra en el n\u00famero 22.<\/p><\/div>\n<p>Una mujer fue encontrada envuelta en una s\u00e1bana sobre la calle Punta Conoco, la ma\u00f1ana de este mi\u00e9rcoles, a unos metros de la escuela Cecilio Chi, en la Supermanzana 24 de Canc\u00fan. El hallazgo fue reportado alrededor de las 7:00 horas, cuando los vecinos dieron aviso a las autoridades, sobre el hallazgo de un cuerpo ensabanado.<\/p>\n<p>Al lugar arribaron peritos de la Fiscal\u00eda General del Estado, quienes tras su investigaci\u00f3n informaron que se trataba de una mujer y que el cuerpo presentaba signos de violencia, lo cual significa que la mujer fue violentada.<\/p>\n<p>De manera preliminar se indic\u00f3 que la v\u00edctima ten\u00eda entre 25 y 30 a\u00f1os de edad, con una estatura de 1.65 metros. La muerte habr\u00eda en la madrugada y a\u00fan se desconocen lo motivos por los que habr\u00eda sido asesinada, lo mismo que el m\u00f3vil.<\/p>\n<p style=\"text-align: center;\"><strong>Benito Ju\u00e1rez mantiene alerta por feminicidios<\/strong><\/p>\n<p>La violencia e inseguridad en el estado son el pan de cada d\u00eda, tan es as\u00ed que el pasado mes de septiembre, de todos los estados, Quintana Roo fue el \u00fanico que reprob\u00f3 todos los est\u00e1ndares calificados por el Sem\u00e1foro Delictivo, entre los que se ubican los delitos de alto impacto como homicidios, secuestros, extorsi\u00f3n, narcomenudeo, robo a veh\u00edculo, robo a casa, robo a negocio, lesiones, violaci\u00f3n, violencia familiar y feminicidios.<\/p>\n<p>En relaci\u00f3n al \u00faltimo delito mencionado y de acuerdo con cifras emitidas esta semana por la Fiscal\u00eda General del Estado, hasta el mes de septiembre pasado se ten\u00edan registrados 427 casos de abuso sexual y 154 de violaci\u00f3n sexual, lo cual representa un alza en lo que a este tipo de il\u00edcitos se refiere. A lo anterior se suman las 12 carpetas de investigaci\u00f3n que se han abierto en la entidad por el delito de feminicidio a las que ahora se agrega el caso de la mujer que fue hallada ensabanada en el Centro de Canc\u00fan, este mi\u00e9rcoles.<\/p>\n<p>De una lista de 100 municipios del pa\u00eds, con mayores \u00edndices de feminicidios, Benito Ju\u00e1rez se encuentra en el n\u00famero 22, con seis casos confirmados de las ahora 13 carpetas de investigaci\u00f3n abiertas en lo que va del a\u00f1o.<\/p>\n<p>El estado, a su vez, se encuentra en el octavo lugar del pa\u00eds con m\u00e1s casos. En promedio se asesina a una mujer de cada 100 mil. Esta lista es encabezada por Veracruz, seguido de Morelos, Sinaloa, Nuevo Le\u00f3n, Sonora, Tabasco, Colima y ahora Quintana Roo.<\/p>\n<p style=\"text-align: center;\"><strong>M\u00e1s de 100 llamadas por violaci\u00f3n en el a\u00f1o<\/strong><\/p>\n<p>Seg\u00fan el Sistema Nacional de Seguridad P\u00fablica, Quintana Roo es el segundo estado que m\u00e1s llamadas recibe por incidentes de violaci\u00f3n, apenas debajo de Nuevo Le\u00f3n. No obstante, lo m\u00e1s alarmante de esta cifra negra, es que se establece que por cada caso denunciado o revelado, hay dos m\u00e1s no denunciados.<\/p>\n<p>Revelaron adem\u00e1s que, de enero a septiembre de este a\u00f1o, se registraron 13 llamadas de emergencia relacionadas con violaci\u00f3n sexual, por cada 100 mil mujeres. La experta en temas de seguridad, Valeria Euan declara que \u201cEs un tema muy delicado, m\u00e1s que nada para la v\u00edctima, es un delito que se da privado, es la principal caracter\u00edstica; por lo que implica para la v\u00edctima, la parte de la denuncia ha costado mucho; yo pienso que se deber\u00eda fomentar la denuncia; la cifra negra es alta; es la informaci\u00f3n que no llega a una denuncia, pero s\u00ed hubo llamadas al 911, pero no hubo investigaci\u00f3n\u201d.<\/p><\/blockquote>\n","protected":false},"excerpt":{"rendered":"<p><span style=\"color: #005497;\">Jos\u00e9 Luis Monta\u00f1ez<\/span><br \/>\n<br \/>\nEl proyecto del Tren Maya no termina de convencer a ejidatarios propietarios de tierras, cuya ubicaci\u00f3n se interpone en lo que ser\u00eda el paso del f\u00e9rreo y es que argumentan que el gobierno federal a\u00fan les debe la indemnizaci\u00f3n por la ampliaci\u00f3n de la carretera federal Chetumal-Esc\u00e1rcega, sin cuya liquidaci\u00f3n no acceder\u00e1n a poner en venta sus propiedades.<\/p>\n","protected":false},"author":3,"featured_media":449422,"comment_status":"open","ping_status":"open","sticky":false,"template":"","format":"standard","meta":{"_monsterinsights_skip_tracking":false,"_monsterinsights_sitenote_active":false,"_monsterinsights_sitenote_note":"","_monsterinsights_sitenote_category":0,"footnotes":""},"categories":[11622],"tags":[47840,1894,54579,43674],"class_list":["post-449325","post","type-post","status-publish","format-standard","has-post-thumbnail","hentry","category-jose-luis-montanez-aguilar","tag-derecho-de-replica","tag-gobierno-federal","tag-jose-luis-montanez","tag-opinion"],"_links":{"self":[{"href":"https:\/\/www.diarioimagen.net\/index.php?rest_route=\/wp\/v2\/posts\/449325","targetHints":{"allow":["GET"]}}],"collection":[{"href":"https:\/\/www.diarioimagen.net\/index.php?rest_route=\/wp\/v2\/posts"}],"about":[{"href":"https:\/\/www.diarioimagen.net\/index.php?rest_route=\/wp\/v2\/types\/post"}],"author":[{"embeddable":true,"href":"https:\/\/www.diarioimagen.net\/index.php?rest_route=\/wp\/v2\/users\/3"}],"replies":[{"embeddable":true,"href":"https:\/\/www.diarioimagen.net\/index.php?rest_route=%2Fwp%2Fv2%2Fcomments&post=449325"}],"version-history":[{"count":0,"href":"https:\/\/www.diarioimagen.net\/index.php?rest_route=\/wp\/v2\/posts\/449325\/revisions"}],"wp:featuredmedia":[{"embeddable":true,"href":"https:\/\/www.diarioimagen.net\/index.php?rest_route=\/wp\/v2\/media\/449422"}],"wp:attachment":[{"href":"https:\/\/www.diarioimagen.net\/index.php?rest_route=%2Fwp%2Fv2%2Fmedia&parent=449325"}],"wp:term":[{"taxonomy":"category","embeddable":true,"href":"https:\/\/www.diarioimagen.net\/index.php?rest_route=%2Fwp%2Fv2%2Fcategories&post=449325"},{"taxonomy":"post_tag","embeddable":true,"href":"https:\/\/www.diarioimagen.net\/index.php?rest_route=%2Fwp%2Fv2%2Ftags&post=449325"}],"curies":[{"name":"wp","href":"https:\/\/api.w.org\/{rel}","templated":true}]}}