{"id":449336,"date":"2019-11-07T00:01:46","date_gmt":"2019-11-07T06:01:46","guid":{"rendered":"https:\/\/www.diarioimagen.net\/?p=449336"},"modified":"2019-11-07T09:09:02","modified_gmt":"2019-11-07T15:09:02","slug":"uaem-realiza-semana-del-urbanismo-y-la-planeacion-territorial","status":"publish","type":"post","link":"https:\/\/www.diarioimagen.net\/?p=449336","title":{"rendered":"UAEM realiza Semana del Urbanismo y la Planeaci\u00f3n Territorial"},"content":{"rendered":"<div id=\"attachment_449428\" style=\"width: 470px\" class=\"wp-caption aligncenter\"><a href=\"https:\/\/www.diarioimagen.net\/?attachment_id=449428\" rel=\"attachment wp-att-449428\"><img loading=\"lazy\" decoding=\"async\" aria-describedby=\"caption-attachment-449428\" class=\"size-large wp-image-449428\" src=\"https:\/\/www.diarioimagen.net\/wp-content\/uploads\/2019\/11\/UAEM-1-460x259.jpg\" alt=\"\" width=\"460\" height=\"259\" srcset=\"https:\/\/www.diarioimagen.net\/wp-content\/uploads\/2019\/11\/UAEM-1-460x259.jpg 460w, https:\/\/www.diarioimagen.net\/wp-content\/uploads\/2019\/11\/UAEM-1-240x135.jpg 240w, https:\/\/www.diarioimagen.net\/wp-content\/uploads\/2019\/11\/UAEM-1-235x132.jpg 235w, https:\/\/www.diarioimagen.net\/wp-content\/uploads\/2019\/11\/UAEM-1-202x114.jpg 202w, https:\/\/www.diarioimagen.net\/wp-content\/uploads\/2019\/11\/UAEM-1-350x196.jpg 350w, https:\/\/www.diarioimagen.net\/wp-content\/uploads\/2019\/11\/UAEM-1-220x123.jpg 220w, https:\/\/www.diarioimagen.net\/wp-content\/uploads\/2019\/11\/UAEM-1-237x132.jpg 237w, https:\/\/www.diarioimagen.net\/wp-content\/uploads\/2019\/11\/UAEM-1.jpg 480w\" sizes=\"auto, (max-width: 460px) 100vw, 460px\" \/><\/a><p id=\"caption-attachment-449428\" class=\"wp-caption-text\">La Facultad de Planeaci\u00f3n Urbana y Regional (FaPUR) de la Universidad Aut\u00f3noma del Estado de M\u00e9xico lleva a cabo la Semana del Urbanismo y la Planeaci\u00f3n Territorial.<\/p><\/div>\n<p>&nbsp;<\/p>\n<p><strong>Toluca, Estado de M\u00e9xico<\/strong>.\u2013 Con motivo de su 33 aniversario, la Facultad de Planeaci\u00f3n Urbana y Regional (FaPUR) de la Universidad Aut\u00f3noma del Estado de M\u00e9xico lleva a cabo la Semana del Urbanismo y la Planeaci\u00f3n Territorial, que tiene como prop\u00f3sito vincular con la sociedad al planificador territorial y su importante funci\u00f3n para resolver problemas que cotidianamente enfrentan las ciudades.<\/p>\n<p>Durante la inauguraci\u00f3n de este evento, cuyo lema es \u201cOrganizar bien para vivir mejor, porque construyendo bien las ciudades se preserva la paz y el bienestar social\u201d, el director de Protecci\u00f3n al Ambiente de la UAEM, Ra\u00fal Vera Noguez, se\u00f1al\u00f3 que frente a la creciente demanda de bienes y servicios ambientales, la FaPUR forma profesionales orientados al manejo integral de recursos y a la soluci\u00f3n de problemas. Ante el director de este espacio universitario, Juan Roberto Calder\u00f3n Maya, el coordinador de la Licenciatura en Planeaci\u00f3n Territorial, Benigno Gonz\u00e1lez Garc\u00eda, indic\u00f3 que hasta el pr\u00f3ximo viernes 8 de noviembre, en este marco se abordar\u00e1n temas como las problem\u00e1ticas que viven las ciudades y el mercado de trabajo de los planificadores territoriales y los urbanistas; adem\u00e1s, se realizar\u00e1n diversas actividades de car\u00e1cter cultural.<\/p>\n<p>Al abordar el tema \u201cModelos, ciudades y regiones\u201d, el investigador del Colegio Mexiquense, Carlos Garrocho Rangel, manifest\u00f3 que mediante modelos exploratorios que incluyen an\u00e1lisis estad\u00edsticos, en 2009 fue posible identificar que las calles de Hidalgo y Ju\u00e1rez de la ciudad de Toluca constituyeron la zona con mayor concentraci\u00f3n de posibles compradores, de entre un promedio de 47 mil peatones al d\u00eda.<\/p>\n<p>El miembro del Sistema Nacional de Investigadores (SNI) subray\u00f3 la importancia de que las ciencias sociales desarrollen an\u00e1lisis h\u00edbridos, es decir, trabajos que incluyan distinciones cualitativas y cuantitativas, a fin de generar modelos exploratorios que puedan advertir la mayor probabilidad de que ocurran ciertos fen\u00f3menos sociales.<\/p>\n<p>Carlos Garrocho Rangel expres\u00f3 que a partir de estos modelos se han realizado proyecciones de crecimiento urbano a largo plazo en ciudades como Toluca, Acapulco y Tijuana.<\/p>\n","protected":false},"excerpt":{"rendered":"<p>Con motivo de su 33 aniversario, la Facultad de Planeaci\u00f3n Urbana y Regional (FaPUR) de la Universidad Aut\u00f3noma del Estado de M\u00e9xico lleva a cabo la Semana del Urbanismo y la Planeaci\u00f3n Territorial, que tiene como prop\u00f3sito vincular con la sociedad al planificador territorial y su importante funci\u00f3n para resolver problemas que cotidianamente enfrentan las ciudades.<\/p>\n","protected":false},"author":3,"featured_media":449428,"comment_status":"open","ping_status":"open","sticky":false,"template":"","format":"standard","meta":{"_monsterinsights_skip_tracking":false,"_monsterinsights_sitenote_active":false,"_monsterinsights_sitenote_note":"","_monsterinsights_sitenote_category":0,"footnotes":""},"categories":[5],"tags":[43675,452,1491],"class_list":["post-449336","post","type-post","status-publish","format-standard","has-post-thumbnail","hentry","category-estado-de-mexico","tag-estado-de-mexico","tag-toluca","tag-uaem"],"_links":{"self":[{"href":"https:\/\/www.diarioimagen.net\/index.php?rest_route=\/wp\/v2\/posts\/449336","targetHints":{"allow":["GET"]}}],"collection":[{"href":"https:\/\/www.diarioimagen.net\/index.php?rest_route=\/wp\/v2\/posts"}],"about":[{"href":"https:\/\/www.diarioimagen.net\/index.php?rest_route=\/wp\/v2\/types\/post"}],"author":[{"embeddable":true,"href":"https:\/\/www.diarioimagen.net\/index.php?rest_route=\/wp\/v2\/users\/3"}],"replies":[{"embeddable":true,"href":"https:\/\/www.diarioimagen.net\/index.php?rest_route=%2Fwp%2Fv2%2Fcomments&post=449336"}],"version-history":[{"count":0,"href":"https:\/\/www.diarioimagen.net\/index.php?rest_route=\/wp\/v2\/posts\/449336\/revisions"}],"wp:featuredmedia":[{"embeddable":true,"href":"https:\/\/www.diarioimagen.net\/index.php?rest_route=\/wp\/v2\/media\/449428"}],"wp:attachment":[{"href":"https:\/\/www.diarioimagen.net\/index.php?rest_route=%2Fwp%2Fv2%2Fmedia&parent=449336"}],"wp:term":[{"taxonomy":"category","embeddable":true,"href":"https:\/\/www.diarioimagen.net\/index.php?rest_route=%2Fwp%2Fv2%2Fcategories&post=449336"},{"taxonomy":"post_tag","embeddable":true,"href":"https:\/\/www.diarioimagen.net\/index.php?rest_route=%2Fwp%2Fv2%2Ftags&post=449336"}],"curies":[{"name":"wp","href":"https:\/\/api.w.org\/{rel}","templated":true}]}}