{"id":449350,"date":"2019-11-07T00:03:45","date_gmt":"2019-11-07T06:03:45","guid":{"rendered":"https:\/\/www.diarioimagen.net\/?p=449350"},"modified":"2019-11-07T08:51:07","modified_gmt":"2019-11-07T14:51:07","slug":"en-huixquilucan-quedo-conformado-el-comite-municipal-contra-adicciones","status":"publish","type":"post","link":"https:\/\/www.diarioimagen.net\/?p=449350","title":{"rendered":"En Huixquilucan qued\u00f3 conformado el comit\u00e9 municipal contra adicciones"},"content":{"rendered":"<ul>\n<li><strong><em>Paso importante para atender a j\u00f3venes con este problema<\/em><\/strong><\/li>\n<\/ul>\n<p>&nbsp;<\/p>\n<div id=\"attachment_449409\" style=\"width: 470px\" class=\"wp-caption aligncenter\"><a href=\"https:\/\/www.diarioimagen.net\/?attachment_id=449409\" rel=\"attachment wp-att-449409\"><img loading=\"lazy\" decoding=\"async\" aria-describedby=\"caption-attachment-449409\" class=\"size-large wp-image-449409\" src=\"https:\/\/www.diarioimagen.net\/wp-content\/uploads\/2019\/11\/HUIXQUILUCAN--460x259.jpg\" alt=\"\" width=\"460\" height=\"259\" srcset=\"https:\/\/www.diarioimagen.net\/wp-content\/uploads\/2019\/11\/HUIXQUILUCAN--460x259.jpg 460w, https:\/\/www.diarioimagen.net\/wp-content\/uploads\/2019\/11\/HUIXQUILUCAN--240x135.jpg 240w, https:\/\/www.diarioimagen.net\/wp-content\/uploads\/2019\/11\/HUIXQUILUCAN--235x132.jpg 235w, https:\/\/www.diarioimagen.net\/wp-content\/uploads\/2019\/11\/HUIXQUILUCAN--202x114.jpg 202w, https:\/\/www.diarioimagen.net\/wp-content\/uploads\/2019\/11\/HUIXQUILUCAN--350x196.jpg 350w, https:\/\/www.diarioimagen.net\/wp-content\/uploads\/2019\/11\/HUIXQUILUCAN--220x123.jpg 220w, https:\/\/www.diarioimagen.net\/wp-content\/uploads\/2019\/11\/HUIXQUILUCAN--237x132.jpg 237w, https:\/\/www.diarioimagen.net\/wp-content\/uploads\/2019\/11\/HUIXQUILUCAN-.jpg 480w\" sizes=\"auto, (max-width: 460px) 100vw, 460px\" \/><\/a><p id=\"caption-attachment-449409\" class=\"wp-caption-text\">El alcalde Enrique Vargas del Villar destac\u00f3 que con la conformaci\u00f3n de este Comit\u00e9, se da un paso importante para atender a los j\u00f3venes que tengan alg\u00fan problema de adicciones.<\/p><\/div>\n<p>&nbsp;<\/p>\n<p><strong>Huixquilucan, Estado de M\u00e9xico<\/strong>.- Con el objetivo de consolidar una pol\u00edtica integral que aleje de las drogas a los j\u00f3venes de Huixquilucan, fue instalado el Comit\u00e9 Municipal Contra las Adicciones, acci\u00f3n que se suma a los trabajos que se realizan con \u00e9xito en el Centro de Rehabilitaci\u00f3n Integral contra las Adicciones (CRIA).<\/p>\n<p>El presidente municipal, Enrique Vargas del Villar, destac\u00f3 que con la conformaci\u00f3n de este Comit\u00e9, se da un paso importante para atender a los j\u00f3venes que tengan alg\u00fan problema de adicciones o bien para evitar caigan en ellas.<\/p>\n<p>Ante los integrantes de esta Comisi\u00f3n, record\u00f3 el trabajo que se realiza en el CRIA, donde ya se tienen casos de \u00e9xito, con pacientes que se han recuperado de las adicciones y hoy ya se han reintegrado a su vida familiar. \u201cLos casos de \u00e9xito que tenemos, son importantes para m\u00ed administraci\u00f3n, ya que se confirma las buenas decisiones tomadas a favor de quien lo necesita y en este caso de personas con alguna adicci\u00f3n que tienen un lugar donde atenderse con personal altamente calificado\u201d.<\/p>\n<p>Vargas del Villar, abund\u00f3 que las adicciones no s\u00f3lo afectan a quien las padece, sino a las familias que ven como los vicios los destruyen.<\/p>\n<p>El Comit\u00e9 Municipal Contra las Adicciones de Huixquilucan, qued\u00f3 conformado por el Alcalde Enrique Vargas del Villar, las regidoras Mar\u00eda Eugenia Torres P\u00e9rez Tejada; Mercedes V\u00e1zquez Delgadillo; Ana Luisa P\u00e9rez Aguilar, directora de Atenci\u00f3n Psicol\u00f3gica en el DIF; Carla P\u00e9rez Amador, de la Preceptor\u00eda Juvenil y Reintegraci\u00f3n Social; Mario Benito Fierro, defensor de los Derechos Humanos; Patricia Valdivielso Salcedo, jefa del departamento de Conservaci\u00f3n del Patrimonio Cultural, Kristian Fern\u00e1ndez Galv\u00e1n, director de Desarrollo Econ\u00f3mico y Empresarial, as\u00ed como de las \u00e1reas de Seguridad P\u00fablica y Deporte.<\/p>\n","protected":false},"excerpt":{"rendered":"<p>Con el objetivo de consolidar una pol\u00edtica integral que aleje de las drogas a los j\u00f3venes de Huixquilucan, fue instalado el Comit\u00e9 Municipal Contra las Adicciones, acci\u00f3n que se suma a los trabajos que se realizan con \u00e9xito en el Centro de Rehabilitaci\u00f3n Integral contra las Adicciones (CRIA).<\/p>\n","protected":false},"author":3,"featured_media":449409,"comment_status":"open","ping_status":"open","sticky":false,"template":"","format":"standard","meta":{"_monsterinsights_skip_tracking":false,"_monsterinsights_sitenote_active":false,"_monsterinsights_sitenote_note":"","_monsterinsights_sitenote_category":0,"footnotes":""},"categories":[5],"tags":[6986,43675,1097],"class_list":["post-449350","post","type-post","status-publish","format-standard","has-post-thumbnail","hentry","category-estado-de-mexico","tag-adicciones","tag-estado-de-mexico","tag-huixquilucan"],"_links":{"self":[{"href":"https:\/\/www.diarioimagen.net\/index.php?rest_route=\/wp\/v2\/posts\/449350","targetHints":{"allow":["GET"]}}],"collection":[{"href":"https:\/\/www.diarioimagen.net\/index.php?rest_route=\/wp\/v2\/posts"}],"about":[{"href":"https:\/\/www.diarioimagen.net\/index.php?rest_route=\/wp\/v2\/types\/post"}],"author":[{"embeddable":true,"href":"https:\/\/www.diarioimagen.net\/index.php?rest_route=\/wp\/v2\/users\/3"}],"replies":[{"embeddable":true,"href":"https:\/\/www.diarioimagen.net\/index.php?rest_route=%2Fwp%2Fv2%2Fcomments&post=449350"}],"version-history":[{"count":0,"href":"https:\/\/www.diarioimagen.net\/index.php?rest_route=\/wp\/v2\/posts\/449350\/revisions"}],"wp:featuredmedia":[{"embeddable":true,"href":"https:\/\/www.diarioimagen.net\/index.php?rest_route=\/wp\/v2\/media\/449409"}],"wp:attachment":[{"href":"https:\/\/www.diarioimagen.net\/index.php?rest_route=%2Fwp%2Fv2%2Fmedia&parent=449350"}],"wp:term":[{"taxonomy":"category","embeddable":true,"href":"https:\/\/www.diarioimagen.net\/index.php?rest_route=%2Fwp%2Fv2%2Fcategories&post=449350"},{"taxonomy":"post_tag","embeddable":true,"href":"https:\/\/www.diarioimagen.net\/index.php?rest_route=%2Fwp%2Fv2%2Ftags&post=449350"}],"curies":[{"name":"wp","href":"https:\/\/api.w.org\/{rel}","templated":true}]}}