{"id":449486,"date":"2019-11-08T00:03:10","date_gmt":"2019-11-08T06:03:10","guid":{"rendered":"https:\/\/www.diarioimagen.net\/?p=449486"},"modified":"2019-11-10T23:42:21","modified_gmt":"2019-11-11T05:42:21","slug":"carlos-slim-participara-en-licitaciones-del-tren-maya","status":"publish","type":"post","link":"https:\/\/www.diarioimagen.net\/?p=449486","title":{"rendered":"Carlos Slim participar\u00e1 en licitaciones del Tren Maya"},"content":{"rendered":"<ul>\n<li><em><strong>Reuni\u00f3n con el presidente L\u00f3pez Obrador<\/strong><\/em><\/li>\n<li><em><strong>Destac\u00f3 que ser\u00e1 una obra que dar\u00e1 impulso al sureste<\/strong><\/em><\/li>\n<\/ul>\n<h6>Jos\u00e9 Luis Monta\u00f1ez<\/h6>\n<p>&nbsp;<\/p>\n<div id=\"attachment_449558\" style=\"width: 470px\" class=\"wp-caption aligncenter\"><a href=\"https:\/\/www.diarioimagen.net\/?attachment_id=449558\" rel=\"attachment wp-att-449558\"><img loading=\"lazy\" decoding=\"async\" aria-describedby=\"caption-attachment-449558\" class=\"size-large wp-image-449558\" src=\"https:\/\/www.diarioimagen.net\/wp-content\/uploads\/2019\/11\/slim-460x259.jpg\" alt=\"\" width=\"460\" height=\"259\" srcset=\"https:\/\/www.diarioimagen.net\/wp-content\/uploads\/2019\/11\/slim-460x259.jpg 460w, https:\/\/www.diarioimagen.net\/wp-content\/uploads\/2019\/11\/slim-240x135.jpg 240w, https:\/\/www.diarioimagen.net\/wp-content\/uploads\/2019\/11\/slim-235x132.jpg 235w, https:\/\/www.diarioimagen.net\/wp-content\/uploads\/2019\/11\/slim-202x114.jpg 202w, https:\/\/www.diarioimagen.net\/wp-content\/uploads\/2019\/11\/slim-350x196.jpg 350w, https:\/\/www.diarioimagen.net\/wp-content\/uploads\/2019\/11\/slim-220x123.jpg 220w, https:\/\/www.diarioimagen.net\/wp-content\/uploads\/2019\/11\/slim-237x132.jpg 237w, https:\/\/www.diarioimagen.net\/wp-content\/uploads\/2019\/11\/slim.jpg 480w\" sizes=\"auto, (max-width: 460px) 100vw, 460px\" \/><\/a><p id=\"caption-attachment-449558\" class=\"wp-caption-text\">Carlos Slim Hel\u00fa anunci\u00f3 que Grupo Carso formar\u00e1 parte de este proyecto que busca darle desarrollo econ\u00f3mico al sureste del pa\u00eds.<\/p><\/div>\n<p>&nbsp;<\/p>\n<p>El Grupo Carso, del empresario Carlos Slim Hel\u00fa, y un grupo de 18 empresas mexicanas e internacionales anunciaron su intenci\u00f3n de participar en las licitaciones para la construcci\u00f3n del Tren Maya.<\/p>\n<p>Al salir de una reuni\u00f3n con el presidente Andr\u00e9s Manuel L\u00f3pez Obrador en Palacio Nacional, Slim Hel\u00fa, anunci\u00f3 que s\u00ed formar\u00e1n parte de este proyecto, que busca darle desarrollo econ\u00f3mico al sureste del pa\u00eds.<\/p>\n<p>\u201cEs un proyecto muy interesante, s\u00ed, s\u00ed participaremos, vamos a analizar en qu\u00e9 obras participaremos\u201d, se\u00f1al\u00f3 el empresario. Destac\u00f3 que el Tren Maya ser\u00e1 una obra que dar\u00e1 impulso al sureste y que deber\u00e1 ayudar a toda la gente de esa zona.<\/p>\n<p>Otras de las empresas que estuvieron en la reuni\u00f3n y anunciaron su participaci\u00f3n para estar en el proyecto fueron Grupo M\u00e9xico, ICA, Prodemex, Grupo Omega, Coconal, Sacyr, Acciona y China Communications Construction Company.<\/p>\n<p>Por su parte, el presidente de Grupo Hermes, Carlos Hank Gonz\u00e1lez, se\u00f1al\u00f3 que est\u00e1n interesados en ser parte de la licitaciones del proyecto, ya que es muy buen proyecto.<\/p>\n<p style=\"text-align: center;\"><strong>\u201cBuena relaci\u00f3n <\/strong><strong>con empresarios\u201d<\/strong><\/p>\n<p>En la ma\u00f1anera, el presidente L\u00f3pez Obrador reiter\u00f3 que tiene una buena relaci\u00f3n con los empresarios de M\u00e9xico, con quienes se reunir\u00e1 la pr\u00f3xima semana para hablar sobre proyectos de inversi\u00f3n en el pa\u00eds.<\/p>\n<p>\u201cSiempre he tenido buena relaci\u00f3n con los empresarios; hay discrepancias es natural, pero nunca se ha roto el di\u00e1logo. Siempre hemos estado en comunicaci\u00f3n\u201d, destac\u00f3 en su conferencia de prensa matutina.<\/p>\n<p>El mandatario federal mencion\u00f3 que hace tres d\u00edas se reuni\u00f3 con dirigentes de las organizaciones empresariales del pa\u00eds, quienes le informaron que trabajan en un c\u00f3digo de \u00e9tica empresarial, el cual consider\u00f3 es necesario para evitar actos de corrupci\u00f3n. \u201cEsto es necesario, que no vuelva a suceder lo que pasaba en M\u00e9xico que empresas extranjeras sobornaban, obten\u00edan contratos jugosos con utilidades excesivas y en detrimento de la hacienda p\u00fablica\u201d, opin\u00f3.<\/p>\n<p>L\u00f3pez Obrador refiri\u00f3 que se trata de empresas que hicieron negocio al amparo del poder p\u00fablico como: Repsol, de Espa\u00f1a, OHL tambi\u00e9n de Espa\u00f1a y Odebrecht, entre otras empresas.<\/p>\n<p>Exhort\u00f3 a los empresarios del pa\u00eds a buscar ganancias razonables sin que ello afecte a trabajadores y a la econom\u00eda del pa\u00eds.<\/p>\n<p>En Palacio Nacional, el mandatario present\u00f3 un video donde el empresario estadunidense Nick Hanauer, quien ha fundado unas 30 compa\u00f1\u00edas, da una conferencia magistral sobre desigualdad econ\u00f3mica.<\/p>\n<p>\u201cCierta desigualdad es necesaria para una democracia capitalista de alto rendimiento. El problema es que la desigualdad hoy est\u00e1 en sus m\u00e1ximos hist\u00f3ricos y empeora d\u00eda con d\u00eda\u201d.<\/p>\n<p>\u201cSi salud, poder y renta siguen concentr\u00e1ndose en la punta de la pir\u00e1mide, nuestra sociedad pasar\u00e1 de una democracia capitalista a una sociedad rentista neofeudal como la del siglo 18 en Francia\u201d, se\u00f1ala el empresario en el video.<\/p>\n<p>En ese sentido, L\u00f3pez Obrador se\u00f1al\u00f3 que el sector empresarial es necesario para el desarrollo del pa\u00eds, no obstante, debe conducirse con respeto a la ley.<\/p>\n","protected":false},"excerpt":{"rendered":"<p><span style=\"color: #005497;\">Jos\u00e9 Luis Monta\u00f1ez<\/span><br \/>\n<br \/>\nEl Grupo Carso, del empresario Carlos Slim Hel\u00fa, y un grupo de 18 empresas mexicanas e internacionales anunciaron su intenci\u00f3n de participar en las licitaciones para la construcci\u00f3n del Tren Maya.<\/p>\n","protected":false},"author":3,"featured_media":449558,"comment_status":"open","ping_status":"open","sticky":false,"template":"","format":"standard","meta":{"_monsterinsights_skip_tracking":false,"_monsterinsights_sitenote_active":false,"_monsterinsights_sitenote_note":"","_monsterinsights_sitenote_category":0,"footnotes":""},"categories":[8],"tags":[974,342,43673,46374,76415],"class_list":["post-449486","post","type-post","status-publish","format-standard","has-post-thumbnail","hentry","category-finanzas","tag-carlos-slim-helu","tag-licitacion","tag-nacional","tag-participacion","tag-tren-maya"],"_links":{"self":[{"href":"https:\/\/www.diarioimagen.net\/index.php?rest_route=\/wp\/v2\/posts\/449486","targetHints":{"allow":["GET"]}}],"collection":[{"href":"https:\/\/www.diarioimagen.net\/index.php?rest_route=\/wp\/v2\/posts"}],"about":[{"href":"https:\/\/www.diarioimagen.net\/index.php?rest_route=\/wp\/v2\/types\/post"}],"author":[{"embeddable":true,"href":"https:\/\/www.diarioimagen.net\/index.php?rest_route=\/wp\/v2\/users\/3"}],"replies":[{"embeddable":true,"href":"https:\/\/www.diarioimagen.net\/index.php?rest_route=%2Fwp%2Fv2%2Fcomments&post=449486"}],"version-history":[{"count":0,"href":"https:\/\/www.diarioimagen.net\/index.php?rest_route=\/wp\/v2\/posts\/449486\/revisions"}],"wp:featuredmedia":[{"embeddable":true,"href":"https:\/\/www.diarioimagen.net\/index.php?rest_route=\/wp\/v2\/media\/449558"}],"wp:attachment":[{"href":"https:\/\/www.diarioimagen.net\/index.php?rest_route=%2Fwp%2Fv2%2Fmedia&parent=449486"}],"wp:term":[{"taxonomy":"category","embeddable":true,"href":"https:\/\/www.diarioimagen.net\/index.php?rest_route=%2Fwp%2Fv2%2Fcategories&post=449486"},{"taxonomy":"post_tag","embeddable":true,"href":"https:\/\/www.diarioimagen.net\/index.php?rest_route=%2Fwp%2Fv2%2Ftags&post=449486"}],"curies":[{"name":"wp","href":"https:\/\/api.w.org\/{rel}","templated":true}]}}