{"id":449488,"date":"2019-11-08T00:05:59","date_gmt":"2019-11-08T06:05:59","guid":{"rendered":"https:\/\/www.diarioimagen.net\/?p=449488"},"modified":"2019-11-08T04:49:23","modified_gmt":"2019-11-08T10:49:23","slug":"alfredo-barrera-inaugura-festival-universitario-de-la-cancion","status":"publish","type":"post","link":"https:\/\/www.diarioimagen.net\/?p=449488","title":{"rendered":"Alfredo Barrera inaugura Festival Universitario de la Canci\u00f3n"},"content":{"rendered":"<ul>\n<li><strong><em>M\u00fasica, el mejor instrumento para la transformaci\u00f3n social<\/em><\/strong><\/li>\n<\/ul>\n<p>&nbsp;<\/p>\n<div id=\"attachment_449563\" style=\"width: 470px\" class=\"wp-caption aligncenter\"><a href=\"https:\/\/www.diarioimagen.net\/?attachment_id=449563\" rel=\"attachment wp-att-449563\"><img loading=\"lazy\" decoding=\"async\" aria-describedby=\"caption-attachment-449563\" class=\"size-large wp-image-449563\" src=\"https:\/\/www.diarioimagen.net\/wp-content\/uploads\/2019\/11\/UAEM-2-460x259.jpg\" alt=\"\" width=\"460\" height=\"259\" srcset=\"https:\/\/www.diarioimagen.net\/wp-content\/uploads\/2019\/11\/UAEM-2-460x259.jpg 460w, https:\/\/www.diarioimagen.net\/wp-content\/uploads\/2019\/11\/UAEM-2-240x135.jpg 240w, https:\/\/www.diarioimagen.net\/wp-content\/uploads\/2019\/11\/UAEM-2-235x132.jpg 235w, https:\/\/www.diarioimagen.net\/wp-content\/uploads\/2019\/11\/UAEM-2-202x114.jpg 202w, https:\/\/www.diarioimagen.net\/wp-content\/uploads\/2019\/11\/UAEM-2-350x196.jpg 350w, https:\/\/www.diarioimagen.net\/wp-content\/uploads\/2019\/11\/UAEM-2-220x123.jpg 220w, https:\/\/www.diarioimagen.net\/wp-content\/uploads\/2019\/11\/UAEM-2-237x132.jpg 237w, https:\/\/www.diarioimagen.net\/wp-content\/uploads\/2019\/11\/UAEM-2.jpg 480w\" sizes=\"auto, (max-width: 460px) 100vw, 460px\" \/><\/a><p id=\"caption-attachment-449563\" class=\"wp-caption-text\">El rector Alfredo Barrera Baca inaugur\u00f3 la edici\u00f3n 24 del Festival Universitario de la Canci\u00f3n.<\/p><\/div>\n<p>&nbsp;<\/p>\n<p><strong>Toluca, Estado de M\u00e9xico<\/strong>.\u2013 Los universitarios hacen de la m\u00fasica el mejor instrumento para la transformaci\u00f3n social, sostuvo el rector de la Universidad Aut\u00f3noma del Estado de M\u00e9xico, Alfredo Barrera Baca, al inaugurar la edici\u00f3n 24 del Festival Universitario de la Canci\u00f3n.<\/p>\n<p>En el Teatro Universitario \u201cLos Jaguares\u201d, destac\u00f3 que en esta edici\u00f3n se convoc\u00f3 una categor\u00eda especial, mediante la cual se conmemora el 75 aniversario de la autonom\u00eda de la UAEM. \u201cLa m\u00fasica es la utop\u00eda posible de quienes aman, sue\u00f1an y nunca se cansan de ser mejores\u201d.<\/p>\n<p>Manifest\u00f3 que los j\u00f3venes que organizan y participan en este festival act\u00faan con \u00e9tica y tenacidad. \u201cEs una generaci\u00f3n con disposici\u00f3n para aprender, responsable, de fuerte participaci\u00f3n pol\u00edtica, dispuesta a labrarse un destino sin fronteras y comprometida con los desaf\u00edos de su comunidad\u201d.<\/p>\n<p>Abund\u00f3 que mediante la imaginaci\u00f3n y creatividad de los alumnos que participan en este concurso, y a trav\u00e9s de la m\u00fasica, se recupera el valor de la armon\u00eda, se mejora el presente y reinventa el porvenir.<\/p>\n<p>El Festival Universitario de la Canci\u00f3n, indic\u00f3 Alfredo Barrera Baca, consolida el trabajo colectivo, eleva la calidad y profesionaliza a los int\u00e9rpretes y m\u00fasicos que participan en \u00e9l. \u201cSon artistas que transforman nuestras realidades a trav\u00e9s de la m\u00fasica\u201d<\/p>\n<p>La consejera alumna de la Facultad de Medicina Veterinaria y Zootecnia, Danna Alejandra Aguilar Oca\u00f1a, precis\u00f3 que los ganadores de cada categor\u00eda, g\u00e9nero y modalidad recibir\u00e1n el premio \u201cArpegio Universitario\u201d, que busca enaltecer el esp\u00edritu de cada m\u00fasico y crear identidad entre la comunidad de esta casa de estudios. \u201cSu significado es profundo, ya que un arpegio es una sucesi\u00f3n de notas que, en conjunto, forman un acorde, una uni\u00f3n de melod\u00edas, un sentimiento, un mensaje, tal como este festival\u201d.<\/p>\n<p>En tanto, el alumno del Plantel \u201cCuauht\u00e9moc\u201d de la Escuela Preparatoria y participante en este certamen, Eloy Ulises L\u00f3pez Gonz\u00e1lez, expres\u00f3 que para participar en este Festival se necesita coraje, pasi\u00f3n, entrega, valent\u00eda, proyecci\u00f3n y concentraci\u00f3n. \u201cUn artista no triunfa por su talento sino por su lucha ardua, sus sue\u00f1os y objetivos\u201d.<\/p>\n","protected":false},"excerpt":{"rendered":"<p>Los universitarios hacen de la m\u00fasica el mejor instrumento para la transformaci\u00f3n social, sostuvo el rector de la Universidad Aut\u00f3noma del Estado de M\u00e9xico, Alfredo Barrera Baca, al inaugurar la edici\u00f3n 24 del Festival Universitario de la Canci\u00f3n.<\/p>\n","protected":false},"author":3,"featured_media":449563,"comment_status":"open","ping_status":"open","sticky":false,"template":"","format":"standard","meta":{"_monsterinsights_skip_tracking":false,"_monsterinsights_sitenote_active":false,"_monsterinsights_sitenote_note":"","_monsterinsights_sitenote_category":0,"footnotes":""},"categories":[5],"tags":[43675,79839,452,1490],"class_list":["post-449488","post","type-post","status-publish","format-standard","has-post-thumbnail","hentry","category-estado-de-mexico","tag-estado-de-mexico","tag-festival-universitario-de-la-cancion","tag-toluca","tag-universidad-autonoma-del-estado-de-mexico"],"_links":{"self":[{"href":"https:\/\/www.diarioimagen.net\/index.php?rest_route=\/wp\/v2\/posts\/449488","targetHints":{"allow":["GET"]}}],"collection":[{"href":"https:\/\/www.diarioimagen.net\/index.php?rest_route=\/wp\/v2\/posts"}],"about":[{"href":"https:\/\/www.diarioimagen.net\/index.php?rest_route=\/wp\/v2\/types\/post"}],"author":[{"embeddable":true,"href":"https:\/\/www.diarioimagen.net\/index.php?rest_route=\/wp\/v2\/users\/3"}],"replies":[{"embeddable":true,"href":"https:\/\/www.diarioimagen.net\/index.php?rest_route=%2Fwp%2Fv2%2Fcomments&post=449488"}],"version-history":[{"count":0,"href":"https:\/\/www.diarioimagen.net\/index.php?rest_route=\/wp\/v2\/posts\/449488\/revisions"}],"wp:featuredmedia":[{"embeddable":true,"href":"https:\/\/www.diarioimagen.net\/index.php?rest_route=\/wp\/v2\/media\/449563"}],"wp:attachment":[{"href":"https:\/\/www.diarioimagen.net\/index.php?rest_route=%2Fwp%2Fv2%2Fmedia&parent=449488"}],"wp:term":[{"taxonomy":"category","embeddable":true,"href":"https:\/\/www.diarioimagen.net\/index.php?rest_route=%2Fwp%2Fv2%2Fcategories&post=449488"},{"taxonomy":"post_tag","embeddable":true,"href":"https:\/\/www.diarioimagen.net\/index.php?rest_route=%2Fwp%2Fv2%2Ftags&post=449488"}],"curies":[{"name":"wp","href":"https:\/\/api.w.org\/{rel}","templated":true}]}}