{"id":449529,"date":"2019-11-08T00:03:19","date_gmt":"2019-11-08T06:03:19","guid":{"rendered":"https:\/\/www.diarioimagen.net\/?p=449529"},"modified":"2019-11-08T05:19:28","modified_gmt":"2019-11-08T11:19:28","slug":"destacan-en-atizapan-el-frente-de-alcaldes-contra-crimen-organizado","status":"publish","type":"post","link":"https:\/\/www.diarioimagen.net\/?p=449529","title":{"rendered":"Destacan en Atizap\u00e1n el frente de alcaldes contra crimen organizado"},"content":{"rendered":"<ul>\n<li><strong><em>Cuarto Consejo Intermunicipal de Seguridad de Cuautitl\u00e1n Izcalli<\/em><\/strong><\/li>\n<\/ul>\n<p>&nbsp;<\/p>\n<div id=\"attachment_449607\" style=\"width: 470px\" class=\"wp-caption aligncenter\"><a href=\"https:\/\/www.diarioimagen.net\/?attachment_id=449607\" rel=\"attachment wp-att-449607\"><img loading=\"lazy\" decoding=\"async\" aria-describedby=\"caption-attachment-449607\" class=\"size-large wp-image-449607\" src=\"https:\/\/www.diarioimagen.net\/wp-content\/uploads\/2019\/11\/ATIZAP\u00c1N-2-460x259.jpg\" alt=\"\" width=\"460\" height=\"259\" srcset=\"https:\/\/www.diarioimagen.net\/wp-content\/uploads\/2019\/11\/ATIZAP\u00c1N-2-460x259.jpg 460w, https:\/\/www.diarioimagen.net\/wp-content\/uploads\/2019\/11\/ATIZAP\u00c1N-2-240x135.jpg 240w, https:\/\/www.diarioimagen.net\/wp-content\/uploads\/2019\/11\/ATIZAP\u00c1N-2-235x132.jpg 235w, https:\/\/www.diarioimagen.net\/wp-content\/uploads\/2019\/11\/ATIZAP\u00c1N-2-202x114.jpg 202w, https:\/\/www.diarioimagen.net\/wp-content\/uploads\/2019\/11\/ATIZAP\u00c1N-2-350x196.jpg 350w, https:\/\/www.diarioimagen.net\/wp-content\/uploads\/2019\/11\/ATIZAP\u00c1N-2-220x123.jpg 220w, https:\/\/www.diarioimagen.net\/wp-content\/uploads\/2019\/11\/ATIZAP\u00c1N-2-237x132.jpg 237w, https:\/\/www.diarioimagen.net\/wp-content\/uploads\/2019\/11\/ATIZAP\u00c1N-2.jpg 480w\" sizes=\"auto, (max-width: 460px) 100vw, 460px\" \/><\/a><p id=\"caption-attachment-449607\" class=\"wp-caption-text\">Ruth Olvera\u00a0 Nieto, se\u00f1al\u00f3 que los gobiernos locales est\u00e1n conscientes que solo sumando esfuerzos se podr\u00e1 poner un freno a la delincuencia.<\/p><\/div>\n<p>&nbsp;<\/p>\n<p><strong>Atizap\u00e1n, Estado de M\u00e9xico<\/strong>.- A la delincuencia organizada la estamos enfrentando\u00a0 unidos\u00a0 los\u00a0 alcaldes, en abierta colaboraci\u00f3n, compartiendo esfuerzos\u00a0 operativos\u00a0 y estrategia\u00a0 de inteligencia,\u00a0 asegur\u00f3\u00a0 la\u00a0 presidenta municipal Ruth Olvera Nieto.<\/p>\n<p>Durante\u00a0 el Cuarto Consejo Intermunicipal de Seguridad de Cuautitl\u00e1n Izcalli,\u00a0 Olvera\u00a0 Nieto, fue tajante al se\u00f1alar que los gobiernos\u00a0 locales est\u00e1n conscientes\u00a0\u00a0 que solo sumando esfuerzos\u00a0\u00a0 se podr\u00e1 poner un freno a la delincuencia. La alcaldesa morenista, dijo que en Atizap\u00e1n se trabaja no solo en el d\u00eda a d\u00eda\u00a0 con operativos para inhibir\u00a0 el delito, sino tambi\u00e9n en el ejercicio diario de una polic\u00eda\u00a0 de proximidad, cercana a la gente y atenta a lo que pasa en las comunidades.<\/p>\n<p>Ah\u00ed, en el\u00a0 Centro Cultural Luis\u00a0 Nizhizahua, sede de la reuni\u00f3n del Consejo Intermunicipal,\u00a0 Ruth Olvera, agradeci\u00f3 el apoyo\u00a0 y el trabajo coordinado con la Fiscal\u00eda General de Justicia, la polic\u00eda\u00a0 estatal y al personal castrense, \u201c hemos hecho un gran equipo, solido,\u00a0 coordinado, con un solo objetivo: la seguridad de las familias mexiquenses\u201d. Agreg\u00f3 esta es la Cuarta y \u00faltima reuni\u00f3n del Consejo Intermunicipal de la Regi\u00f3n Cuatro Cuautitl\u00e1n Izcalli de este a\u00f1o, de ah\u00ed que sea importante compartir los avances, estrategias y retos por cumplir sobre el servicio de seguridad p\u00fablica que ahora tiene un v\u00ednculo directo con la coordinaci\u00f3n, la suma de esfuerzos y generaci\u00f3n de inteligencia para combatir la delincuencia.<\/p>\n","protected":false},"excerpt":{"rendered":"<p>A la delincuencia organizada la estamos enfrentando\u00a0 unidos\u00a0 los\u00a0 alcaldes, en abierta colaboraci\u00f3n, compartiendo esfuerzos\u00a0 operativos\u00a0 y estrategia\u00a0 de inteligencia,\u00a0 asegur\u00f3\u00a0 la\u00a0 presidenta municipal Ruth Olvera Nieto.<\/p>\n","protected":false},"author":3,"featured_media":449607,"comment_status":"open","ping_status":"open","sticky":false,"template":"","format":"standard","meta":{"_monsterinsights_skip_tracking":false,"_monsterinsights_sitenote_active":false,"_monsterinsights_sitenote_note":"","_monsterinsights_sitenote_category":0,"footnotes":""},"categories":[5],"tags":[969,43675,88603],"class_list":["post-449529","post","type-post","status-publish","format-standard","has-post-thumbnail","hentry","category-estado-de-mexico","tag-atizapan","tag-estado-de-mexico","tag-ruth-olvera-nieto-crimen-organizado"],"_links":{"self":[{"href":"https:\/\/www.diarioimagen.net\/index.php?rest_route=\/wp\/v2\/posts\/449529","targetHints":{"allow":["GET"]}}],"collection":[{"href":"https:\/\/www.diarioimagen.net\/index.php?rest_route=\/wp\/v2\/posts"}],"about":[{"href":"https:\/\/www.diarioimagen.net\/index.php?rest_route=\/wp\/v2\/types\/post"}],"author":[{"embeddable":true,"href":"https:\/\/www.diarioimagen.net\/index.php?rest_route=\/wp\/v2\/users\/3"}],"replies":[{"embeddable":true,"href":"https:\/\/www.diarioimagen.net\/index.php?rest_route=%2Fwp%2Fv2%2Fcomments&post=449529"}],"version-history":[{"count":0,"href":"https:\/\/www.diarioimagen.net\/index.php?rest_route=\/wp\/v2\/posts\/449529\/revisions"}],"wp:featuredmedia":[{"embeddable":true,"href":"https:\/\/www.diarioimagen.net\/index.php?rest_route=\/wp\/v2\/media\/449607"}],"wp:attachment":[{"href":"https:\/\/www.diarioimagen.net\/index.php?rest_route=%2Fwp%2Fv2%2Fmedia&parent=449529"}],"wp:term":[{"taxonomy":"category","embeddable":true,"href":"https:\/\/www.diarioimagen.net\/index.php?rest_route=%2Fwp%2Fv2%2Fcategories&post=449529"},{"taxonomy":"post_tag","embeddable":true,"href":"https:\/\/www.diarioimagen.net\/index.php?rest_route=%2Fwp%2Fv2%2Ftags&post=449529"}],"curies":[{"name":"wp","href":"https:\/\/api.w.org\/{rel}","templated":true}]}}