{"id":449551,"date":"2019-11-08T00:01:32","date_gmt":"2019-11-08T06:01:32","guid":{"rendered":"https:\/\/www.diarioimagen.net\/?p=449551"},"modified":"2019-11-13T02:33:39","modified_gmt":"2019-11-13T08:33:39","slug":"impunidad-de-94-en-castigo-de-delitos-en-mexico","status":"publish","type":"post","link":"https:\/\/www.diarioimagen.net\/?p=449551","title":{"rendered":"Impunidad de 94% en castigo de delitos en M\u00e9xico"},"content":{"rendered":"<h2>\u201cHora 14\u201d<\/h2>\n<h5>Mauricio Conde Olivares<\/h5>\n<p>&nbsp;<\/p>\n<p>Al recordar que el \u00edndice de impunidad en M\u00e9xico asciende al 94%, Alejandro Robledo Carretero, subsecretario de Planeaci\u00f3n, Previsi\u00f3n, Protecci\u00f3n Civil y Construcci\u00f3n de Paz, advirti\u00f3 que solamente 5 entidades federativas cumplen la medici\u00f3n internacional que marca la ONU en relaci\u00f3n al estado de fuerza necesaria que son 300 polic\u00edas por cada 100 mil habitantes.<\/p>\n<p>El funcionario de la Secretaria de Seguridad particip\u00f3 en Canc\u00fan en la ceremonia de inauguraci\u00f3n del 4\u00ba Encuentro de la Red Nacional de Mesas de Seguridad y Justicia (RNMSJ) donde dijo que M\u00e9xico tiene un d\u00e9ficit de casi 80 mil polic\u00edas en el estado de fuerza.<\/p>\n<p>\u201cLa Guardia Nacional llegar\u00e1 a 150 mil elementos. Sin fortalecer a las polic\u00edas municipales y las estatales no lo vamos a lograr, la Guardia Nacional a\u00fan siendo muy eficaz no va a ser suficiente\u201d, refiri\u00f3.<\/p>\n<p>150 mil elementos \u2013explic\u00f3- para cubrir un territorio de casi dos millones de kil\u00f3metros cuadrados es pr\u00e1cticamente imposible, entonces tenemos que fortalecer a las polic\u00edas estatales y municipales.<\/p>\n<p>Afirm\u00f3 que seg\u00fan las estad\u00edsticas en M\u00e9xico se registran 33 millones delitos, denunciados solo 2 millones, entonces el \u00edndice de impunidad es de casi 94%. \u201cSi no corregimos esto es imposible, todos los puntos tienen que estar conectados, la pol\u00edtica p\u00fablica, la pol\u00edtica criminal de estado tiene que estar vinculada y los ciudadanos tambi\u00e9n vinculados\u201d, cit\u00f3.<\/p>\n<p>El subsecretario repuso frente a las cr\u00edticas por lo sucedido en Sinaloa y Sonora, que \u201cel gobierno federal s\u00ed tiene una estrategia de largo plazo que combate las acusas profundas que originaron la inseguridad en M\u00e9xico\u201d.<\/p>\n<p>Indic\u00f3 que se dividi\u00f3 el pa\u00eds en 266 regiones, 156 con Guardia Nacional que cuenta actualmente con 72 mil elementos y llegar\u00e1n a 150 mil en 2020. Indic\u00f3 que la Guardia Nacional se constituy\u00f3 en seis meses y que la meta para lograr los objetivos de la actual estrategia contra la inseguridad es de 3 a\u00f1os. Por ello, consider\u00f3 indispensable retirar la capacidad de fuego de las organizaciones criminales, toda vez que 250 mil armas entran ilegalmente al pa\u00eds cada a\u00f1o. Tambi\u00e9n es necesario atacar, sostuvo, la capacidad financiera de las organizaciones criminales, si no les quitamos el dinero no vamos a poder con ellos, eso es claro.<\/p>\n<p>Agreg\u00f3 que los programas sociales que encabeza el gobierno federal son para atacar las causas profundas de las desigualdades entre los mexicanos. Pero, observ\u00f3, \u201csi tenemos que utilizar la fuerza p\u00fablica, la vamos a utilizar, de ello eso no tengan ninguna duda\u201d.<\/p>\n<p>Alejandro Robledo argument\u00f3 que \u201ces un tema de pol\u00edtica criminal con el nuevo sistema acusatorio que tiene un a\u00f1o., d\u00f3nde la participaci\u00f3n ciudadana es imprescindible, \u00e9sta se hace a trav\u00e9s de la denuncia p\u00fablica, y nosotros debemos ser halcones de la seguridad\u201d.<\/p>\n<p>Mencion\u00f3 que el Presidente Andr\u00e9s Manuel L\u00f3pez Obrador anunci\u00f3 en reuni\u00f3n con el gabinete de seguridad que se aplicar\u00e1 todo el dinero que sea necesario para combatir las adicciones, y habr\u00e1 una campa\u00f1a oficial al respecto m\u00e1s los recursos provenientes de la Iniciativa M\u00e9rida.<\/p>\n<p>Por su parte, Alejandro Mart\u00ed, presidente M\u00e9xico SOS, record\u00f3 que hace 11 a\u00f1os secuestraron a su hijo y fue invitado al Consejo Nacional de Seguridad, y entonces dijo que acus\u00f3 de todo a los \u00edndices de impunidad que prevalec\u00edan en el pa\u00eds.<\/p>\n<p>Mencion\u00f3 que sin embargo, hoy de cada 100 delitos, 94 no son denunciados y el resto quiz\u00e1 cinco o siete son judicializados.<\/p>\n<p>\u201cA partir del si no pueden renuncien, empuje con mi familia a hacer una fundaci\u00f3n que generara pol\u00edticas p\u00fablicas para evitar que hubiera un Fernando Mart\u00ed m\u00e1s o muchas familias sufriendo\u201d, refiri\u00f3.<\/p>\n<p>Luego, argument\u00f3, peleamos por el n\u00famero 911, la reforma penal, entre otros, naci\u00f3 la primera mesa de seguridad y justicia en Laredo, no en Ciudad Ju\u00e1rez porque ah\u00ed no se pod\u00eda caminar.<\/p>\n<p>Hoy a\u00f1os despu\u00e9s me quedo verdaderamente admirado de saber que aqu\u00ed estamos un grupo de ciudadanos que queremos a M\u00e9xico y trabajamos probono, lo hacemos con mucho gusto, queremos hacer una red nacional de ciudadanos, que con seguridad trabajamos para nuestros gobernantes, y nuestros gobernantes son ciudadanos, tambi\u00e9n tienen hijos y tambi\u00e9n tienen familia, para que no exista nunca m\u00e1s un Fernando Mart\u00ed, finaliz\u00f3 el Presidente de M\u00e9xico SOS.<\/p>\n<p>Por otra parte, le comento que la D\u00e9cima Edici\u00f3n del The International Art Exchange (Intercambio Internacional de Arte) que se realizar\u00e1 del 9 al 14 de noviembre en Guadalajara, Jalisco, reunir\u00e1 a m\u00e1s de 30 pintores de pa\u00edses como Francia, Estados Unidos, Rusia, Suiza y M\u00e9xico, tiene entre sus objetivos principales la promoci\u00f3n e intercambio de experiencias entre artistas pl\u00e1sticos de dichos pa\u00edses.<\/p>\n<p>The International Art Exchange ha dedicado sus esfuerzos a la promoci\u00f3n de las bellas artes y al compromiso de la comunidad, con la coordinaci\u00f3n anual de exposiciones de arte cultural en diferentes naciones del mundo, para ofrecer a los participantes, artistas y amantes del arte una plataforma y una oportunidad para promocionar sus obras art\u00edsticas.<\/p>\n<p>El intercambio internacional de arte se centra en la producci\u00f3n de eventos culturales en \u00e9sta disciplina de las artes pl\u00e1ticas, para deleitar, entretener y mostrar a todos los participantes la riqueza del patrimonio de una comunidad art\u00edstica mundial.<\/p>\n<p>Se busca adem\u00e1s expandir un desarrollo cultural, educativo y social para beneficio mutuo con los artistas, patrocinadores y partidarios del arte, fomentando la amistad y el entendimiento mutuo.<\/p>\n<p>The International Art Exchange, inici\u00f3 hace diez a\u00f1os a iniciativa del pintor tapat\u00edo, radicado en Tucson, Arizona, V\u00edctor Navarro, quien a lo largo de una d\u00e9cada ha logrado conjuntar el esfuerzo de decenas de pintores que en sus respectivos pa\u00edses montan exposiciones y promueven el arte, adem\u00e1s de acudir a diferentes partes del mundo a promocionar sus obras, como ocurri\u00f3 recientemente en Dub\u00e1i, Emiratos \u00c1rabes Unidos, donde se realiz\u00f3 el World Art Dubai features con la asistencia de 150 pintores de todo el mundo.<\/p>\n<p>La primera edici\u00f3n del The International Art Exchange se llev\u00f3 a cabo en 2009 en Tucson, Arizona en la Uni\u00f3n Americana, el siguiente a\u00f1o 2010 fue en Par\u00eds, Francia; 2011 San Carlos, Sonora, M\u00e9xico, 2012 Toutry, Borgo\u00f1a, Francia; 2013 San Jos\u00e9 del Cabo, Baja California Sur M\u00e9xico; 2014 Toutry, Borgo\u00f1a Francia; 2015 Cliffon, Arizona Estados Unidos; 2016 Par\u00eds, Francia; 2017 Hermosillo, Sonora M\u00e9xico; 2018 Tenerife, Espa\u00f1a y la d\u00e9cima edici\u00f3n en Guadalajara, Jalisco.<\/p>\n<p>A la inauguraci\u00f3n del evento que se realizar\u00e1 el pr\u00f3ximo 9 de noviembre en el Sal\u00f3n Consserge ubicado en el Conjunto Santander de Artes Esc\u00e9nicas, se tendr\u00e1 la asistencia de diversas autoridades, as\u00ed como diplom\u00e1ticos acreditados ante el Gobierno de M\u00e9xico:<\/p>\n<ul>\n<li>Robin Matthewman, C\u00f3nsul General de Estados Unidos de Norte Am\u00e9rica en Guadalajara, Jalisco.<\/li>\n<li>\u00c1lvaro \u00c1vila Arrieta, C\u00f3nsul General de Colombia en Guadalajara, Jalisco.<\/li>\n<li>Juan Santos S\u00e1nchez Navarro, C\u00f3nsul Honorario de Rusia en Guadalajara.<\/li>\n<li>Mar\u00eda Salud Fern\u00e1ndez Ram\u00edrez, C\u00f3nsul Honorario de Francia en Guadalajara, Jalisco.<\/li>\n<\/ul>\n<p>Como parte del programa, se realizar\u00e1 un Concurso de talento, que ser\u00e1 Pintura en Vivo de estudiantes, artistas emergentes y amantes del arte y cuyo ganador del primer premio ser\u00e1 una beca para Exhibici\u00f3n de obra en Australia 2020.<\/p>\n<p>El martes 12 de noviembre se llevar\u00e1 a cabo la galer\u00eda de colecci\u00f3n permanente en la Galer\u00eda de Siteur, en la Estaci\u00f3n Ju\u00e1rez de la L\u00ednea 1 del Tren Ligero, as\u00ed como una visita a los Municipios Arenal, en el que donar\u00e1n una obra para el Patrimonio Cultural del lugar y al Municipio de Tequila, donde los artistas e invitados podr\u00e1n degustar el delicioso tequila de la regi\u00f3n.<\/p>\n<p>Destaca el evento de narraci\u00f3n y pintura en vivo, que tendr\u00e1 lugar el mi\u00e9rcoles 13 de noviembre en la Explanada \u00c1gora Jenkins, en donde doce artistas internacionalmente reconocidos e invitados por el Art Exchange estar\u00e1n pintando durante la narraci\u00f3n del cuento \u201cEl guardagujas\u201d del maestro Juan Jos\u00e9 Arreola. Se tendr\u00e1 como invitado especial a Roberto Sosa. Las obras ser\u00e1n donadas a la Biblioteca P\u00fablica Juan Jos\u00e9 Arreola para su acervo cultural permanente.<\/p>\n<p>Es importante destacar que como parte de la clausura del evento habr\u00e1 una subasta Pro-Fundaci\u00f3n \u201cAbrazos de Coraz\u00f3n\u201d por los ni\u00f1os con c\u00e1ncer. Las obras donadas ser\u00e1n subastadas, a beneficio de los ni\u00f1os que se encuentran en el piso 7 del Hospital Civil de Guadalajara, \u00e1rea oncolog\u00eda. <strong><em>Hora 14<\/em><\/strong>.<\/p>\n<p><em><a href=\"mailto:%20mauricio_conde@msn.com\" target=\"_blank\" rel=\"noopener noreferrer\">mauricioconde59@outlook.com<\/a><\/em><br \/>\n<em><a href=\"https:\/\/twitter.com\/mauconde007\" target=\"_blank\" rel=\"noopener noreferrer\">@mauconde007<\/a> <\/em><br \/>\n<em><a href=\"https:\/\/mauriciocondeblog.wordpress.com\" target=\"_blank\" rel=\"noopener noreferrer\">https:\/\/mauriciocondeblog.wordpress.com<\/a><\/em><\/p>\n","protected":false},"excerpt":{"rendered":"<p><span style=\"color: #005497;\"><strong>Mauricio Conde Olivares<\/strong><\/span><\/p>\n","protected":false},"author":3,"featured_media":0,"comment_status":"open","ping_status":"open","sticky":false,"template":"","format":"standard","meta":{"_monsterinsights_skip_tracking":false,"_monsterinsights_sitenote_active":false,"_monsterinsights_sitenote_note":"","_monsterinsights_sitenote_category":0,"footnotes":""},"categories":[35889],"tags":[43712,43674,44860],"class_list":["post-449551","post","type-post","status-publish","format-standard","hentry","category-mauricio-conde-olivares","tag-mauricio-conde-olivares","tag-opinion","tag-hora-14"],"_links":{"self":[{"href":"https:\/\/www.diarioimagen.net\/index.php?rest_route=\/wp\/v2\/posts\/449551","targetHints":{"allow":["GET"]}}],"collection":[{"href":"https:\/\/www.diarioimagen.net\/index.php?rest_route=\/wp\/v2\/posts"}],"about":[{"href":"https:\/\/www.diarioimagen.net\/index.php?rest_route=\/wp\/v2\/types\/post"}],"author":[{"embeddable":true,"href":"https:\/\/www.diarioimagen.net\/index.php?rest_route=\/wp\/v2\/users\/3"}],"replies":[{"embeddable":true,"href":"https:\/\/www.diarioimagen.net\/index.php?rest_route=%2Fwp%2Fv2%2Fcomments&post=449551"}],"version-history":[{"count":0,"href":"https:\/\/www.diarioimagen.net\/index.php?rest_route=\/wp\/v2\/posts\/449551\/revisions"}],"wp:attachment":[{"href":"https:\/\/www.diarioimagen.net\/index.php?rest_route=%2Fwp%2Fv2%2Fmedia&parent=449551"}],"wp:term":[{"taxonomy":"category","embeddable":true,"href":"https:\/\/www.diarioimagen.net\/index.php?rest_route=%2Fwp%2Fv2%2Fcategories&post=449551"},{"taxonomy":"post_tag","embeddable":true,"href":"https:\/\/www.diarioimagen.net\/index.php?rest_route=%2Fwp%2Fv2%2Ftags&post=449551"}],"curies":[{"name":"wp","href":"https:\/\/api.w.org\/{rel}","templated":true}]}}