{"id":449853,"date":"2019-11-12T00:03:55","date_gmt":"2019-11-12T06:03:55","guid":{"rendered":"https:\/\/www.diarioimagen.net\/?p=449853"},"modified":"2019-11-12T05:19:07","modified_gmt":"2019-11-12T11:19:07","slug":"huixquilucan-municipio-con-el-mayor-numero-de-casos-de-exito-en-edomex","status":"publish","type":"post","link":"https:\/\/www.diarioimagen.net\/?p=449853","title":{"rendered":"Huixquilucan, municipio con el mayor n\u00famero\u00a0 de casos de \u00e9xito en Edomex"},"content":{"rendered":"<ul>\n<li><strong><em>Acciones en materia de salud y seguridad<\/em><\/strong><\/li>\n<\/ul>\n<p>&nbsp;<\/p>\n<div id=\"attachment_449936\" style=\"width: 470px\" class=\"wp-caption aligncenter\"><a href=\"https:\/\/www.diarioimagen.net\/?attachment_id=449936\" rel=\"attachment wp-att-449936\"><img loading=\"lazy\" decoding=\"async\" aria-describedby=\"caption-attachment-449936\" class=\"size-large wp-image-449936\" src=\"https:\/\/www.diarioimagen.net\/wp-content\/uploads\/2019\/11\/huixquilucan-3746-460x259.jpg\" alt=\"\" width=\"460\" height=\"259\" srcset=\"https:\/\/www.diarioimagen.net\/wp-content\/uploads\/2019\/11\/huixquilucan-3746-460x259.jpg 460w, https:\/\/www.diarioimagen.net\/wp-content\/uploads\/2019\/11\/huixquilucan-3746-240x135.jpg 240w, https:\/\/www.diarioimagen.net\/wp-content\/uploads\/2019\/11\/huixquilucan-3746-235x132.jpg 235w, https:\/\/www.diarioimagen.net\/wp-content\/uploads\/2019\/11\/huixquilucan-3746-202x114.jpg 202w, https:\/\/www.diarioimagen.net\/wp-content\/uploads\/2019\/11\/huixquilucan-3746-350x196.jpg 350w, https:\/\/www.diarioimagen.net\/wp-content\/uploads\/2019\/11\/huixquilucan-3746-220x123.jpg 220w, https:\/\/www.diarioimagen.net\/wp-content\/uploads\/2019\/11\/huixquilucan-3746-237x132.jpg 237w, https:\/\/www.diarioimagen.net\/wp-content\/uploads\/2019\/11\/huixquilucan-3746.jpg 480w\" sizes=\"auto, (max-width: 460px) 100vw, 460px\" \/><\/a><p id=\"caption-attachment-449936\" class=\"wp-caption-text\">El Alcalde Enrique Vargas del Villar, afirm\u00f3 que el de Huixquilucan es el \u00fanico gobierno que ve por la salud de sus habitantes.<\/p><\/div>\n<p>&nbsp;<\/p>\n<p><strong>Huixquilucan, Estado de M\u00e9xico<\/strong>.- Construcci\u00f3n de instalaciones en materia de salud, incremento de la plusval\u00eda en la zona residencial, vialidades, atenci\u00f3n a los grupos vulnerables, inversi\u00f3n privada y seguridad son algunas de las acciones que hacen que Huixquilucan sea un municipio con el mayor n\u00famero de casos de \u00e9xito en el estado de M\u00e9xico.<\/p>\n<p>El presidente Enrique Vargas del Villar, coment\u00f3 que Huixquilucan, es el \u00fanico gobierno de la entidad que ve por la salud de sus habitantes y por ello, se ha construido el complejo Rosa M\u00edstica, donde se ofrece atenci\u00f3n integral a las personas que lo requieren a bajo costo, instalaciones en las que se invirtieron m\u00e1s de 300 millones de pesos, donde el paciente puede ser atendido por problemas de adicciones, de rehabilitaci\u00f3n, medicina general, embarazo, adem\u00e1s de los albergues para mujeres y menores, as\u00ed como un hospital y quir\u00f3fano p\u00fablico. \u201cDicho por la Secretar\u00eda de Salud del estado de M\u00e9xico, somos el \u00fanico municipio que ve por la salud de sus ciudadanos\u201d.<\/p>\n<p>En reuni\u00f3n con empresarios, el Alcalde dijo que las acciones que se realizan en los municipios se tienen que decir y m\u00e1s cuando tienen son casos de \u00e9xito en materia de salud, como los que se presentan en el Complejo Rosa M\u00edstica. \u201cEn Huixquilucan estamos preocupados y ocupados por la salud de las personas, sobre todo de quien m\u00e1s lo necesita\u201d.<\/p>\n<p>Record\u00f3, que todo lo que ha comprado el gobierno, est\u00e1 pagado, no se ha contratado deuda y eso es porque se lleva un manejo responsable de las finanzas p\u00fablicas, lo que ha sido reconocido por calificadoras internacionales que han incrementado su evaluaci\u00f3n. \u201cHuixquilucan es el municipio mejor calificado del estado de M\u00e9xico y de la Ciudad de M\u00e9xico, y as\u00ed seguiremos los pr\u00f3ximos a\u00f1os\u201d.<\/p>\n<p>En materia de seguridad, Vargas del Villar, dijo que se trata de una de las principales demandas de la ciudadan\u00eda, por ello desde el primer d\u00eda de su administraci\u00f3n, ha puesto especial inter\u00e9s en mejorarla y los habitantes se sientan tranquilos de vivir en Huixquilucan.\u00a0\u00a0Para lo cual se instrumentaron diversos operativos que han permitido bajar los niveles de inseguridad en un 50 por ciento, y eso da tranquilidad para que llegue capital privado e invertir.<\/p>\n","protected":false},"excerpt":{"rendered":"<p>Construcci\u00f3n de instalaciones en materia de salud, incremento de la plusval\u00eda en la zona residencial, vialidades, atenci\u00f3n a los grupos vulnerables, inversi\u00f3n privada y seguridad son algunas de las acciones que hacen que Huixquilucan sea un municipio con el mayor n\u00famero de casos de \u00e9xito en el estado de M\u00e9xico.<\/p>\n","protected":false},"author":3,"featured_media":449936,"comment_status":"open","ping_status":"open","sticky":false,"template":"","format":"standard","meta":{"_monsterinsights_skip_tracking":false,"_monsterinsights_sitenote_active":false,"_monsterinsights_sitenote_note":"","_monsterinsights_sitenote_category":0,"footnotes":""},"categories":[5],"tags":[48610,68,43675,1638,1097],"class_list":["post-449853","post","type-post","status-publish","format-standard","has-post-thumbnail","hentry","category-estado-de-mexico","tag-casos","tag-edomex","tag-estado-de-mexico","tag-exito","tag-huixquilucan"],"_links":{"self":[{"href":"https:\/\/www.diarioimagen.net\/index.php?rest_route=\/wp\/v2\/posts\/449853","targetHints":{"allow":["GET"]}}],"collection":[{"href":"https:\/\/www.diarioimagen.net\/index.php?rest_route=\/wp\/v2\/posts"}],"about":[{"href":"https:\/\/www.diarioimagen.net\/index.php?rest_route=\/wp\/v2\/types\/post"}],"author":[{"embeddable":true,"href":"https:\/\/www.diarioimagen.net\/index.php?rest_route=\/wp\/v2\/users\/3"}],"replies":[{"embeddable":true,"href":"https:\/\/www.diarioimagen.net\/index.php?rest_route=%2Fwp%2Fv2%2Fcomments&post=449853"}],"version-history":[{"count":0,"href":"https:\/\/www.diarioimagen.net\/index.php?rest_route=\/wp\/v2\/posts\/449853\/revisions"}],"wp:featuredmedia":[{"embeddable":true,"href":"https:\/\/www.diarioimagen.net\/index.php?rest_route=\/wp\/v2\/media\/449936"}],"wp:attachment":[{"href":"https:\/\/www.diarioimagen.net\/index.php?rest_route=%2Fwp%2Fv2%2Fmedia&parent=449853"}],"wp:term":[{"taxonomy":"category","embeddable":true,"href":"https:\/\/www.diarioimagen.net\/index.php?rest_route=%2Fwp%2Fv2%2Fcategories&post=449853"},{"taxonomy":"post_tag","embeddable":true,"href":"https:\/\/www.diarioimagen.net\/index.php?rest_route=%2Fwp%2Fv2%2Ftags&post=449853"}],"curies":[{"name":"wp","href":"https:\/\/api.w.org\/{rel}","templated":true}]}}