{"id":449877,"date":"2019-11-12T00:02:55","date_gmt":"2019-11-12T06:02:55","guid":{"rendered":"https:\/\/www.diarioimagen.net\/?p=449877"},"modified":"2019-11-12T02:31:47","modified_gmt":"2019-11-12T08:31:47","slug":"negros-nubarrones-en-el-senado","status":"publish","type":"post","link":"https:\/\/www.diarioimagen.net\/?p=449877","title":{"rendered":"\u00bfNegros nubarrones en el Senado?"},"content":{"rendered":"<h2>La Retaguardia<\/h2>\n<h5>Adriana Moreno Cordero<\/h5>\n<p>&nbsp;<\/p>\n<ul>\n<li><strong><em>Se avizora enfrentamiento panistas vs morenistas<\/em><\/strong><\/li>\n<li><strong><em> Urge Acuerdo por Unidad Democr\u00e1tica de Morena: Rojas<\/em><\/strong><\/li>\n<\/ul>\n<p>&nbsp;<\/p>\n<p>\u00bfNegros nubarrones se ciernen para hoy en el Senado de la Rep\u00fablica? Y es que muchos pensaron que una vez transcurrida la votaci\u00f3n en la c\u00e1mara alta, donde se eligi\u00f3 en una muy cuestionada votaci\u00f3n a <strong>Rosario Piedra Ibarra<\/strong> para la titularidad de la Comisi\u00f3n Nacional de los Derechos Humanos, ya no habr\u00eda mayor problema, sin embargo, se espera que hoy en el Senado, no se tendr\u00e1 un \u201cd\u00eda de campo\u201d, ya que la fracci\u00f3n parlamentaria en esa instancia legislativa que coordina <strong>Mauricio Kuri<\/strong>, ha dicho que har\u00e1 lo que sea, con tal de que la se\u00f1ora Piedra Ibarra, no rinda protesta.<\/p>\n<p>As\u00ed pues, los legisladores albicelestes han velado armas para lanzarse con todo, sobre la \u201caplanadora\u201d morenista que procurar\u00e1 a toda costa que Piedra Ibarra rinda protesta, sobre todo, porque esa es la \u201cl\u00ednea\u201d que les tir\u00f3 ni m\u00e1s ni menos que el presidente <strong>Andr\u00e9s Manuel L\u00f3pez Obrador.<\/strong><\/p>\n<p>No cabe duda que se avizora una guerra en la sesi\u00f3n de hoy en la C\u00e1mara de Senadores; un encontronazo de pron\u00f3stico reservado, b\u00e1sicamente entre panistas contra morenistas. No obstante, hay quienes dicen que podr\u00eda ser frenado s\u00ed, y solo si, el presidente de la Junta de Coordinaci\u00f3n Pol\u00edtica de esa instancia legislativa, <strong>Ricardo Monreal<\/strong>, se aplica a fondo y puede llegar a consensar, pero dado lo tenso de la situaci\u00f3n, todo puede pasar.<\/p>\n<p>Acci\u00f3n Nacional es el grupo parlamentario que comanda esta rebeli\u00f3n y el fin de semana se la pasaron exhibiendo videos en los que puede apreciarse que eso de las cuentas en votaciones cerradas, de plano no se les da a los de Morena.<\/p>\n<p>Conforme transcurre el tiempo, las cosas van subiendo de temperatura, a grado tal que colectivos de familiares de desaparecidos, hicieron llegar una carta a Rosario Piedra para pedirle que no asuma la presidencia de la CNDH, porque les preocupa que\u00a0 \u201csea en medio de dudas y se\u00f1alamientos que desprestigian nuestro movimiento\u201d el que Piedra Ibarra asuma la presidencia de la CNDH, por lo que le propusieron que rinda protesta hasta que esta votaci\u00f3n est\u00e9 libre de toda duda, de lo contrario, estar\u00edamos hablando de un nombramiento que a todas luces est\u00e1 fuera de la ley.<\/p>\n<p>Se dirigieron en la misiva a la hija de quien por m\u00e1s de cuatro d\u00e9cadas se ha dedicado a defender a los desaparecidos para se\u00f1alarle: \u201cCompa\u00f1era Rosario, todas hemos sufrido la arbitrariedad y todas la queremos combatir, pero estas no se pueden combatir con m\u00e1s arbitrariedad, nuestras herramientas son la verdad y la justicia\u201d.<\/p>\n<p style=\"text-align: center;\"><strong>MUNICIONES<\/strong><\/p>\n<p>*** Desde Campeche, el aspirante a dirigir a Morena, <strong>Alejandro Rojas D\u00edaz Dur\u00e1n<\/strong>\u00a0 hizo un exhorto porque, \u201choy m\u00e1s que nunca, urge un Acuerdo por la Unidad Democr\u00e1tica de Morena entre los que aspiramos a ser dirigentes nacionales\u201d. Agreg\u00f3 el aspirante que el golpe militar contra el gobierno de <strong>Evo Morales<\/strong>, representa un aviso y una se\u00f1al perversa\u00a0 de la derecha neoliberal que est\u00e1 dispuesta a todo con tal de seguir avanzando en contra de gobiernos de izquierda o progresistas de Am\u00e9rica Latina \u201cy no podemos darnos el lujo y perder el tiempo en reyertas internas en Morena, de poner por delante nuestros proyectos personales, por encima del proyecto de la \u201c4T\u201d. Anot\u00f3 Rojas D\u00edaz Dur\u00e1n que mientras que la a\u00fan l\u00edder de ese instituto pol\u00edtico que quiere preservarse en la dirigencia, <strong>Yeidckol Polevnsky<\/strong> y <strong>Bertha Luj\u00e1n<\/strong> se est\u00e1n agarrando a \u201ccongresazos\u201d, llevando a Morena al despe\u00f1adero, las bases militantes y todos los lopezobradoristas, est\u00e1n a la espera de ser afiliados y credencializados y estar en condiciones para celebrar un proceso de renovaci\u00f3n como lo estipula la ley y el Estatuto.<\/p>\n<p>*** Sale del Top Ten Tamaulipas. En \u00a0la entidad que gobierna <strong>Francisco Garc\u00eda Cabeza de Vaca<\/strong>, da muestra que las \u00a0acciones que puso en marcha en cuesti\u00f3n de seguridad y de combate al crimen organizado, ha empezado a reflejarse seg\u00fan datos estad\u00edsticos. La violencia y homicidios bajaron considerablemente en el estado, hasta sacar del mapa a Tamaulipas de los estados marcados como los que cuentan con m\u00e1s homicidios violentos, cambios que han dejado de se\u00f1alar a la entidad tamaulipeca como un estado peligroso. De acuerdo al estudio M\u00e9xico Social, en los \u00faltimos seis a\u00f1os, Tamaulipas sali\u00f3 del \u201ctop ten\u201d de estados mexicanos con m\u00e1s homicidios en que se encontraba en los a\u00f1os 2013-2014, a los a\u00f1os 2018 a septiembre del 2019. Lo anterior se puede mostrar mediante un an\u00e1lisis comparativo, haciendo cortes bienales con base en las cifras de defunciones por homicidio del INEGI, para el periodo 2012-2018, y utilizando para 2019 las disponibles en el Secretariado Ejecutivo. M\u00e9xico Social es un proyecto multimedia, cuyo prop\u00f3sito es incidir en las pol\u00edticas p\u00fablicas para la garant\u00eda de los derechos humanos, as\u00ed como en el marco jur\u00eddico que regula al conjunto de los derechos sociales del pa\u00eds.<\/p>\n<p>*** Una vez relecto el doctor <strong>Enrique Graue<\/strong>, como rector de la UNAM por un periodo que llegar\u00e1hasta noviembre de 2023, se pronunci\u00f3 por construir una Universidad sustentable y amigable con el ambiente y difundir la cultura m\u00e1s intensamente entre los j\u00f3venes, por poner estos dos puntos de lo que es un ambicioso plan de trabajo de Graue, quien explic\u00f3 que para los recursos de 2020, a la UNAM no le va tan mal, ya que tendr\u00e1 un presupuesto igual al del a\u00f1o pasado m\u00e1s inflaci\u00f3n, m\u00e1s un peque\u00f1o margen para crecer. Pero el punto que m\u00e1s ha llamado la atenci\u00f3n es que esta llamada Cuarta Transformaci\u00f3n demanda mayor acceso para quien quiera ingresar a la UNAM y que incluso se quite el examen de admisi\u00f3n. Al respecto, Graue se comprometi\u00f3 a que la matr\u00edcula en la m\u00e1xima casa de estudios crezca con 14 carreras nuevas y\u00a0 5 nuevas escuelas escuelas, lo que permitir\u00e1 aumentar la cobertura en uno por ciento anual. En cuanto a la propuesta de quitar el ex\u00e1men de selecci\u00f3n, para la UNAM ser\u00eda imposible no hacerlo, dada la demanda. Este a\u00f1o, 350 mil estudiantes quisieron ingresar a esa universidad.<\/p>\n<p>*** La iniciativa de ley para \u201cregular\u201d el outsourcing, que recientemente present\u00f3 el senador <strong>Napole\u00f3n G\u00f3mez Urrutia<\/strong>, afecta al pa\u00eds porque ahuyenta la inversi\u00f3n, sobre todo, en los momentos que m\u00e1s se requieren recursos para reactivar el crecimiento econ\u00f3mico, adem\u00e1s de que se trata de una propuesta que pretende s\u00f3lo beneficiar a ese legislador. En opini\u00f3n de <strong>Ismael Leija<\/strong> Escalante, secretario general del Sindicato Nacional Democr\u00e1tico de Trabajadores Mineros, Metal\u00fargicos, Sider\u00fargicos y Conexos, G\u00f3mez Urrutia se ha beneficiado durante muchos a\u00f1os de ese mecanismo laboral de contrataci\u00f3n de terceros, por lo cual es la persona menos indicada para hace una propuesta de ese tipo. Diputados y senadores de la mayor parte de los partidos pol\u00edticos rechazan esta propuesta, porque es negativa para M\u00e9xico, ya que actualmente lo que se requiere es generar mayor confianza entre los inversionistas.<\/p>\n<p><a href=\"mailto:morcora@gmail.com\" target=\"_blank\" rel=\"noopener noreferrer\"><em>morcora@gmail.com<\/em><\/a><\/p>\n","protected":false},"excerpt":{"rendered":"<p><span style=\"color: #005497;\"><strong>Adriana Moreno Cordero<\/strong><\/span><\/p>\n","protected":false},"author":3,"featured_media":0,"comment_status":"open","ping_status":"open","sticky":false,"template":"","format":"standard","meta":{"_monsterinsights_skip_tracking":false,"_monsterinsights_sitenote_active":false,"_monsterinsights_sitenote_note":"","_monsterinsights_sitenote_category":0,"footnotes":""},"categories":[69370],"tags":[69369,69368,43674],"class_list":["post-449877","post","type-post","status-publish","format-standard","hentry","category-adriana-moreno-cordero","tag-adriana-moreno-cordero","tag-la-retaguardia","tag-opinion"],"_links":{"self":[{"href":"https:\/\/www.diarioimagen.net\/index.php?rest_route=\/wp\/v2\/posts\/449877","targetHints":{"allow":["GET"]}}],"collection":[{"href":"https:\/\/www.diarioimagen.net\/index.php?rest_route=\/wp\/v2\/posts"}],"about":[{"href":"https:\/\/www.diarioimagen.net\/index.php?rest_route=\/wp\/v2\/types\/post"}],"author":[{"embeddable":true,"href":"https:\/\/www.diarioimagen.net\/index.php?rest_route=\/wp\/v2\/users\/3"}],"replies":[{"embeddable":true,"href":"https:\/\/www.diarioimagen.net\/index.php?rest_route=%2Fwp%2Fv2%2Fcomments&post=449877"}],"version-history":[{"count":0,"href":"https:\/\/www.diarioimagen.net\/index.php?rest_route=\/wp\/v2\/posts\/449877\/revisions"}],"wp:attachment":[{"href":"https:\/\/www.diarioimagen.net\/index.php?rest_route=%2Fwp%2Fv2%2Fmedia&parent=449877"}],"wp:term":[{"taxonomy":"category","embeddable":true,"href":"https:\/\/www.diarioimagen.net\/index.php?rest_route=%2Fwp%2Fv2%2Fcategories&post=449877"},{"taxonomy":"post_tag","embeddable":true,"href":"https:\/\/www.diarioimagen.net\/index.php?rest_route=%2Fwp%2Fv2%2Ftags&post=449877"}],"curies":[{"name":"wp","href":"https:\/\/api.w.org\/{rel}","templated":true}]}}