{"id":450045,"date":"2019-11-13T00:01:06","date_gmt":"2019-11-13T06:01:06","guid":{"rendered":"https:\/\/www.diarioimagen.net\/?p=450045"},"modified":"2019-11-14T02:08:53","modified_gmt":"2019-11-14T08:08:53","slug":"un-satrapa","status":"publish","type":"post","link":"https:\/\/www.diarioimagen.net\/?p=450045","title":{"rendered":"Un s\u00e1trapa"},"content":{"rendered":"<h2>De pe a pa<\/h2>\n<h5>Alberto Vieyra G.<\/h5>\n<p>&nbsp;<\/p>\n<p>\u00bfAndr\u00e9s Manuel L\u00f3pez Obrador es candil de la calle y oscuridad de su casa? No es ociosa la pregunta. Porque mire usted: AMLO sali\u00f3 mas boliviano que mexicano. Con una sospechosa celeridad, AMLO reconoci\u00f3 primero, y antes que ning\u00fan gobernante de Am\u00e9rica Latina el triunfo de \u201cdemocr\u00e1tico\u201d de Evo Morales como presidente de Bolivia, tras una cuarta reelecci\u00f3n bien cochina. \u00bfCu\u00e1l era la prisa?&#8230;<\/p>\n<p>Despu\u00e9s de que la OEA encontr\u00f3 que la elecci\u00f3n presidencial en Bolivia hab\u00eda sido fraudulenta y que, ante la ola de protestas, Evo Morales se apresur\u00f3 a convocar a un nuevo proceso electoral, AMLO volvi\u00f3 a felicitarlo y antes que ning\u00fan otro gobernante de este continente, L\u00f3pez Obrador le ofreci\u00f3 asilo pol\u00edtico en M\u00e9xico, con el pretexto de ser un perseguido pol\u00edtico y de que su vida estaba en peligro, tras lo que llam\u00f3 un golpe de Estado del ej\u00e9rcito boliviano.<\/p>\n<p>\u00bfFue un golpe de Estado? No, porque los militares solo advirtieron al mandatario que, ante la ingobernabilidad y la falta de cohesi\u00f3n social en Bolivia, producto de esas elecciones fraudulentas, lo mejor ser\u00eda que renunciara. Evo Morales no aguant\u00f3 el trote de las protestas que dejaron cuando menos 3 muertos, tuvo que decir \u201cGood bye, si tienen tele, ah\u00ed se ven\u201d.<\/p>\n<p>En rigor, L\u00f3pez Obrador le ofreci\u00f3 asilo a un s\u00e1trapa que robo una elecci\u00f3n presidencial para perpetuarse en el poder y resulta extraordinariamente chistoso e incre\u00edble que mientras AMLO pregona una \u201causteridad republicana\u201d, que raya en austeridad franciscana que ha propiciado reyertas presupuestales con gobernadores y alcaldes del pa\u00eds, desabasto de medicamentos en hospitales y mortandad, adem\u00e1s del cierre de miles de estancias infantiles, con la consecuente violaci\u00f3n a los derechos de la ni\u00f1ez, ahora resulta, de que los mexicanos tendremos que mantener a un s\u00e1trapa que intent\u00f3 robar la elecci\u00f3n presidencial en Bolivia para \u201cagandallarse\u201d otros 4 a\u00f1os el poder.<\/p>\n<p>El asunto del asilo pol\u00edtico no se discute porque estamos ante un derecho humanitario internacional. Cualquier individuo que sea perseguido pol\u00edticamente puede solicitar asilo en cualquier naci\u00f3n que sea garante de ese derecho. Lo criticable en el caso de Evo Morales es que estamos ante un presunto delincuente electoral, al que tendremos que mantener, como si se tratara de uno de los ex presidentes mexicanos, a los que, por cierto, AMLO los baj\u00f3 del caballo presupuestal.<\/p>\n<p>Tan s\u00f3lo el periplo del traslado de Evo Morales a M\u00e9xico, que puedo haber derivado en un accidente a\u00e9reo porque varios pa\u00edses latinoamericanos se negaron a que el avi\u00f3n <em>GRUMAN <\/em>de la Fuerza A\u00e9rea Mexicana aterrizara en sus aeropuertos llevando a un s\u00e1trapa, nos cost\u00f3, s\u00ed a usted y a m\u00ed, unos \u00a1288 mil d\u00f3lares!, a raz\u00f3n de que la renta de ese aparato sale aproximadamente en 12 mil d\u00f3lares por hora.<\/p>\n<p>Con el asilo pol\u00edtico a Evo Morales, L\u00f3pez Obrador le manda un gran mensaje al Ej\u00e9rcito mexicano, diciendo, sin decirlo que en M\u00e9xico es improbable un golpe de Estado, a pesar de la fracturada relaci\u00f3n que existe entre el Ej\u00e9rcito mexicano y el presidente de la rep\u00fablica, quien hace 4 meses advirti\u00f3 que: \u201csi por m\u00ed fuera, desaparecer\u00eda al ej\u00e9rcito\u201d. \u00a1Vaya afrenta a nuestros juanes!<\/p>\n<p>Pero en lo que son peras o son manzanas, los mexicanos tenemos que mantener un s\u00e1trapa, ladr\u00f3n de elecciones y todo porque tenemos un Presidente de la Rep\u00fablica candil de la calle y oscuridad en su casa.<\/p>\n<p><em><a href=\"mailto:info@agenciamn.com\" target=\"_blank\" rel=\"noopener noreferrer\">info@agenciamn.com<\/a><\/em><\/p>\n","protected":false},"excerpt":{"rendered":"<p><span style=\"color: #005497;\"><strong>Alberto Vieyra G.<\/strong><\/span><\/p>\n","protected":false},"author":3,"featured_media":0,"comment_status":"open","ping_status":"open","sticky":false,"template":"","format":"standard","meta":{"_monsterinsights_skip_tracking":false,"_monsterinsights_sitenote_active":false,"_monsterinsights_sitenote_note":"","_monsterinsights_sitenote_category":0,"footnotes":""},"categories":[4596],"tags":[43697,4597,43674],"class_list":["post-450045","post","type-post","status-publish","format-standard","hentry","category-alberto-vieyra-g","tag-alberto-vieyra-g","tag-de-pe-a-pa","tag-opinion"],"_links":{"self":[{"href":"https:\/\/www.diarioimagen.net\/index.php?rest_route=\/wp\/v2\/posts\/450045","targetHints":{"allow":["GET"]}}],"collection":[{"href":"https:\/\/www.diarioimagen.net\/index.php?rest_route=\/wp\/v2\/posts"}],"about":[{"href":"https:\/\/www.diarioimagen.net\/index.php?rest_route=\/wp\/v2\/types\/post"}],"author":[{"embeddable":true,"href":"https:\/\/www.diarioimagen.net\/index.php?rest_route=\/wp\/v2\/users\/3"}],"replies":[{"embeddable":true,"href":"https:\/\/www.diarioimagen.net\/index.php?rest_route=%2Fwp%2Fv2%2Fcomments&post=450045"}],"version-history":[{"count":0,"href":"https:\/\/www.diarioimagen.net\/index.php?rest_route=\/wp\/v2\/posts\/450045\/revisions"}],"wp:attachment":[{"href":"https:\/\/www.diarioimagen.net\/index.php?rest_route=%2Fwp%2Fv2%2Fmedia&parent=450045"}],"wp:term":[{"taxonomy":"category","embeddable":true,"href":"https:\/\/www.diarioimagen.net\/index.php?rest_route=%2Fwp%2Fv2%2Fcategories&post=450045"},{"taxonomy":"post_tag","embeddable":true,"href":"https:\/\/www.diarioimagen.net\/index.php?rest_route=%2Fwp%2Fv2%2Ftags&post=450045"}],"curies":[{"name":"wp","href":"https:\/\/api.w.org\/{rel}","templated":true}]}}