{"id":450120,"date":"2019-11-14T00:05:52","date_gmt":"2019-11-14T06:05:52","guid":{"rendered":"https:\/\/www.diarioimagen.net\/?p=450120"},"modified":"2019-11-14T01:10:39","modified_gmt":"2019-11-14T07:10:39","slug":"garantiza-lopez-obrador-no-privatizar-agua","status":"publish","type":"post","link":"https:\/\/www.diarioimagen.net\/?p=450120","title":{"rendered":"Garantiza L\u00f3pez Obrador que no se privatizar\u00e1 el agua"},"content":{"rendered":"<ul>\n<li><em><strong>Pide revisar legislaci\u00f3n en estados<\/strong><\/em><\/li>\n<li><em><strong>Celebra el Presidente llegada de Rosario Piedra a Derechos Humanos<\/strong><\/em><\/li>\n<\/ul>\n<p>&nbsp;<\/p>\n<div id=\"attachment_450121\" style=\"width: 470px\" class=\"wp-caption aligncenter\"><img loading=\"lazy\" decoding=\"async\" aria-describedby=\"caption-attachment-450121\" class=\"size-large wp-image-450121\" src=\"https:\/\/www.diarioimagen.net\/wp-content\/uploads\/2019\/11\/AGUA14-portal-460x268.png\" alt=\"\" width=\"460\" height=\"268\" srcset=\"https:\/\/www.diarioimagen.net\/wp-content\/uploads\/2019\/11\/AGUA14-portal-460x268.png 460w, https:\/\/www.diarioimagen.net\/wp-content\/uploads\/2019\/11\/AGUA14-portal-240x140.png 240w, https:\/\/www.diarioimagen.net\/wp-content\/uploads\/2019\/11\/AGUA14-portal.png 480w\" sizes=\"auto, (max-width: 460px) 100vw, 460px\" \/><p id=\"caption-attachment-450121\" class=\"wp-caption-text\">Andr\u00e9s Manuel L\u00f3pez Obrador garantiz\u00f3 que en su gesti\u00f3n no se privatizar\u00e1 el agua.<\/p><\/div>\n<p>&nbsp;<\/p>\n<p>El presidente Andr\u00e9s Manuel L\u00f3pez Obrador garantiz\u00f3 que en su gesti\u00f3n no se privatizar\u00e1 el agua y pidi\u00f3 que se revisen las legislaciones en los estados donde el manejo de ese recurso pas\u00f3 a manos de particulares.<\/p>\n<p>En su conferencia de prensa matutina se le pregunt\u00f3 al mandatario sobre la privatizaci\u00f3n del suministro del l\u00edquido en el estado de Puebla durante la administraci\u00f3n del fallecido panista Rafael Moreno Valle.<\/p>\n<p>El titular del Ejecutivo federal indic\u00f3 que se debe revisar ese y otros casos similares en otras entidades federativas, con la finalidad de revertirlos.\u201cSe tiene que ver, si ya se llevaron a cabo esas privatizaciones en estados, c\u00f3mo revertir esos procesos, pero esto ya corresponde a las legislaturas locales, a los gobiernos de los estados.<\/p>\n<p>\u201cEn el caso del gobierno federal nosotros hicimos el compromiso de no hacer ninguna modificaci\u00f3n a esas leyes antipopulares, entreguistas, que se aprobaron en el periodo neoliberal\u201d, respondi\u00f3.<\/p>\n<p>L\u00f3pez Obrador record\u00f3 que anteriormente se intent\u00f3 hacer privado el acceso al recurso pero no se logr\u00f3 pues, dijo, se movilizaron cuando fueron oposici\u00f3n.<\/p>\n<p>\u201cNosotros desde que est\u00e1bamos en la oposici\u00f3n detuvimos los procesos de privatizaci\u00f3n del agua. Recuerdo que ya ten\u00edan dos partidos un acuerdo en comisiones, ya estaba el dictamen -les dejo de tarea que investiguen qu\u00e9 partidos- ten\u00edan ya la propuesta para la privatizaci\u00f3n del agua.<\/p>\n<p>\u201cEn ese entonces hablamos con legisladores nuestros, est\u00e1bamos en v\u00edsperas de unas elecciones, hubo protestas y se detuvo el proyecto, no pas\u00f3 a votaci\u00f3n a la C\u00e1mara porque incluso ten\u00edan mayor\u00eda y pod\u00edan aprobar la reforma para la privatizaci\u00f3n del agua\u201d, afirm\u00f3 el presidente de la Rep\u00fablica.<\/p>\n<p style=\"text-align: center;\"><strong>Celebra llegada de Rosario Piedra a Derechos Humanos<\/strong><\/p>\n<p>El presidente Andr\u00e9s Manuel L\u00f3pez Obrador celebr\u00f3 hoy la llegada de Rosario Piedra Ibarra a la Comisi\u00f3n Nacional de los Derechos Humanos (CNDH), y consider\u00f3 normal que el PAN se oponga porque ellos quisieran que el organismo siguiera solapando a violadores de derechos.<\/p>\n<p>\u201cEstoy muy satisfecho de lo que se resolvi\u00f3 en el Senado de darle el nombramiento a Rosario Piedra Ibarra porque ella vivi\u00f3 en carne propia la desaparici\u00f3n de su hermano y su mam\u00e1 toda la vida se ha dedicado a eso, es un ejemplo de dignidad, de justicia\u201d, expres\u00f3 en su conferencia de prensa matutina.<\/p>\n<p>\u201cQue no le gusta a los del PAN, volvemos a lo mismo. Ellos quisieran que continuaran los que han estado en la CNDH, que se han dedicado a solapar violaciones de derechos humanos (&#8230;), que siguiera convertida en un florero, que estuviese nom\u00e1s de adorno para simular con la hipocres\u00eda que les caracteriza\u201d.<\/p>\n<p>Pese a la trifulca que se registr\u00f3 ayer cuando la ombudsperson rindi\u00f3 su protesta en el Senado de la Rep\u00fablica, el mandatario federal afirm\u00f3 que estaba \u201cmuy contento\u201d del nombramiento.<\/p>\n<p>Ello, debido a que se necesita una persona que no encubra violaciones a derechos humanos como suced\u00eda con las anteriores personas que ocuparon la presidencia de la CNDH.<\/p>\n<p>Sin embargo, L\u00f3pez Obrador tambi\u00e9n celebr\u00f3 que el Partido Acci\u00f3n Nacional (PAN)\u00a0 critique esa designaci\u00f3n, se manifiesten y protesten pues \u201cest\u00e1n en su derecho\u201d, agreg\u00f3.<\/p>\n","protected":false},"excerpt":{"rendered":"<p>El presidente Andr\u00e9s Manuel L\u00f3pez Obrador garantiz\u00f3 que en su gesti\u00f3n no se privatizar\u00e1 el agua y pidi\u00f3 que se revisen las legislaciones en los estados donde el manejo de ese recurso pas\u00f3 a manos de particulares.<\/p>\n","protected":false},"author":5,"featured_media":450121,"comment_status":"open","ping_status":"open","sticky":false,"template":"","format":"standard","meta":{"_monsterinsights_skip_tracking":false,"_monsterinsights_sitenote_active":false,"_monsterinsights_sitenote_note":"","_monsterinsights_sitenote_category":0,"footnotes":""},"categories":[3],"tags":[162,2545,73240,81020,43673,88657,17576,68841],"class_list":["post-450120","post","type-post","status-publish","format-standard","has-post-thumbnail","hentry","category-nacional","tag-agua","tag-amlo","tag-garantiza","tag-lopez-obrador","tag-nacional","tag-no-privatizar-agua","tag-privatizacion","tag-rafael-moreno-valle"],"_links":{"self":[{"href":"https:\/\/www.diarioimagen.net\/index.php?rest_route=\/wp\/v2\/posts\/450120","targetHints":{"allow":["GET"]}}],"collection":[{"href":"https:\/\/www.diarioimagen.net\/index.php?rest_route=\/wp\/v2\/posts"}],"about":[{"href":"https:\/\/www.diarioimagen.net\/index.php?rest_route=\/wp\/v2\/types\/post"}],"author":[{"embeddable":true,"href":"https:\/\/www.diarioimagen.net\/index.php?rest_route=\/wp\/v2\/users\/5"}],"replies":[{"embeddable":true,"href":"https:\/\/www.diarioimagen.net\/index.php?rest_route=%2Fwp%2Fv2%2Fcomments&post=450120"}],"version-history":[{"count":0,"href":"https:\/\/www.diarioimagen.net\/index.php?rest_route=\/wp\/v2\/posts\/450120\/revisions"}],"wp:featuredmedia":[{"embeddable":true,"href":"https:\/\/www.diarioimagen.net\/index.php?rest_route=\/wp\/v2\/media\/450121"}],"wp:attachment":[{"href":"https:\/\/www.diarioimagen.net\/index.php?rest_route=%2Fwp%2Fv2%2Fmedia&parent=450120"}],"wp:term":[{"taxonomy":"category","embeddable":true,"href":"https:\/\/www.diarioimagen.net\/index.php?rest_route=%2Fwp%2Fv2%2Fcategories&post=450120"},{"taxonomy":"post_tag","embeddable":true,"href":"https:\/\/www.diarioimagen.net\/index.php?rest_route=%2Fwp%2Fv2%2Ftags&post=450120"}],"curies":[{"name":"wp","href":"https:\/\/api.w.org\/{rel}","templated":true}]}}