{"id":450126,"date":"2019-11-14T00:07:22","date_gmt":"2019-11-14T06:07:22","guid":{"rendered":"https:\/\/www.diarioimagen.net\/?p=450126"},"modified":"2019-11-14T01:09:46","modified_gmt":"2019-11-14T07:09:46","slug":"no-descarta-el-presidente-reunion-con-evo-morales","status":"publish","type":"post","link":"https:\/\/www.diarioimagen.net\/?p=450126","title":{"rendered":"AMLO no descarta reuni\u00f3n con el ex mandatario boliviano"},"content":{"rendered":"<ul>\n<li><em><strong>Elogi\u00f3 al boliviano por sus resultados como presidente<\/strong><\/em><\/li>\n<\/ul>\n<p>&nbsp;<\/p>\n<div id=\"attachment_450127\" style=\"width: 470px\" class=\"wp-caption aligncenter\"><img loading=\"lazy\" decoding=\"async\" aria-describedby=\"caption-attachment-450127\" class=\"size-large wp-image-450127\" src=\"https:\/\/www.diarioimagen.net\/wp-content\/uploads\/2019\/11\/REUNION14-portal-460x268.png\" alt=\"\" width=\"460\" height=\"268\" srcset=\"https:\/\/www.diarioimagen.net\/wp-content\/uploads\/2019\/11\/REUNION14-portal-460x268.png 460w, https:\/\/www.diarioimagen.net\/wp-content\/uploads\/2019\/11\/REUNION14-portal-240x140.png 240w, https:\/\/www.diarioimagen.net\/wp-content\/uploads\/2019\/11\/REUNION14-portal.png 480w\" sizes=\"auto, (max-width: 460px) 100vw, 460px\" \/><p id=\"caption-attachment-450127\" class=\"wp-caption-text\">Andr\u00e9s Manuel L\u00f3pez Obrador elogi\u00f3 los resultados de Evo Morales como presidente de Bolivia y no descart\u00f3 reunirse con \u00e9l.<\/p><\/div>\n<p>&nbsp;<\/p>\n<p>El presidente Andr\u00e9s Manuel L\u00f3pez Obrador elogi\u00f3 los resultados de Evo Morales como presidente de Bolivia, reiter\u00f3 que fue una buena decisi\u00f3n concederle asilo en M\u00e9xico y no descart\u00f3 reunirse con \u00e9l \u201csi es necesario\u201d.<\/p>\n<p>En su conferencia matutina, el mandatario mexicano asegur\u00f3 que con esa determinaci\u00f3n su gobierno cumpli\u00f3 con un deber pol\u00edtico y moral, y no oculta nada sobre la llegada de Morales, a quien consider\u00f3 buen gobernante.<\/p>\n<p>\u201cLo considero buen gobernante, esa es mi opini\u00f3n, aunque esto no es lo que nos llev\u00f3 a tomar la decisi\u00f3n que tomamos. Se le dio asilo porque estaba en peligro su vida y ten\u00edamos que actuar de manera consecuente\u201d, justific\u00f3.<\/p>\n<p>L\u00f3pez Obrador asever\u00f3 que Morales dej\u00f3 buenos resultados pues Bolivia era una da las naciones m\u00e1s atrasadas en el continente y con m\u00e1s pobreza, lo que se abati\u00f3 durante las gestiones del presidente depuesto.<\/p>\n<p>\u201cEse presidente ind\u00edgena dej\u00f3 muy buenos resultados y ojal\u00e1 y se conozca c\u00f3mo se comport\u00f3 la econom\u00eda, c\u00f3mo sac\u00f3 a Bolivia de ser pueblo con mucha pobreza, con mucha marginaci\u00f3n, c\u00f3mo lo sac\u00f3 adelante. Bolivia era de los pueblos m\u00e1s atrasados del continente\u201d, extern\u00f3.<\/p>\n<p>Para el mandatario mexicano la gesti\u00f3n de Evo fue ejemplo para \u201clos que tienen obsesi\u00f3n por el crecimiento econ\u00f3mico\u201d, pues la econom\u00eda boliviana creci\u00f3 \u201ccuatro por ciento, (uno) de los (\u00edndices) m\u00e1s altos de Am\u00e9rica Latina en todo un periodo. Pero no solo eso, no fue crecimiento solamente, fue desarrollo\u201d.<\/p>\n<p>El Ejecutivo federal dio algunos datos de los periodos de gobierno de Morales, como que sac\u00f3 de la pobreza a la mitad de bolivianos que la padec\u00edan.<\/p>\n<p>\u201cCuando lleg\u00f3 Evo hab\u00eda 60 por ciento de bolivianos viviendo en la pobreza y sac\u00f3 de la pobreza a la mitad\u201d, subray\u00f3.<\/p>\n<p>El presidente de la Rep\u00fablica tambi\u00e9n dijo que dar\u00eda tiempo a Morales para tener un encuentro posterior, pero por el momento esperar\u00e1 a que el exmandatario del pa\u00eds sudamericano \u201ctenga tiempo y libertad\u201d.<\/p>\n<p>Durante su conferencia L\u00f3pez Obrador tambi\u00e9n critic\u00f3 a las personas que cuestionan el asilo otorgado a Evo Morales y calific\u00f3 de mezquina la postura de quienes critican los gastos en comida y hospedaje que se le dar\u00e1n al boliviano y a otros exfuncionarios que han solicitado esa protecci\u00f3n.<\/p>\n<p>Esa postura, sostuvo, refleja el clasismo y racismo en M\u00e9xico, y narr\u00f3 una experiencia que vivi\u00f3 cuando fue jefe de gobierno del Distrito Federal (hoy Ciudad de M\u00e9xico), cuando en un evento le gritaron \u201cAndr\u00e9s Manuel eres un naco\u201d.<\/p>\n<p>L\u00f3pez Obrador plante\u00f3 que con la llegada de Evo Morales y la discusi\u00f3n p\u00fablica sobre su asilo emergieron cosas que aunque est\u00e1n ocultas persisten en la sociedad mexicana, como el racismo y el clasismo.<\/p>\n","protected":false},"excerpt":{"rendered":"<p>El presidente Andr\u00e9s Manuel L\u00f3pez Obrador elogi\u00f3 los resultados de Evo Morales como presidente de Bolivia, reiter\u00f3 que fue una buena decisi\u00f3n concederle asilo en M\u00e9xico y no descart\u00f3 reunirse con \u00e9l \u201csi es necesario\u201d.<\/p>\n","protected":false},"author":5,"featured_media":450127,"comment_status":"open","ping_status":"open","sticky":false,"template":"","format":"standard","meta":{"_monsterinsights_skip_tracking":false,"_monsterinsights_sitenote_active":false,"_monsterinsights_sitenote_note":"","_monsterinsights_sitenote_category":0,"footnotes":""},"categories":[3],"tags":[1352,13317,43679,88659],"class_list":["post-450126","post","type-post","status-publish","format-standard","has-post-thumbnail","hentry","category-nacional","tag-andres-manuel-lopez-obrador","tag-evo-morales","tag-mundo","tag-presidente-reunion"],"_links":{"self":[{"href":"https:\/\/www.diarioimagen.net\/index.php?rest_route=\/wp\/v2\/posts\/450126","targetHints":{"allow":["GET"]}}],"collection":[{"href":"https:\/\/www.diarioimagen.net\/index.php?rest_route=\/wp\/v2\/posts"}],"about":[{"href":"https:\/\/www.diarioimagen.net\/index.php?rest_route=\/wp\/v2\/types\/post"}],"author":[{"embeddable":true,"href":"https:\/\/www.diarioimagen.net\/index.php?rest_route=\/wp\/v2\/users\/5"}],"replies":[{"embeddable":true,"href":"https:\/\/www.diarioimagen.net\/index.php?rest_route=%2Fwp%2Fv2%2Fcomments&post=450126"}],"version-history":[{"count":0,"href":"https:\/\/www.diarioimagen.net\/index.php?rest_route=\/wp\/v2\/posts\/450126\/revisions"}],"wp:featuredmedia":[{"embeddable":true,"href":"https:\/\/www.diarioimagen.net\/index.php?rest_route=\/wp\/v2\/media\/450127"}],"wp:attachment":[{"href":"https:\/\/www.diarioimagen.net\/index.php?rest_route=%2Fwp%2Fv2%2Fmedia&parent=450126"}],"wp:term":[{"taxonomy":"category","embeddable":true,"href":"https:\/\/www.diarioimagen.net\/index.php?rest_route=%2Fwp%2Fv2%2Fcategories&post=450126"},{"taxonomy":"post_tag","embeddable":true,"href":"https:\/\/www.diarioimagen.net\/index.php?rest_route=%2Fwp%2Fv2%2Ftags&post=450126"}],"curies":[{"name":"wp","href":"https:\/\/api.w.org\/{rel}","templated":true}]}}