{"id":450194,"date":"2019-11-14T00:02:52","date_gmt":"2019-11-14T06:02:52","guid":{"rendered":"https:\/\/www.diarioimagen.net\/?p=450194"},"modified":"2019-11-14T04:58:04","modified_gmt":"2019-11-14T10:58:04","slug":"entrega-el-suteym-naucalpan-apoyo-a-la-vivienda-de-agremiados","status":"publish","type":"post","link":"https:\/\/www.diarioimagen.net\/?p=450194","title":{"rendered":"Entrega el SUTEyM-Naucalpan apoyo a la vivienda de agremiados"},"content":{"rendered":"<p><a href=\"https:\/\/www.diarioimagen.net\/?attachment_id=450257\" rel=\"attachment wp-att-450257\"><img loading=\"lazy\" decoding=\"async\" class=\"aligncenter size-large wp-image-450257\" src=\"https:\/\/www.diarioimagen.net\/wp-content\/uploads\/2019\/11\/NAUCALPAN-OK-460x259.jpg\" alt=\"\" width=\"460\" height=\"259\" srcset=\"https:\/\/www.diarioimagen.net\/wp-content\/uploads\/2019\/11\/NAUCALPAN-OK-460x259.jpg 460w, https:\/\/www.diarioimagen.net\/wp-content\/uploads\/2019\/11\/NAUCALPAN-OK-240x135.jpg 240w, https:\/\/www.diarioimagen.net\/wp-content\/uploads\/2019\/11\/NAUCALPAN-OK-235x132.jpg 235w, https:\/\/www.diarioimagen.net\/wp-content\/uploads\/2019\/11\/NAUCALPAN-OK-202x114.jpg 202w, https:\/\/www.diarioimagen.net\/wp-content\/uploads\/2019\/11\/NAUCALPAN-OK-350x196.jpg 350w, https:\/\/www.diarioimagen.net\/wp-content\/uploads\/2019\/11\/NAUCALPAN-OK-220x123.jpg 220w, https:\/\/www.diarioimagen.net\/wp-content\/uploads\/2019\/11\/NAUCALPAN-OK-237x132.jpg 237w, https:\/\/www.diarioimagen.net\/wp-content\/uploads\/2019\/11\/NAUCALPAN-OK.jpg 480w\" sizes=\"auto, (max-width: 460px) 100vw, 460px\" \/><\/a><\/p>\n<p>&nbsp;<\/p>\n<p><strong>Naucalpan, Estado de M\u00e9xico<\/strong><strong>.- <\/strong>Con el \u00fanico fin de que todos y cada uno de los agremiados al Sindicato \u00danico de Trabajadores del Estado y sus Municipios (SUTEyM), secci\u00f3n Naucalpan, puedan consolidar sus patrimonios, reparen o construyan sus hogares, el secretario general de \u00e9ste sindicato, Tom\u00e1s Palomares Parra, hizo entrega de los apoyos para la vivienda que forma parte de una de las prestaciones hacia la clase trabajadora.<\/p>\n<p>\u201cCon el fondo de vivienda se busca fortalecer el \u00f3ptimo desarrollo para los compa\u00f1eros suteymistas y sus familias. Seguiremos trabajando de manera puntual para proteger y hacer cumplir los derechos con que cuentan los agremiados \u00e9sta sede sindical\u201d, destac\u00f3 Palomares Parra.<\/p>\n","protected":false},"excerpt":{"rendered":"<p>Con el \u00fanico fin de que todos y cada uno de los agremiados al Sindicato \u00danico de Trabajadores del Estado y sus Municipios (SUTEyM), secci\u00f3n Naucalpan, puedan consolidar sus patrimonios, reparen o construyan sus hogares, el secretario general de \u00e9ste sindicato, Tom\u00e1s Palomares Parra, hizo entrega de los apoyos para la vivienda que forma parte de una de las prestaciones hacia la clase trabajadora.<\/p>\n","protected":false},"author":3,"featured_media":450257,"comment_status":"open","ping_status":"open","sticky":false,"template":"","format":"standard","meta":{"_monsterinsights_skip_tracking":false,"_monsterinsights_sitenote_active":false,"_monsterinsights_sitenote_note":"","_monsterinsights_sitenote_category":0,"footnotes":""},"categories":[5],"tags":[84978,43675,970,19195],"class_list":["post-450194","post","type-post","status-publish","format-standard","has-post-thumbnail","hentry","category-estado-de-mexico","tag-agremiados","tag-estado-de-mexico","tag-naucalpan","tag-vivienda"],"_links":{"self":[{"href":"https:\/\/www.diarioimagen.net\/index.php?rest_route=\/wp\/v2\/posts\/450194","targetHints":{"allow":["GET"]}}],"collection":[{"href":"https:\/\/www.diarioimagen.net\/index.php?rest_route=\/wp\/v2\/posts"}],"about":[{"href":"https:\/\/www.diarioimagen.net\/index.php?rest_route=\/wp\/v2\/types\/post"}],"author":[{"embeddable":true,"href":"https:\/\/www.diarioimagen.net\/index.php?rest_route=\/wp\/v2\/users\/3"}],"replies":[{"embeddable":true,"href":"https:\/\/www.diarioimagen.net\/index.php?rest_route=%2Fwp%2Fv2%2Fcomments&post=450194"}],"version-history":[{"count":0,"href":"https:\/\/www.diarioimagen.net\/index.php?rest_route=\/wp\/v2\/posts\/450194\/revisions"}],"wp:featuredmedia":[{"embeddable":true,"href":"https:\/\/www.diarioimagen.net\/index.php?rest_route=\/wp\/v2\/media\/450257"}],"wp:attachment":[{"href":"https:\/\/www.diarioimagen.net\/index.php?rest_route=%2Fwp%2Fv2%2Fmedia&parent=450194"}],"wp:term":[{"taxonomy":"category","embeddable":true,"href":"https:\/\/www.diarioimagen.net\/index.php?rest_route=%2Fwp%2Fv2%2Fcategories&post=450194"},{"taxonomy":"post_tag","embeddable":true,"href":"https:\/\/www.diarioimagen.net\/index.php?rest_route=%2Fwp%2Fv2%2Ftags&post=450194"}],"curies":[{"name":"wp","href":"https:\/\/api.w.org\/{rel}","templated":true}]}}