{"id":450228,"date":"2019-11-14T00:12:03","date_gmt":"2019-11-14T06:12:03","guid":{"rendered":"https:\/\/www.diarioimagen.net\/?p=450228"},"modified":"2019-11-14T05:16:14","modified_gmt":"2019-11-14T11:16:14","slug":"y-ahora-3","status":"publish","type":"post","link":"https:\/\/www.diarioimagen.net\/?p=450228","title":{"rendered":"\u00bfY ahora?"},"content":{"rendered":"<h2>Tras la puerta del poder<\/h2>\n<h5>Roberto Vizca\u00edno<\/h5>\n<p>&nbsp;<\/p>\n<div id=\"attachment_450273\" style=\"width: 470px\" class=\"wp-caption aligncenter\"><a href=\"https:\/\/www.diarioimagen.net\/?attachment_id=450273\" rel=\"attachment wp-att-450273\"><img loading=\"lazy\" decoding=\"async\" aria-describedby=\"caption-attachment-450273\" class=\"size-large wp-image-450273\" src=\"https:\/\/www.diarioimagen.net\/wp-content\/uploads\/2019\/11\/nombre-de-actualidad-LUIS-XAVIER-460x347.jpg\" alt=\"\" width=\"460\" height=\"347\" srcset=\"https:\/\/www.diarioimagen.net\/wp-content\/uploads\/2019\/11\/nombre-de-actualidad-LUIS-XAVIER-460x347.jpg 460w, https:\/\/www.diarioimagen.net\/wp-content\/uploads\/2019\/11\/nombre-de-actualidad-LUIS-XAVIER-240x181.jpg 240w, https:\/\/www.diarioimagen.net\/wp-content\/uploads\/2019\/11\/nombre-de-actualidad-LUIS-XAVIER-768x579.jpg 768w, https:\/\/www.diarioimagen.net\/wp-content\/uploads\/2019\/11\/nombre-de-actualidad-LUIS-XAVIER.jpg 1200w\" sizes=\"auto, (max-width: 460px) 100vw, 460px\" \/><\/a><p id=\"caption-attachment-450273\" class=\"wp-caption-text\">Nombre de actualidad&#8230; |\u00a0Luis Xavier<\/p><\/div>\n<p>&nbsp;<\/p>\n<p>\u00a1Cierto!&#8230; la trifulca, el encontronazo, el m\u00e1s que desacuerdo de la noche del martes en el Senado entre las bancadas del PAN y Morena no fueron ajenos a la vida parlamentaria en el mundo.<\/p>\n<p>Claro que aqu\u00ed y en otros congresos, en otros Senados y en otras C\u00e1maras de Diputados han ocurrido confrontaciones violentas, injuriosas surgidas del desacuerdo y de puntos de vista distintos entre unos y otros.<\/p>\n<p>Y de \u201cotras intenciones\u201d como cuando los seguidores de Andr\u00e9s Manuel intentaron impedir en diciembre de 2006 la toma de posesi\u00f3n de Felipe Calder\u00f3n en San L\u00e1zaro.<\/p>\n<p>\u00a1Ese s\u00ed que fue un encontronazo!<\/p>\n<p>Aqu\u00ed ahora las cosas no hab\u00edan llegado hasta donde se dieron la noche del martes por m\u00e1s que en los \u00faltimos 14 meses de la presente legislatura se han tramitado asuntos, nombramientos, reformas por dem\u00e1s pol\u00e9micos y controvertidos.<\/p>\n<p>El caso es que ocurri\u00f3. Y los grupos y sus coordinadores quedaron fracturados. Se perdi\u00f3 la confianza. Y hay senadores que, a partir de esos hechos, si se encuentran de frente, van a sacar chispas.<\/p>\n<p>Lo grave no es que puedan darse un <em>entre<\/em>, que puedan mentarse la madre, que ya no quieran ni siquiera verse ni hablarse, sino que lo ocurrido arras\u00f3 con la capacidad de di\u00e1logo y acuerdo entre ellos. Y faltan 5 a\u00f1os m\u00e1s para que concluya esta legislatura en el Senado. Y deber\u00e1n sacar adelante muchos asuntos en beneficio del pa\u00eds.<\/p>\n<p>Nom\u00e1s de entrada est\u00e1n pendientes las reformas del Poder Judicial propuesta por Monreal y su otra iniciativa para regular comisiones bancarias, sin hablar de la reforma Nieto -la que permitir\u00eda al rottweiler que responde al nombre de <strong>Santiago Nieto<\/strong> bloquear cuentas bancarias a diestra y siniestra, desde la Unidad de Inteligencia, en contra de quien se le pegue la gana-, y nombramientos de ministros y consejeros electorales.<\/p>\n<p>Est\u00e1 pendiente lo de disminuir prerrogativas de partidos pol\u00edticos y de aprobar o no presupuestos para por ejemplo el INE.<\/p>\n<p>En medio de todo esto el rompimiento m\u00e1s importante se da entre las fuerzas mayoritarias Morena-PAN, y directamente entre sus coordinadores, <strong>Ricardo Monreal<\/strong> y <strong>Mauricio Kuri<\/strong>.<\/p>\n<p>Ambas partes parece que est\u00e1n dispuestas a escalar esta confrontaci\u00f3n. Los senadores del PAN ya sumaron a sus gobernadores a la pelea, y ya anunciaron que impugnar\u00e1n en todos los niveles, los organismos nacionales e internacionales, la designaci\u00f3n de Rosario Piedra como presidenta de la CNDH.<\/p>\n<p>Todo eso y m\u00e1s advierte que el reencuentro de sus dirigencias, sus coordinadores, sus grupos ser\u00e1 dif\u00edcil. Ojal\u00e1 no imposible.<\/p>\n<p>Ya pas\u00f3 el nombramiento y ambos y sus fuerzas salieron da\u00f1ados. Ahora viene el tiempo del recuento de hechos y de curar agravios.<\/p>\n<p>Lo que ocurra de hoy en adelante en la Comisi\u00f3n Nacional de Derechos Humanos, de lo que haga y diga la nueva presidenta <strong>Rosario Piedra<\/strong>, mostrar\u00e1 quien tuvo la raz\u00f3n y cu\u00e1l de ellos err\u00f3. De entrada ambos lados apostaron mucho en nombramiento del nuevo titular de la CNDH. Unos a sacar adelante a como diera lugar ese nombramiento, y los otros a impedirlo.<\/p>\n<p>Las escenas, las actitudes de unos y otros, fueron muy lamentables, indignas, y el avance tecnol\u00f3gico las registr\u00f3 para sus historias personales y del pa\u00eds.<\/p>\n<p>Triste caso.<\/p>\n<p>\u00bfY que decir del objeto de sus deseos? La se\u00f1ora <strong>Rosario Piedra<\/strong> lleg\u00f3 descalificada. No me imagino lo que pueda hacer esta se\u00f1ora desde donde ahora est\u00e1. Ya no es disidente, ni v\u00edctima de nada. Es presidenta de la CNDH, y tiene que resolver el tema de violaci\u00f3n de Derechos Humanos en defensa de los ciudadanos. Y eso se resuelve mediante la aplicaci\u00f3n de la norma y la Ley, no del sentimiento o de una posici\u00f3n de agravios personales, no de fobias ni venganzas.<\/p>\n<p>Ma\u00f1ana se cumple el plazo para aprobar el Presupuesto de Egresos en San L\u00e1zaro para 2020 y todo est\u00e1 envenenado.<\/p>\n<p style=\"text-align: center;\"><strong>Cercan San L\u00e1zaro<\/strong><\/p>\n<p>Y mientras grupos de inconformes cercan San L\u00e1zaro en reclamo de ser atendidos presupuestalmente, la panista <strong>Laura Rojas<\/strong>, presidenta de los diputados y el morenista <strong>Alfonso Ram\u00edrez Cuellar<\/strong>, presidente de la Comisi\u00f3n de Presupuesto aseguran que no s\u00f3lo se dar\u00e1 satisfacci\u00f3n a todos los reclamos, sino que el gasto federal para el pr\u00f3ximo a\u00f1o se aprobar\u00e1 ma\u00f1ana en una sesi\u00f3n larga, de debates y encontronazos.<\/p>\n<p>El presidente de la Comisi\u00f3n de Presupuesto dijo por su parte \u201cvamos caminando, vamos bien, dialogando, platicando, construyendo los acuerdos. \u201cEstamos integrando todo el proceso de reasignaciones; entonces, es una situaci\u00f3n dif\u00edcil.<\/p>\n<p>\u201cComo ustedes saben (dijo a los periodistas), los recursos adicionales de la Ley de Ingresos sumaron <strong>11 mil millones de pesos<\/strong>, y despu\u00e9s de toda la distribuci\u00f3n, a partir de la Ley de Coordinaci\u00f3n Fiscal, <strong>se tienen solamente disponibles 3 mil 800 millones de pesos<\/strong>; entonces, todo lo que estamos integrando y buscando son procesos de reasignaci\u00f3n que todav\u00eda no hemos terminado\u201d.<\/p>\n<p>Sin embargo insisti\u00f3 en que el avance en la integraci\u00f3n de las exigencias de grupos y otras autoridades est\u00e1 por concluir. Ante la insistencia de los periodistas por saber cual ser\u00e1 la cantidad a ser reasignada, Ram\u00edrez Cuellar indic\u00f3 que s\u00f3lo quedaron 3 mil 800 millones y que, de los 11 mil millones de pesos adicionales que salieron en la Ley de Ingresos, \u201cpr\u00e1cticamente todo se fue a fortalecer el Ramo 28, el de las participaciones\u201d.<\/p>\n<p>Consider\u00f3 que una de las \u00e1reas m\u00e1s conflictivas es la de la ganader\u00eda mexicana en materia de sanidades y de fomento ganadero.<\/p>\n<p style=\"text-align: center;\"><strong>Atropellados<\/strong><\/p>\n<p>Por cierto, quienes resultaron vapuleados luego de la gresca de la noche del martes, fueron <strong>Miguel \u00c1ngel Osorio Chong<\/strong> y su mini bancada senatorial pri\u00edsta a quienes <strong>Mauricio Kuri<\/strong> y los panistas acusaron de haber votado a modo para que luego Ricardo Monreal \u00b4pudiera darle curso a la toma de posesi\u00f3n de Rosario Piedra como nueva titular de la CNDH.<\/p>\n<p>En descargo de culpas, ayer <strong>Osorio Chong<\/strong> insisti\u00f3 en que no hubo tal cosa. Que los senadores del PRI votaron en contra de la moci\u00f3n para reponer una tercera votaci\u00f3n porque lo que los tricolores buscaban era que se repusiera todo el procedimiento.<\/p>\n<p>Votar una cuarta ocasi\u00f3n hubiera violado la Constituci\u00f3n dijo.<\/p>\n<p>Lo que exigieron los tricolores fue regresar todo a comisiones para que se integrara una nueva terna para nuevamente someterla a consideraci\u00f3n al Pleno del Senado.<\/p>\n<p>\u201cEso es lo que queremos las y los senadores del PRI, por eso vamos a votar en contra de esta moci\u00f3n de repetir solo la votaci\u00f3n, porque repetirla ser\u00eda tanto como decir que no hubo votaci\u00f3n y que no hubo un resultado, y s\u00ed lo hubo. No se alcanzaron las dos terceras partes\u201d, subray\u00f3 a su vez <strong>Claudia Ruiz Massieu<\/strong>.<\/p>\n<p>Y <strong>Jorge Carlos Ram\u00edrez Mar\u00edn<\/strong> advirti\u00f3: \u201cno vamos a permitir legitimar un procedimiento que se llev\u00f3 a cabo con errores graves, particularmente en el c\u00f3mputo. Aceptarlo, repetirlo, ser\u00eda que el poder del Pleno legitime absolutamente lo que se hizo. Por ello, enfatiz\u00f3, el PRI va a votar en contra de esta propuesta\u201d.<\/p>\n<p>Por lo anterior, las y los senadores priistas votaron a favor de la legalidad, de cumplir con la constituci\u00f3n y la ley.<\/p>\n<p>Hay que precisar, indic\u00f3, que el art\u00edculo 102 de la Constituci\u00f3n es muy claro: requiere la votaci\u00f3n de las dos terceras partes de los senadores presentes para elegir al titular de la CNDH. No de los votos, sino de los presentes.<\/p>\n<p>En ese orden, el art\u00edculo 10 Ter, de la Ley de la Comisi\u00f3n Nacional de los Derechos Humanos se\u00f1ala que si no se re\u00fane la mayor\u00eda calificada (como fue el caso, con 76 sufragios de los 116 emitidos), las comisiones deber\u00e1n presentar una nueva terna.<\/p>\n<p>El acuerdo correspondiente de la Junta de Coordinaci\u00f3n Pol\u00edtica estableci\u00f3 que si despu\u00e9s de tres votaciones, no se lograban los votos necesarios (2\/3 partes), entonces el proceso iniciar\u00eda de nuevo desde comisiones.<\/p>\n<p>As\u00ed las cosas, no se puede afirmar que el voto de los pri\u00edstas es responsable de lo que al final se hizo, indicaron.<\/p>\n<p><em><a href=\"mailto:rvizcainoa@gmail.com\" target=\"_blank\" rel=\"noopener noreferrer\">rvizcainoa@gmail.com<\/a><br \/>\n<u><a href=\"http:\/\/endirecto.mx\" target=\"_blank\" rel=\"noopener noreferrer\">www.endirecto.mx<\/a><br \/>\n<a href=\"https:\/\/twitter.com\/_rvizcaino\" target=\"_blank\" rel=\"noopener noreferrer\">@_RVizcaino<\/a><br \/>\n<a href=\"https:\/\/www.facebook.com\/rvizcainoa\" target=\"_blank\" rel=\"noopener noreferrer\">facebook.com\/rvizcainoa<\/a><\/u><\/em><\/p>\n","protected":false},"excerpt":{"rendered":"<p><span style=\"color: #005497;\"><strong>Roberto Vizca\u00edno<\/strong><\/span><br \/>\n<br \/>\n\u00a1Cierto!&#8230; la trifulca, el encontronazo, el m\u00e1s que desacuerdo de la noche del martes en el Senado entre las bancadas del PAN y Morena no fueron ajenos a la vida parlamentaria en el mundo.<\/p>\n","protected":false},"author":3,"featured_media":450273,"comment_status":"open","ping_status":"open","sticky":false,"template":"","format":"standard","meta":{"_monsterinsights_skip_tracking":false,"_monsterinsights_sitenote_active":false,"_monsterinsights_sitenote_note":"","_monsterinsights_sitenote_category":0,"footnotes":""},"categories":[136],"tags":[43674,93,94],"class_list":["post-450228","post","type-post","status-publish","format-standard","has-post-thumbnail","hentry","category-roberto-vizcaino-opinion","tag-opinion","tag-roberto-vizcaino","tag-tras-la-puerta-del-poder"],"_links":{"self":[{"href":"https:\/\/www.diarioimagen.net\/index.php?rest_route=\/wp\/v2\/posts\/450228","targetHints":{"allow":["GET"]}}],"collection":[{"href":"https:\/\/www.diarioimagen.net\/index.php?rest_route=\/wp\/v2\/posts"}],"about":[{"href":"https:\/\/www.diarioimagen.net\/index.php?rest_route=\/wp\/v2\/types\/post"}],"author":[{"embeddable":true,"href":"https:\/\/www.diarioimagen.net\/index.php?rest_route=\/wp\/v2\/users\/3"}],"replies":[{"embeddable":true,"href":"https:\/\/www.diarioimagen.net\/index.php?rest_route=%2Fwp%2Fv2%2Fcomments&post=450228"}],"version-history":[{"count":0,"href":"https:\/\/www.diarioimagen.net\/index.php?rest_route=\/wp\/v2\/posts\/450228\/revisions"}],"wp:featuredmedia":[{"embeddable":true,"href":"https:\/\/www.diarioimagen.net\/index.php?rest_route=\/wp\/v2\/media\/450273"}],"wp:attachment":[{"href":"https:\/\/www.diarioimagen.net\/index.php?rest_route=%2Fwp%2Fv2%2Fmedia&parent=450228"}],"wp:term":[{"taxonomy":"category","embeddable":true,"href":"https:\/\/www.diarioimagen.net\/index.php?rest_route=%2Fwp%2Fv2%2Fcategories&post=450228"},{"taxonomy":"post_tag","embeddable":true,"href":"https:\/\/www.diarioimagen.net\/index.php?rest_route=%2Fwp%2Fv2%2Ftags&post=450228"}],"curies":[{"name":"wp","href":"https:\/\/api.w.org\/{rel}","templated":true}]}}