{"id":450232,"date":"2019-11-14T00:07:39","date_gmt":"2019-11-14T06:07:39","guid":{"rendered":"https:\/\/www.diarioimagen.net\/?p=450232"},"modified":"2019-11-14T02:31:16","modified_gmt":"2019-11-14T08:31:16","slug":"bolivia-el-golpe-de-los-resentidos","status":"publish","type":"post","link":"https:\/\/www.diarioimagen.net\/?p=450232","title":{"rendered":"Bolivia: el golpe de los resentidos"},"content":{"rendered":"<h2>\u00a1Que conste,.. son reflexiones!<\/h2>\n<h5>S\u00f3crates A. Campos Lemus<\/h5>\n<p>&nbsp;<\/p>\n<p>En los movimientos sociales, pol\u00edticos o las confrontaciones. siempre hay diferentes formas de an\u00e1lisis del por qu\u00e9 y del c\u00f3mo se desarrollaron y cu\u00e1les son sus consecuencias. Muchos pol\u00edticos piensan que solamente con los apapachos a los derrotados, asilos o protecci\u00f3n a los que consideran v\u00edctimas o bien, la incondicional aprobaci\u00f3n de los grupos de triunfadores dentro de un conflicto, es lo que hace que las cosas, no se vean, tal cual son.<\/p>\n<p>Recuerdo que en el Chile de Salvador Allende, los primeros grupos que le atacaron y trataron de radicalizar las posturas del presidente fueron los sindicales que ten\u00edan ansias de \u201cjusticia social\u201d inmediata, cosa que jam\u00e1s reclamaron cuando estaban los conservadores, as\u00ed, en el seno mismo del proceso transformador de Allende, los radicales fueron el punto vital, para dar, cuando menos, el pretexto de que de seguir en ese camino las cosas en el pa\u00eds llegar\u00edan al comunismo, y as\u00ed, alentaron con recursos y grandes sumas de dinero y poder a las fuerzas armadas y los carabineros, y se mat\u00f3 al presidente Allende, con una enorme masacre de miles de chilenos. Despu\u00e9s de abrir los espacios para recibir a muchos de ellos que se dec\u00edan perseguidos pol\u00edticos, se dieron cuenta, unos y otros, que entre ellos, llegaron muchos oportunistas que se colaron a los puestos administrativos y pol\u00edticos que les brindara Luis Echeverr\u00eda, pero ese es otro cantar\u2026<\/p>\n<p>En los tiempos de la guerra fr\u00eda, lo usual para eliminar a los gobiernos populares que no eran bien vistos por los pol\u00edticos norteamericanos porque pensaban, afectar\u00edan sus intereses y rapi\u00f1as, era usar a las fuerzas armadas. Y desde el triunfo de la Revoluci\u00f3n Cubana, pues las acciones de los grupos de esp\u00edas y de movimientos pol\u00edticos, aumentan en muchos de nuestros pa\u00edses con el objetivo principal de eliminar el nacionalismo y la convicci\u00f3n de la soberan\u00eda nacional y su respeto por los dem\u00e1s pa\u00edses, y en esto, se enfocaron los norteamericanos, de tal suerte que, ahora, son acciones de ni\u00f1os las que se observan en muchos sitios y donde se fueron formando civiles en las universidades norteamericanas para influir pol\u00edtica e ideol\u00f3gicamente a los cuadros dirigentes en muchos pa\u00edses, y as\u00ed, lograron derrotar el nacionalismo revolucionario que privaba, por ejemplo, en M\u00e9xico, cuando desde los tiempos de Miguel de la Madrid, el primer Presidente formado en las universidades gringas, con Carlos Salinas de Gortari, con Ernesto Zedillo y con el \u201cgerente cocacolero\u201d de Vicente Fox, se dio al traste con todo vestigio de dignidad y nacionalismo, permitiendo el saqueo de los fondos y recursos p\u00fablicos para el beneficio de los grupos privados.<\/p>\n<p>Despu\u00e9s, llegaron los atentados para eliminar a los dirigentes o enviar mensajes a los grupos de que todos pod\u00edan recibir una descarga de violencia con la eliminaci\u00f3n de sus cuadros, y de ah\u00ed, se fueron fortaleciendo las pol\u00edticas del narcotr\u00e1fico, primeramente, con el apoyo oficial de pol\u00edticos y funcionarios con los acuerdos entre agencias norteamericanas de espionaje, para que se permitiera utilizar al pa\u00eds, M\u00e9xico, como el punto de producci\u00f3n, distribuci\u00f3n y comercializaci\u00f3n de drogas nacionales o de importaci\u00f3n, como en el caso de la coca\u00edna venida de Colombia, Bolivia, Per\u00fa y el mismo Brasil, de esa forma, los grupos de inteligencia norteamericanos, fueron operando con los grupos criminales del pa\u00eds y conociendo sus zonas y formas de operaci\u00f3n, de tal suerte que, despu\u00e9s, ellos, no necesitaron ni siquiera a los pol\u00edticos y funcionarios mexicanos para impulsar la producci\u00f3n, distribuci\u00f3n y venta de los narc\u00f3ticos con las enormes utilidades que estos les brinda para realizar operaciones de desestabilizaci\u00f3n y guerras, como la que ahora vimos operar en Bolivia, donde utilizaron a los grupos ind\u00edgenas, violentos y protegidos por esos grupos del narcotr\u00e1fico que operan en todas las zonas, para que fueran ellos y sus afiliados, los que iniciaran las acciones y violentas, manifestaciones de protesta en contra de un presidente que se supon\u00eda ten\u00eda mucho prestigio y cari\u00f1o de los pobres, pero, f\u00e1cilmente les voltearon el calcet\u00edn y se fueron en su contra\u2026 as\u00ed que es una de las lecciones que deben aprender los populistas mexicanos, porque es una forma que puede prender las protestas en M\u00e9xico, tal como vemos no se pueden controlar las zonas de violencia en Michoac\u00e1n, Sinaloa, Puebla, Estados de M\u00e9xico, Guerrero, Tamaulipas, Sonora, Chihuahua, Nayarit, el Bajo, Jalisco y de ah\u00ed, podr\u00edan salir los grupos de protesta, ligados a los grupos criminales, con los que tienen mayores compromisos, que con el gobierno, para hacer las protestas manipuladas por los grupos de la reacci\u00f3n.<\/p>\n<p>Recordemos que miles de familias han sido afectadas por la guerra contra el narcotr\u00e1fico generada por Felipe Calder\u00f3n, y que hu\u00e9rfanos y viudos y familiares en miles, est\u00e1n resentidos por ello, y buscan en su resentimiento, no qui\u00e9n es el verdadero culpable, sino cualquiera que las deba de pagar, y de ah\u00ed se surten, digan lo que digan, de las mismas v\u00edctimas, de los hijos y viudos o afectados del narco a sus nuevos miembros, y \u00e9stos, andan en esa violencia criminal que se puede inducir para protestas pol\u00edticas, que tendr\u00edan una enorme carga de vinolencia. Muchos piensan que porque AMLO protege a los pobres y les brinda atenci\u00f3n y ayudas, ellos estar\u00e1n incondicionalmente con \u00e9l, pero no es as\u00ed, las v\u00edctimas est\u00e1n incondicionalmente con sus victimarios, y as\u00ed lo mostraron en Bolivia, Salvador, Honduras, Guatemala, donde los jodidos lucharon en contra de los jodidos y de los polic\u00edas, no contra los hampones y narcotraficantes que los mantienen doblegados, esta es la realidad, y lo vemos ahora con la formaci\u00f3n de m\u00e1s pandillas de j\u00f3venes y viejos resentidos en las zonas marginadas, donde se han incorporado pandilleros de mayor carga de violencia como son las pandillas de las \u201cMARAS\u201d, porque ellas son, las que al final de cuentas, controlar\u00e1n las zonas donde ahora, por n\u00famero y relaciones, los pandilleros mexicanos tienen el control, pero recuerden que la violencia y su aplicaci\u00f3n en las acciones las tienen las \u201cMaras\u201d, los nuestros, son pandilleros de golpes y aquellos de decapitaci\u00f3n\u2026. As\u00ed que cuidado, lo deben ver con cuidado. Si ya pas\u00f3 en Bolivia, pues en M\u00e9xico deben poner las barbas a remojar.<\/p>\n<p><a href=\"mailto:socrates_campos8@yahoo.com.mx\" target=\"_blank\" rel=\"noopener noreferrer\"><em>socrates_campos8@yahoo.com.mx<\/em><\/a><\/p>\n","protected":false},"excerpt":{"rendered":"<p><span style=\"color: #005497;\"><strong>S\u00f3crates A. Campos Lemus<\/strong><\/span><\/p>\n","protected":false},"author":3,"featured_media":0,"comment_status":"open","ping_status":"open","sticky":false,"template":"","format":"standard","meta":{"_monsterinsights_skip_tracking":false,"_monsterinsights_sitenote_active":false,"_monsterinsights_sitenote_note":"","_monsterinsights_sitenote_category":0,"footnotes":""},"categories":[82147],"tags":[82149,43674,82150,82148],"class_list":["post-450232","post","type-post","status-publish","format-standard","hentry","category-socrates-a-campos-lemus","tag-son-reflexiones","tag-opinion","tag-socrates-a-campos-lemus","tag-que-conste"],"_links":{"self":[{"href":"https:\/\/www.diarioimagen.net\/index.php?rest_route=\/wp\/v2\/posts\/450232","targetHints":{"allow":["GET"]}}],"collection":[{"href":"https:\/\/www.diarioimagen.net\/index.php?rest_route=\/wp\/v2\/posts"}],"about":[{"href":"https:\/\/www.diarioimagen.net\/index.php?rest_route=\/wp\/v2\/types\/post"}],"author":[{"embeddable":true,"href":"https:\/\/www.diarioimagen.net\/index.php?rest_route=\/wp\/v2\/users\/3"}],"replies":[{"embeddable":true,"href":"https:\/\/www.diarioimagen.net\/index.php?rest_route=%2Fwp%2Fv2%2Fcomments&post=450232"}],"version-history":[{"count":0,"href":"https:\/\/www.diarioimagen.net\/index.php?rest_route=\/wp\/v2\/posts\/450232\/revisions"}],"wp:attachment":[{"href":"https:\/\/www.diarioimagen.net\/index.php?rest_route=%2Fwp%2Fv2%2Fmedia&parent=450232"}],"wp:term":[{"taxonomy":"category","embeddable":true,"href":"https:\/\/www.diarioimagen.net\/index.php?rest_route=%2Fwp%2Fv2%2Fcategories&post=450232"},{"taxonomy":"post_tag","embeddable":true,"href":"https:\/\/www.diarioimagen.net\/index.php?rest_route=%2Fwp%2Fv2%2Ftags&post=450232"}],"curies":[{"name":"wp","href":"https:\/\/api.w.org\/{rel}","templated":true}]}}