{"id":450283,"date":"2019-11-15T00:05:36","date_gmt":"2019-11-15T06:05:36","guid":{"rendered":"https:\/\/www.diarioimagen.net\/?p=450283"},"modified":"2019-11-15T00:04:57","modified_gmt":"2019-11-15T06:04:57","slug":"lopez-obrador-justifica-extrema-seguridad-para-evo-morales","status":"publish","type":"post","link":"https:\/\/www.diarioimagen.net\/?p=450283","title":{"rendered":"L\u00f3pez Obrador justifica extrema seguridad para Evo Morales"},"content":{"rendered":"<ul>\n<li><em><strong>Lo cuidan militares del extinto Estado Mayor Presidencial<\/strong><\/em><\/li>\n<\/ul>\n<p>&nbsp;<\/p>\n<div id=\"attachment_450284\" style=\"width: 470px\" class=\"wp-caption aligncenter\"><img loading=\"lazy\" decoding=\"async\" aria-describedby=\"caption-attachment-450284\" class=\"wp-image-450284 size-large\" src=\"https:\/\/www.diarioimagen.net\/wp-content\/uploads\/2019\/11\/CUIDADO15a-PORTAL-460x268.png\" alt=\"\" width=\"460\" height=\"268\" srcset=\"https:\/\/www.diarioimagen.net\/wp-content\/uploads\/2019\/11\/CUIDADO15a-PORTAL-460x268.png 460w, https:\/\/www.diarioimagen.net\/wp-content\/uploads\/2019\/11\/CUIDADO15a-PORTAL-240x140.png 240w, https:\/\/www.diarioimagen.net\/wp-content\/uploads\/2019\/11\/CUIDADO15a-PORTAL.png 480w\" sizes=\"auto, (max-width: 460px) 100vw, 460px\" \/><p id=\"caption-attachment-450284\" class=\"wp-caption-text\">Elementos del extinto Estado Mayor Presidencial tienen asignada la tarea de cuidar al ex presidente de Bolivia, Evo Morales.<\/p><\/div>\n<p>&nbsp;<\/p>\n<p>El presidente Andr\u00e9s Manuel L\u00f3pez Obrador aclar\u00f3 que elementos de la Secretar\u00eda de la Defensa Nacional (Sedena), y que antes pertenec\u00edan al Estado Mayor Presidencial, tienen asignada la tarea de cuidar al ex presidente de Bolivia, Evo Morales Ayma.<\/p>\n<p>Este jueves, en un peri\u00f3dico de circulaci\u00f3n nacional, se difundi\u00f3 que agentes de la extinta corporaci\u00f3n, y que en su momento ten\u00edan a su cargo la custodia del ex presidente Enrique Pe\u00f1a Nieto, ahora resguardan al ex mandatario boliviano.<\/p>\n<p>Ante ello, el Ejecutivo federal explic\u00f3 en conferencia de prensa en Palacio Nacional que el Estado Mayor Presidencial ya no existe y que sus integrantes se incorporaron a la Sedena y son empleados cuando hay una necesidad especial, es este caso, cuidar a Evo Morales.<\/p>\n<p>\u201cYa no hay Estado Mayor, \u00bfqu\u00e9 pas\u00f3 con esos elementos? se fueron a la Secretar\u00eda de la Defensa, todos, y cuando se necesita, como ya son miembros antiguos en la Defensa, cuando se requiere de algo como la protecci\u00f3n del presidente de Bolivia pues elementos de la Defensa, ya no del Estado Mayor, ayudan en esa labor\u201d, argument\u00f3.<\/p>\n<p>El ex presidente Morales Ayma lleg\u00f3 al pa\u00eds luego de ser derrocado en Bolivia y solicitar asilo pol\u00edtico al Gobierno de M\u00e9xico.<\/p>\n<p>Al ser cuestionado sobre el aparato de seguridad para el exmandatario sudamericano, L\u00f3pez Obrador afirm\u00f3 que sobre Morales Ayma hab\u00eda amenazas hacia su vida, por lo que era fundamental que en M\u00e9xico tuviera resguardo.<\/p>\n<p>No obstante, el presidente reiter\u00f3 que su gobierno no derrochar\u00e1 en seguridad al jefe del Ejecutivo por lo que, agreg\u00f3, los ocho mil elementos que cuidaban al mandatario mexicano fueron reasignados a tareas de la Defensa Nacional.<\/p>\n<p style=\"text-align: center;\"><strong>Agradece a EU respeto a decisi\u00f3n de asilar a Morales<\/strong><\/p>\n<p>El mandatario agradeci\u00f3 a su hom\u00f3logo de Estados Unidos, Donald Trump, que no haya manifestado alguna opini\u00f3n respecto a la decisi\u00f3n de M\u00e9xico de otorgar asilo al ex presidente boliviano, Evo Morales.<\/p>\n<p>Dijo que todas las naciones deben respetar la soberan\u00eda mexicana y su toma de decisiones.<\/p>\n<p>\u201cLe reconozco al gobierno de Estados Unidos y a Donald Trump que no haya opinado sobre nuestra decisi\u00f3n libre y soberana. Nosotros no tenemos por qu\u00e9 pedirle permiso a nadie para actuar; tenemos que actuar con base en nuestra Constituci\u00f3n.<\/p>\n<p>\u201cQueremos que respeten nuestra soberan\u00eda y en este caso lo subrayo: ninguna nota diplom\u00e1tica, ning\u00fan llamado o ninguna expresi\u00f3n de inconformidad. Hay respeto, hay respeto mutuo, quisieran algunos que nos pele\u00e1ramos\u201d, destac\u00f3 el Ejecutivo federal.<\/p>\n","protected":false},"excerpt":{"rendered":"<p>El presidente Andr\u00e9s Manuel L\u00f3pez Obrador aclar\u00f3 que elementos de la Secretar\u00eda de la Defensa Nacional (Sedena), y que antes pertenec\u00edan al Estado Mayor Presidencial, tienen asignada la tarea de cuidar al ex presidente de Bolivia, Evo Morales Ayma.<\/p>\n","protected":false},"author":5,"featured_media":450284,"comment_status":"open","ping_status":"open","sticky":false,"template":"","format":"standard","meta":{"_monsterinsights_skip_tracking":false,"_monsterinsights_sitenote_active":false,"_monsterinsights_sitenote_note":"","_monsterinsights_sitenote_category":0,"footnotes":""},"categories":[3],"tags":[1352,98,2546,13317,81020,88685,43673,43677],"class_list":["post-450283","post","type-post","status-publish","format-standard","has-post-thumbnail","hentry","category-nacional","tag-andres-manuel-lopez-obrador","tag-camara-de-diputados","tag-estado-mayor-presidencial","tag-evo-morales","tag-lopez-obrador","tag-morales-ayma","tag-nacional","tag-seguridad"],"_links":{"self":[{"href":"https:\/\/www.diarioimagen.net\/index.php?rest_route=\/wp\/v2\/posts\/450283","targetHints":{"allow":["GET"]}}],"collection":[{"href":"https:\/\/www.diarioimagen.net\/index.php?rest_route=\/wp\/v2\/posts"}],"about":[{"href":"https:\/\/www.diarioimagen.net\/index.php?rest_route=\/wp\/v2\/types\/post"}],"author":[{"embeddable":true,"href":"https:\/\/www.diarioimagen.net\/index.php?rest_route=\/wp\/v2\/users\/5"}],"replies":[{"embeddable":true,"href":"https:\/\/www.diarioimagen.net\/index.php?rest_route=%2Fwp%2Fv2%2Fcomments&post=450283"}],"version-history":[{"count":0,"href":"https:\/\/www.diarioimagen.net\/index.php?rest_route=\/wp\/v2\/posts\/450283\/revisions"}],"wp:featuredmedia":[{"embeddable":true,"href":"https:\/\/www.diarioimagen.net\/index.php?rest_route=\/wp\/v2\/media\/450284"}],"wp:attachment":[{"href":"https:\/\/www.diarioimagen.net\/index.php?rest_route=%2Fwp%2Fv2%2Fmedia&parent=450283"}],"wp:term":[{"taxonomy":"category","embeddable":true,"href":"https:\/\/www.diarioimagen.net\/index.php?rest_route=%2Fwp%2Fv2%2Fcategories&post=450283"},{"taxonomy":"post_tag","embeddable":true,"href":"https:\/\/www.diarioimagen.net\/index.php?rest_route=%2Fwp%2Fv2%2Ftags&post=450283"}],"curies":[{"name":"wp","href":"https:\/\/api.w.org\/{rel}","templated":true}]}}