{"id":450339,"date":"2019-11-15T00:05:50","date_gmt":"2019-11-15T06:05:50","guid":{"rendered":"https:\/\/www.diarioimagen.net\/?p=450339"},"modified":"2019-11-15T03:41:54","modified_gmt":"2019-11-15T09:41:54","slug":"exhibe-uaem-la-muestra-interactiva-ciudad-vector","status":"publish","type":"post","link":"https:\/\/www.diarioimagen.net\/?p=450339","title":{"rendered":"Exhibe UAEM la muestra interactiva \u201cCiudad vector\u201d"},"content":{"rendered":"<ul>\n<li><strong><em>Del artista Leonardo Montelongo<\/em><\/strong><\/li>\n<\/ul>\n<p>&nbsp;<\/p>\n<div id=\"attachment_450459\" style=\"width: 470px\" class=\"wp-caption aligncenter\"><a href=\"https:\/\/www.diarioimagen.net\/?attachment_id=450459\" rel=\"attachment wp-att-450459\"><img loading=\"lazy\" decoding=\"async\" aria-describedby=\"caption-attachment-450459\" class=\"size-large wp-image-450459\" src=\"https:\/\/www.diarioimagen.net\/wp-content\/uploads\/2019\/11\/uaem-2-460x259.jpg\" alt=\"\" width=\"460\" height=\"259\" srcset=\"https:\/\/www.diarioimagen.net\/wp-content\/uploads\/2019\/11\/uaem-2-460x259.jpg 460w, https:\/\/www.diarioimagen.net\/wp-content\/uploads\/2019\/11\/uaem-2-240x135.jpg 240w, https:\/\/www.diarioimagen.net\/wp-content\/uploads\/2019\/11\/uaem-2-235x132.jpg 235w, https:\/\/www.diarioimagen.net\/wp-content\/uploads\/2019\/11\/uaem-2-202x114.jpg 202w, https:\/\/www.diarioimagen.net\/wp-content\/uploads\/2019\/11\/uaem-2-350x196.jpg 350w, https:\/\/www.diarioimagen.net\/wp-content\/uploads\/2019\/11\/uaem-2-220x123.jpg 220w, https:\/\/www.diarioimagen.net\/wp-content\/uploads\/2019\/11\/uaem-2-237x132.jpg 237w, https:\/\/www.diarioimagen.net\/wp-content\/uploads\/2019\/11\/uaem-2.jpg 480w\" sizes=\"auto, (max-width: 460px) 100vw, 460px\" \/><\/a><p id=\"caption-attachment-450459\" class=\"wp-caption-text\">La muestra <em>Ciudad vector<\/em> es interactiva y se exhibir\u00e1 de forma permanente en la mapoteca de la Facultad de Planeaci\u00f3n Urbana y Regional.<\/p><\/div>\n<p>&nbsp;<\/p>\n<p><strong>Toluca, Estado de M\u00e9xico<\/strong>.\u2013 En el marco de su 33 aniversario, la Facultad de Planeaci\u00f3n Urbana y Regional de la Universidad Aut\u00f3noma del Estado de M\u00e9xico exhibe la instalaci\u00f3n <em>Ciudad vector<\/em>, del artista Leonardo Montelongo Ortega.<\/p>\n<p>Durante la ceremonia de inauguraci\u00f3n, el secretario de Difusi\u00f3n Cultural de la UAEM, Edgar Miranda Ortiz, apunt\u00f3 que esta muestra es interactiva y se exhibir\u00e1 de forma permanente en la mapoteca de este espacio universitario.<\/p>\n<p>Ciudad vector, explic\u00f3, est\u00e1 conformada por una instalaci\u00f3n hecha a partir de ocho placas de acr\u00edlico en las que se imprimi\u00f3 un mapa de la ciudad de Toluca del a\u00f1o 1900 y algunas variantes realizadas por el artista, im\u00e1genes que con ayuda de una l\u00e1mpara, se reflejan en el techo de la mapoteca.<\/p>\n<p>Adem\u00e1s, abund\u00f3, los asistentes pueden experimentar con la luz y proyectar diversas formas. La muestra es complementada por los planos utilizados por el artista y las variantes que realiz\u00f3, exhibidos alrededor de la mapoteca.<\/p>\n<p>Leonardo Montelongo Ortega, egresado de la Facultad de Arquitectura y Dise\u00f1o, expres\u00f3 que esta obra es org\u00e1nica, ya que se acopla al espacio arquitect\u00f3nico. Al interactuar con la pieza, dijo, se pueden interpretar diferentes perspectivas acerca de los mapas.<\/p>\n<p>La directora de Patrimonio Cultural, Yuriko Rojas Moriyama, refiri\u00f3 que los talentos universitarios que exhiben su obra al interior de la instituci\u00f3n inciden en la vida acad\u00e9mica y cultural de la comunidad universitaria y propician la cohesi\u00f3n institucional.<\/p>\n<p>El arte, dijo, ya no depende de un muro tradicional para realizar una obra. Por otros medios y apoyados por la tecnolog\u00eda, asever\u00f3, los creadores tienen la oportunidad de hacer murales e intervenciones art\u00edsticas.<\/p>\n<p>El director de este organismo acad\u00e9mico universitario, Juan Roberto Calder\u00f3n Maya, indic\u00f3 que este proyecto art\u00edstico cohesiona pol\u00edtica, est\u00e9tica y arquitectura. Manifest\u00f3 que se plantea un imaginario urbano y art\u00edstico donde se invita a repensar las ciudades, en particular, Toluca.<\/p>\n","protected":false},"excerpt":{"rendered":"<p>En el marco de su 33 aniversario, la Facultad de Planeaci\u00f3n Urbana y Regional de la Universidad Aut\u00f3noma del Estado de M\u00e9xico exhibe la instalaci\u00f3n \u00abCiudad vector\u00bb, del artista Leonardo Montelongo Ortega.<\/p>\n","protected":false},"author":3,"featured_media":450459,"comment_status":"open","ping_status":"open","sticky":false,"template":"","format":"standard","meta":{"_monsterinsights_skip_tracking":false,"_monsterinsights_sitenote_active":false,"_monsterinsights_sitenote_note":"","_monsterinsights_sitenote_category":0,"footnotes":""},"categories":[5],"tags":[43675,452,1491,1490],"class_list":["post-450339","post","type-post","status-publish","format-standard","has-post-thumbnail","hentry","category-estado-de-mexico","tag-estado-de-mexico","tag-toluca","tag-uaem","tag-universidad-autonoma-del-estado-de-mexico"],"_links":{"self":[{"href":"https:\/\/www.diarioimagen.net\/index.php?rest_route=\/wp\/v2\/posts\/450339","targetHints":{"allow":["GET"]}}],"collection":[{"href":"https:\/\/www.diarioimagen.net\/index.php?rest_route=\/wp\/v2\/posts"}],"about":[{"href":"https:\/\/www.diarioimagen.net\/index.php?rest_route=\/wp\/v2\/types\/post"}],"author":[{"embeddable":true,"href":"https:\/\/www.diarioimagen.net\/index.php?rest_route=\/wp\/v2\/users\/3"}],"replies":[{"embeddable":true,"href":"https:\/\/www.diarioimagen.net\/index.php?rest_route=%2Fwp%2Fv2%2Fcomments&post=450339"}],"version-history":[{"count":0,"href":"https:\/\/www.diarioimagen.net\/index.php?rest_route=\/wp\/v2\/posts\/450339\/revisions"}],"wp:featuredmedia":[{"embeddable":true,"href":"https:\/\/www.diarioimagen.net\/index.php?rest_route=\/wp\/v2\/media\/450459"}],"wp:attachment":[{"href":"https:\/\/www.diarioimagen.net\/index.php?rest_route=%2Fwp%2Fv2%2Fmedia&parent=450339"}],"wp:term":[{"taxonomy":"category","embeddable":true,"href":"https:\/\/www.diarioimagen.net\/index.php?rest_route=%2Fwp%2Fv2%2Fcategories&post=450339"},{"taxonomy":"post_tag","embeddable":true,"href":"https:\/\/www.diarioimagen.net\/index.php?rest_route=%2Fwp%2Fv2%2Ftags&post=450339"}],"curies":[{"name":"wp","href":"https:\/\/api.w.org\/{rel}","templated":true}]}}