{"id":450376,"date":"2019-11-15T00:03:05","date_gmt":"2019-11-15T06:03:05","guid":{"rendered":"https:\/\/www.diarioimagen.net\/?p=450376"},"modified":"2019-11-15T03:44:37","modified_gmt":"2019-11-15T09:44:37","slug":"mantienen-alcaldes-del-prd-planton-en-san-lazaro-en-demanda-de-presupuesto","status":"publish","type":"post","link":"https:\/\/www.diarioimagen.net\/?p=450376","title":{"rendered":"Mantienen alcaldes del PRD plant\u00f3n en San L\u00e1zaro en demanda de presupuesto"},"content":{"rendered":"<ul>\n<li><strong><em>Portuguez Fuentes pide revisar reglas del Fortaseg<\/em><\/strong><\/li>\n<\/ul>\n<p>&nbsp;<\/p>\n<div id=\"attachment_450462\" style=\"width: 470px\" class=\"wp-caption aligncenter\"><a href=\"https:\/\/www.diarioimagen.net\/?attachment_id=450462\" rel=\"attachment wp-att-450462\"><img loading=\"lazy\" decoding=\"async\" aria-describedby=\"caption-attachment-450462\" class=\"size-large wp-image-450462\" src=\"https:\/\/www.diarioimagen.net\/wp-content\/uploads\/2019\/11\/TULTEPEC-460x259.jpg\" alt=\"\" width=\"460\" height=\"259\" srcset=\"https:\/\/www.diarioimagen.net\/wp-content\/uploads\/2019\/11\/TULTEPEC-460x259.jpg 460w, https:\/\/www.diarioimagen.net\/wp-content\/uploads\/2019\/11\/TULTEPEC-240x135.jpg 240w, https:\/\/www.diarioimagen.net\/wp-content\/uploads\/2019\/11\/TULTEPEC-235x132.jpg 235w, https:\/\/www.diarioimagen.net\/wp-content\/uploads\/2019\/11\/TULTEPEC-202x114.jpg 202w, https:\/\/www.diarioimagen.net\/wp-content\/uploads\/2019\/11\/TULTEPEC-350x196.jpg 350w, https:\/\/www.diarioimagen.net\/wp-content\/uploads\/2019\/11\/TULTEPEC-220x123.jpg 220w, https:\/\/www.diarioimagen.net\/wp-content\/uploads\/2019\/11\/TULTEPEC-237x132.jpg 237w, https:\/\/www.diarioimagen.net\/wp-content\/uploads\/2019\/11\/TULTEPEC.jpg 480w\" sizes=\"auto, (max-width: 460px) 100vw, 460px\" \/><\/a><p id=\"caption-attachment-450462\" class=\"wp-caption-text\">El alcalde de Tultepec, Armando Portuguez, desmiente que haya una recuperaci\u00f3n de recursos para los municipios.<\/p><\/div>\n<p>&nbsp;<\/p>\n<p><strong>Tultepec, Estado de M\u00e9xico<\/strong>.- Armando Portuguez Fuentes, Presidente Municipal de Tultepec, desmiente que haya una recuperaci\u00f3n de recursos para los municipios, dado que descontando la inflaci\u00f3n esperada para 2020, el aumento es de 0.2 por ciento, es decir, un aumento muy marginal.<\/p>\n<p>Explic\u00f3 que lo \u00fanico que se ha logrado hasta el momento es que la propuesta original de 919,854.8 millones de pesos para el a\u00f1o 2020, haya pasado a 951,454.8; lo que representa un aumento nominal de s\u00f3lo el 3.2 por ciento, pero constituye s\u00f3lo ese 0.2 por ciento en t\u00e9rminos reales, una vez descontada la inflaci\u00f3n \u201cmuy poco significativo\u201d. Ante esta situaci\u00f3n se tom\u00f3 la decisi\u00f3n de mantener el plant\u00f3n en las inmediaciones de San L\u00e1zaro, junto con otros municipios emanados del mismo instituto pol\u00edtico al que \u00e9l representa, en demanda de que en verdad se genere un Fondo de Infraestructura Municipal espec\u00edfico para 2020.<\/p>\n<p>De igual manera, el alcalde exigi\u00f3 revisar las reglas de operaci\u00f3n del Fortaseg, toda vez que siendo un municipio metropolitano y con m\u00e1s de 150 mil habitantes, \u201cpor criterios pol\u00edticos y no t\u00e9cnicos, en el presente a\u00f1o 2019, el municipio dej\u00f3 de acceder el subsidio y para 2020 tampoco hay buenas se\u00f1ales al respecto.<\/p>\n<p>\u201cEs imposible justificar t\u00e9cnicamente que municipios con mucho menor poblaci\u00f3n e incidencia delictiva, est\u00e9n recibiendo recursos del Fortaseg y bajo el argumento de que Tultepec no presenta \u00edndices delictivos altos, se deje fuera de ese beneficio\u201d, dijo.<\/p>\n<p>Finalmente, Armando Portuguez Fuentes explic\u00f3 que, en este a\u00f1o de 2019, Tultepec dej\u00f3 de recibir m\u00e1s de 70 millones de pesos que en promedio hab\u00eda ejercido del ramo 23, directamente para obras de infraestructura.<\/p>\n<p>El presidente municipal de Tultepec se mantiene en plant\u00f3n permanente frente a la C\u00e1mara de Diputados Federal junto con otros alcaldes de Michoac\u00e1n en demanda de mayores recursos para sus municipios.<\/p>\n","protected":false},"excerpt":{"rendered":"<p>Armando Portuguez Fuentes, Presidente Municipal de Tultepec, desmiente que haya una recuperaci\u00f3n de recursos para los municipios, dado que descontando la inflaci\u00f3n esperada para 2020, el aumento es de 0.2 por ciento, es decir, un aumento muy marginal.<\/p>\n","protected":false},"author":3,"featured_media":450462,"comment_status":"open","ping_status":"open","sticky":false,"template":"","format":"standard","meta":{"_monsterinsights_skip_tracking":false,"_monsterinsights_sitenote_active":false,"_monsterinsights_sitenote_note":"","_monsterinsights_sitenote_category":0,"footnotes":""},"categories":[5],"tags":[50574,43675,115,3802],"class_list":["post-450376","post","type-post","status-publish","format-standard","has-post-thumbnail","hentry","category-estado-de-mexico","tag-armando-portuguez-fuentes","tag-estado-de-mexico","tag-san-lazaro","tag-tultepec"],"_links":{"self":[{"href":"https:\/\/www.diarioimagen.net\/index.php?rest_route=\/wp\/v2\/posts\/450376","targetHints":{"allow":["GET"]}}],"collection":[{"href":"https:\/\/www.diarioimagen.net\/index.php?rest_route=\/wp\/v2\/posts"}],"about":[{"href":"https:\/\/www.diarioimagen.net\/index.php?rest_route=\/wp\/v2\/types\/post"}],"author":[{"embeddable":true,"href":"https:\/\/www.diarioimagen.net\/index.php?rest_route=\/wp\/v2\/users\/3"}],"replies":[{"embeddable":true,"href":"https:\/\/www.diarioimagen.net\/index.php?rest_route=%2Fwp%2Fv2%2Fcomments&post=450376"}],"version-history":[{"count":0,"href":"https:\/\/www.diarioimagen.net\/index.php?rest_route=\/wp\/v2\/posts\/450376\/revisions"}],"wp:featuredmedia":[{"embeddable":true,"href":"https:\/\/www.diarioimagen.net\/index.php?rest_route=\/wp\/v2\/media\/450462"}],"wp:attachment":[{"href":"https:\/\/www.diarioimagen.net\/index.php?rest_route=%2Fwp%2Fv2%2Fmedia&parent=450376"}],"wp:term":[{"taxonomy":"category","embeddable":true,"href":"https:\/\/www.diarioimagen.net\/index.php?rest_route=%2Fwp%2Fv2%2Fcategories&post=450376"},{"taxonomy":"post_tag","embeddable":true,"href":"https:\/\/www.diarioimagen.net\/index.php?rest_route=%2Fwp%2Fv2%2Ftags&post=450376"}],"curies":[{"name":"wp","href":"https:\/\/api.w.org\/{rel}","templated":true}]}}