{"id":450378,"date":"2019-11-15T00:02:49","date_gmt":"2019-11-15T06:02:49","guid":{"rendered":"https:\/\/www.diarioimagen.net\/?p=450378"},"modified":"2019-11-15T03:47:18","modified_gmt":"2019-11-15T09:47:18","slug":"dan-servicios-totalmente-gratuitos-de-orientacion-juridica-en-cuautitlan","status":"publish","type":"post","link":"https:\/\/www.diarioimagen.net\/?p=450378","title":{"rendered":"Dan servicios totalmente gratuitos de orientaci\u00f3n jur\u00eddica en Cuautitl\u00e1n"},"content":{"rendered":"<ul>\n<li><strong><em>Convenio con el Instituto de la Defensor\u00eda P\u00fablica<\/em><\/strong><\/li>\n<\/ul>\n<p>&nbsp;<\/p>\n<div id=\"attachment_450465\" style=\"width: 470px\" class=\"wp-caption aligncenter\"><a href=\"https:\/\/www.diarioimagen.net\/?attachment_id=450465\" rel=\"attachment wp-att-450465\"><img loading=\"lazy\" decoding=\"async\" aria-describedby=\"caption-attachment-450465\" class=\"size-large wp-image-450465\" src=\"https:\/\/www.diarioimagen.net\/wp-content\/uploads\/2019\/11\/CUAUTITL\u00c1N-2-460x259.jpg\" alt=\"\" width=\"460\" height=\"259\" srcset=\"https:\/\/www.diarioimagen.net\/wp-content\/uploads\/2019\/11\/CUAUTITL\u00c1N-2-460x259.jpg 460w, https:\/\/www.diarioimagen.net\/wp-content\/uploads\/2019\/11\/CUAUTITL\u00c1N-2-240x135.jpg 240w, https:\/\/www.diarioimagen.net\/wp-content\/uploads\/2019\/11\/CUAUTITL\u00c1N-2-235x132.jpg 235w, https:\/\/www.diarioimagen.net\/wp-content\/uploads\/2019\/11\/CUAUTITL\u00c1N-2-202x114.jpg 202w, https:\/\/www.diarioimagen.net\/wp-content\/uploads\/2019\/11\/CUAUTITL\u00c1N-2-350x196.jpg 350w, https:\/\/www.diarioimagen.net\/wp-content\/uploads\/2019\/11\/CUAUTITL\u00c1N-2-220x123.jpg 220w, https:\/\/www.diarioimagen.net\/wp-content\/uploads\/2019\/11\/CUAUTITL\u00c1N-2-237x132.jpg 237w, https:\/\/www.diarioimagen.net\/wp-content\/uploads\/2019\/11\/CUAUTITL\u00c1N-2.jpg 480w\" sizes=\"auto, (max-width: 460px) 100vw, 460px\" \/><\/a><p id=\"caption-attachment-450465\" class=\"wp-caption-text\">La primera jornada de defensor\u00eda p\u00fablica se realiz\u00f3 en el m\u00f3dulo instalado en el edificio A del Palacio Municipal de Cuautitl\u00e1n.<\/p><\/div>\n<p>&nbsp;<\/p>\n<p><strong>Cuautitl\u00e1n, Estado de M\u00e9xico<\/strong>.- Con la firma del convenio de colaboraci\u00f3n entre el Ayuntamiento de Cuautitl\u00e1n y el Instituto de la Defensor\u00eda P\u00fablica del Estado de M\u00e9xico, se hace posible otorgar servicios totalmente gratuitos de orientaci\u00f3n jur\u00eddica en el municipio, lo que evitar\u00e1 que se trasladen hasta a la Direcci\u00f3n Regional en Tlalnepantla para realizar sus tr\u00e1mites.<\/p>\n<p>Al poner en marcha la primera jornada de defensor\u00eda p\u00fablica que se realiz\u00f3 en el m\u00f3dulo instalado en el edificio A del Palacio Municipal, las personas que requieran de asesor\u00eda y orientaci\u00f3n jur\u00eddica gratuita en diversas materias podr\u00e1n contar con la informaci\u00f3n suficiente que les permita conocer las posibles soluciones a sus problemas jur\u00eddicos a trav\u00e9s de la opini\u00f3n t\u00e9cnica de las y los Defensores P\u00fablicos sin la necesidad de acudir a otro municipio.<\/p>\n<p>De manera peri\u00f3dica el personal de la dependencia dar\u00e1 asesor\u00eda en materia: civil, familiar, mercantil, penal, orientaciones agrarias y laborales totalmente gratuitas.<\/p>\n<p>La encargada del programa de defensor\u00eda destac\u00f3 que debido a los problemas que surgen dentro de las familias, el mayor n\u00famero de consultas solicitadas son en materia familiar por la necesidad de contar con los tr\u00e1mites de divorcio, guarda y custodia, pensi\u00f3n alimenticia, entre otros, adem\u00e1s en el caso de amparo tambi\u00e9n puede intervenir, destac\u00f3.<\/p>\n<p>Los servicios que ofrece el Instituto de la Defensor\u00eda P\u00fablica del Estado de M\u00e9xico a trav\u00e9s de este m\u00f3dulo, se suma a la atenci\u00f3n que el Instituto Mexiquense de la Vivienda Social brinda cada quince d\u00edas por lo que el gobierno de Cuautitl\u00e1n continuar\u00e1 acercando a las dependencias federales y estatales para la realizaci\u00f3n de tr\u00e1mites y servicios en beneficio de la poblaci\u00f3n.<\/p>\n","protected":false},"excerpt":{"rendered":"<p>Con la firma del convenio de colaboraci\u00f3n entre el Ayuntamiento de Cuautitl\u00e1n y el Instituto de la Defensor\u00eda P\u00fablica del Estado de M\u00e9xico, se hace posible otorgar servicios totalmente gratuitos de orientaci\u00f3n jur\u00eddica en el municipio, lo que evitar\u00e1 que se trasladen hasta a la Direcci\u00f3n Regional en Tlalnepantla para realizar sus tr\u00e1mites.<\/p>\n","protected":false},"author":3,"featured_media":450465,"comment_status":"open","ping_status":"open","sticky":false,"template":"","format":"standard","meta":{"_monsterinsights_skip_tracking":false,"_monsterinsights_sitenote_active":false,"_monsterinsights_sitenote_note":"","_monsterinsights_sitenote_category":0,"footnotes":""},"categories":[5],"tags":[21330,681,43675,88709,63113,88710],"class_list":["post-450378","post","type-post","status-publish","format-standard","has-post-thumbnail","hentry","category-estado-de-mexico","tag-colaboracion","tag-cuautitlan","tag-estado-de-mexico","tag-juridica","tag-orientacion","tag-orientacion-juridica"],"_links":{"self":[{"href":"https:\/\/www.diarioimagen.net\/index.php?rest_route=\/wp\/v2\/posts\/450378","targetHints":{"allow":["GET"]}}],"collection":[{"href":"https:\/\/www.diarioimagen.net\/index.php?rest_route=\/wp\/v2\/posts"}],"about":[{"href":"https:\/\/www.diarioimagen.net\/index.php?rest_route=\/wp\/v2\/types\/post"}],"author":[{"embeddable":true,"href":"https:\/\/www.diarioimagen.net\/index.php?rest_route=\/wp\/v2\/users\/3"}],"replies":[{"embeddable":true,"href":"https:\/\/www.diarioimagen.net\/index.php?rest_route=%2Fwp%2Fv2%2Fcomments&post=450378"}],"version-history":[{"count":0,"href":"https:\/\/www.diarioimagen.net\/index.php?rest_route=\/wp\/v2\/posts\/450378\/revisions"}],"wp:featuredmedia":[{"embeddable":true,"href":"https:\/\/www.diarioimagen.net\/index.php?rest_route=\/wp\/v2\/media\/450465"}],"wp:attachment":[{"href":"https:\/\/www.diarioimagen.net\/index.php?rest_route=%2Fwp%2Fv2%2Fmedia&parent=450378"}],"wp:term":[{"taxonomy":"category","embeddable":true,"href":"https:\/\/www.diarioimagen.net\/index.php?rest_route=%2Fwp%2Fv2%2Fcategories&post=450378"},{"taxonomy":"post_tag","embeddable":true,"href":"https:\/\/www.diarioimagen.net\/index.php?rest_route=%2Fwp%2Fv2%2Ftags&post=450378"}],"curies":[{"name":"wp","href":"https:\/\/api.w.org\/{rel}","templated":true}]}}