{"id":450380,"date":"2019-11-15T00:01:30","date_gmt":"2019-11-15T06:01:30","guid":{"rendered":"https:\/\/www.diarioimagen.net\/?p=450380"},"modified":"2019-11-15T03:48:08","modified_gmt":"2019-11-15T09:48:08","slug":"tlalnepantla-pagara-aguinaldos-en-tiempo-y-forma","status":"publish","type":"post","link":"https:\/\/www.diarioimagen.net\/?p=450380","title":{"rendered":"Tlalnepantla pagar\u00e1 aguinaldos en tiempo y forma"},"content":{"rendered":"<p><a href=\"https:\/\/www.diarioimagen.net\/?attachment_id=450468\" rel=\"attachment wp-att-450468\"><img loading=\"lazy\" decoding=\"async\" class=\"aligncenter size-large wp-image-450468\" src=\"https:\/\/www.diarioimagen.net\/wp-content\/uploads\/2019\/11\/TLALNEPANTLA-15-460x259.jpg\" alt=\"\" width=\"460\" height=\"259\" srcset=\"https:\/\/www.diarioimagen.net\/wp-content\/uploads\/2019\/11\/TLALNEPANTLA-15-460x259.jpg 460w, https:\/\/www.diarioimagen.net\/wp-content\/uploads\/2019\/11\/TLALNEPANTLA-15-240x135.jpg 240w, https:\/\/www.diarioimagen.net\/wp-content\/uploads\/2019\/11\/TLALNEPANTLA-15-235x132.jpg 235w, https:\/\/www.diarioimagen.net\/wp-content\/uploads\/2019\/11\/TLALNEPANTLA-15-202x114.jpg 202w, https:\/\/www.diarioimagen.net\/wp-content\/uploads\/2019\/11\/TLALNEPANTLA-15-350x196.jpg 350w, https:\/\/www.diarioimagen.net\/wp-content\/uploads\/2019\/11\/TLALNEPANTLA-15-220x123.jpg 220w, https:\/\/www.diarioimagen.net\/wp-content\/uploads\/2019\/11\/TLALNEPANTLA-15-237x132.jpg 237w, https:\/\/www.diarioimagen.net\/wp-content\/uploads\/2019\/11\/TLALNEPANTLA-15.jpg 480w\" sizes=\"auto, (max-width: 460px) 100vw, 460px\" \/><\/a><\/p>\n<p>&nbsp;<\/p>\n<p><strong>Tlalnepantla, Estado de M\u00e9xico<\/strong><strong>.- <\/strong>El gobierno de Tlalnepantla pagar\u00e1 en tiempo y forma las prestaciones de fin de a\u00f1o a los trabajadores de la Administraci\u00f3n Municipal, adem\u00e1s de tener un ahorro de 115 millones de pesos que se invertir\u00e1n en obra p\u00fablica, como resultado del buen manejo de las finanzas, se\u00f1al\u00f3 Raciel P\u00e9rez Cruz, Presidente Municipal.<\/p>\n<p>Ricardo Santos Arreola, Tesorero Municipal dijo que se pagar\u00e1 el aguinaldo con recursos municipales, derivado de la planeaci\u00f3n y la disciplina financiera, razones por las que Tlalnepantla recibi\u00f3 el Reconocimiento al Esfuerzo Hacendario Municipal \u201cJos\u00e9 Mar\u00eda Morelos y Pav\u00f3n 2019\u201d, que otorga el Instituto Hacendario del Estado de M\u00e9xico (IHAEM).<\/p>\n","protected":false},"excerpt":{"rendered":"<p>El gobierno de Tlalnepantla pagar\u00e1 en tiempo y forma las prestaciones de fin de a\u00f1o a los trabajadores de la Administraci\u00f3n Municipal, adem\u00e1s de tener un ahorro de 115 millones de pesos que se invertir\u00e1n en obra p\u00fablica, como resultado del buen manejo de las finanzas, se\u00f1al\u00f3 Raciel P\u00e9rez Cruz, Presidente Municipal.<\/p>\n","protected":false},"author":3,"featured_media":450468,"comment_status":"open","ping_status":"open","sticky":false,"template":"","format":"standard","meta":{"_monsterinsights_skip_tracking":false,"_monsterinsights_sitenote_active":false,"_monsterinsights_sitenote_note":"","_monsterinsights_sitenote_category":0,"footnotes":""},"categories":[5],"tags":[43675,87388,15698,169],"class_list":["post-450380","post","type-post","status-publish","format-standard","has-post-thumbnail","hentry","category-estado-de-mexico","tag-estado-de-mexico","tag-forma","tag-tiempo","tag-tlalnepantla"],"_links":{"self":[{"href":"https:\/\/www.diarioimagen.net\/index.php?rest_route=\/wp\/v2\/posts\/450380","targetHints":{"allow":["GET"]}}],"collection":[{"href":"https:\/\/www.diarioimagen.net\/index.php?rest_route=\/wp\/v2\/posts"}],"about":[{"href":"https:\/\/www.diarioimagen.net\/index.php?rest_route=\/wp\/v2\/types\/post"}],"author":[{"embeddable":true,"href":"https:\/\/www.diarioimagen.net\/index.php?rest_route=\/wp\/v2\/users\/3"}],"replies":[{"embeddable":true,"href":"https:\/\/www.diarioimagen.net\/index.php?rest_route=%2Fwp%2Fv2%2Fcomments&post=450380"}],"version-history":[{"count":0,"href":"https:\/\/www.diarioimagen.net\/index.php?rest_route=\/wp\/v2\/posts\/450380\/revisions"}],"wp:featuredmedia":[{"embeddable":true,"href":"https:\/\/www.diarioimagen.net\/index.php?rest_route=\/wp\/v2\/media\/450468"}],"wp:attachment":[{"href":"https:\/\/www.diarioimagen.net\/index.php?rest_route=%2Fwp%2Fv2%2Fmedia&parent=450380"}],"wp:term":[{"taxonomy":"category","embeddable":true,"href":"https:\/\/www.diarioimagen.net\/index.php?rest_route=%2Fwp%2Fv2%2Fcategories&post=450380"},{"taxonomy":"post_tag","embeddable":true,"href":"https:\/\/www.diarioimagen.net\/index.php?rest_route=%2Fwp%2Fv2%2Ftags&post=450380"}],"curies":[{"name":"wp","href":"https:\/\/api.w.org\/{rel}","templated":true}]}}