{"id":450402,"date":"2019-11-15T00:03:37","date_gmt":"2019-11-15T06:03:37","guid":{"rendered":"https:\/\/www.diarioimagen.net\/?p=450402"},"modified":"2019-11-18T01:41:59","modified_gmt":"2019-11-18T07:41:59","slug":"malinche-viva","status":"publish","type":"post","link":"https:\/\/www.diarioimagen.net\/?p=450402","title":{"rendered":"\u201cMalinche\u201d viva"},"content":{"rendered":"<h2>Perfiles de M\u00e9xico<\/h2>\n<h5>Armando R\u00edos Ruiz<\/h5>\n<p>&nbsp;<\/p>\n<p>Qui\u00e9n fuera extranjero y vivir en M\u00e9xico. Cu\u00e1ntos mexicanos no quisieran ser vistos como visitantes de otros pa\u00edses, para obtener de nuestros compatriotas y principalmente de nuestro gobierno, todas las atenciones, toda la admiraci\u00f3n por el hecho de no haber nacido aqu\u00ed; la adulaci\u00f3n excesiva que hasta insulta, s\u00f3lo porque muchos mexicanos creen que los no natos en territorio nacional, son forzosamente superiores.<\/p>\n<p>Esa condici\u00f3n se ha exacerbado en el presente gobierno, que parece vivir en el intento de convertirse en l\u00edder de Am\u00e9rica Latina, con el trato prodigado a los visitantes, sobre todo cuando cuentan con el pedigr\u00ed comprado en la funci\u00f3n p\u00fablica, que los transforma visiblemente en seres privilegiados por una mano secreta, que se pos\u00f3 en ellos porque son elegidos del mismo Creador.<\/p>\n<p>Esto, muy a pesar de quitarle prerrogativas a nuestros propios paisanos, ganadas en luchas fratricidas y contra los invasores, en medio de charcos inmensos de sangre derramada. Que ofrendaron sus vidas en aras de dejar a las generaciones posteriores un M\u00e9xico mejor que el que ellos habitaron.<\/p>\n<p>Qui\u00e9n fuera extranjero para recibir la bendici\u00f3n de \u201cLa Malinche\u201d. Sus caricias y sus mieles. Su coraz\u00f3n amoroso y sus favores.<\/p>\n<p>El \u201cinsigne\u201d Gerardo Fern\u00e1ndez Noro\u00f1a, seguramente el diputado m\u00e1s fino del redil morenista, tuvo la feliz ocurrencia de hacer una \u201cvaca\u201d para asignarle un sueldo a nuestro distinguido asilado, el hasta hace unos d\u00edas presidente de Bolivia, Evo Morales, de 500 pesos por cada miembro de su bancada, que sumar\u00edan 159 mil 500 pesos cada mes.<\/p>\n<p>Obviamente, todos los legisladores de ese partido se volvieron locos con el arribo a M\u00e9xico del boliviano y ahora, adem\u00e1s de casa y toda la manutenci\u00f3n que implica su estancia, le dar\u00e1n un sueldo que \u201cni Obama tiene\u201d. De la noche a la ma\u00f1ana, de intentar un fraude para continuar como presidente de su pa\u00eds, se convierte en una especie de ungido en el nuestro.<\/p>\n<p>Pero el sueldo podr\u00eda mejorar bastante si los 500 diputados apoyan la idea de Fern\u00e1ndez Noro\u00f1a. Entonces podr\u00eda disponer de 250 mil pesos mensuales para sus distracciones, para su ropa y para otros menesteres.<\/p>\n<p>No importa cu\u00e1nto se junte con la aportaci\u00f3n de todos. No importa que sobrepase el salario del mismo Presidente mexicano. Parece que se trata de un semi Dios. De un ser infinitamente superior a todos nuestros cong\u00e9neres, que merece eso y m\u00e1s. L\u00e1stima que los representantes populares de otros partidos no est\u00e9n en su misma frecuencia.<\/p>\n<p>Qui\u00e9n fuera extranjero para disfrutar de 90 millones de d\u00f3lares que M\u00e9xico destinar\u00e1 a Centroam\u00e9rica para impulsar este territorio en aspectos sociales, econ\u00f3micos y otros, que, por cierto, mucha falta hacen aqu\u00ed para comprar medicamentos, para destinarlos al desarrollo del campo, de la industria de la construcci\u00f3n en ruina y en miles de necesidades que hemos comenzado a padecer.<\/p>\n<p>M\u00e9xico no est\u00e1 exento de miseria. Se sabe que aqu\u00ed viven casi 60 millones de personas muy pobres, con la \u00fanica esperanza de recibir dos mil 500 pesos cada bimestre, de un gobierno compadecido, que ataca sin resultados la ra\u00edz de la delincuencia, pero que lucha por la transformaci\u00f3n de nuestro territorio en un pueblo de menesterosos.<\/p>\n<p>Evo Morales no solo encontr\u00f3 finalmente el para\u00edso. Seguramente, de haberlo sabido, hace a\u00f1os que hubiera renunciado a la presidencia. Pero todo llega a su tiempo. Tambi\u00e9n en otro momento, seguramente no hubiera tenido un trato tan distinguido. Dios sabe lo que hace. Su momento es ahora.<\/p>\n<p>Cuentan que tuvo una ni\u00f1ez y parte de su juventud precarias. Sus padres eran muy pobres. Dicen tambi\u00e9n que la presidencia de su pa\u00eds lo transform\u00f3. Lo convirti\u00f3 en un hombre acaudalado. A pesar de esto, la vaca ya est\u00e1 echada.<\/p>\n<p><a href=\"mailto:ariosruiz@gmail.com\" target=\"_blank\" rel=\"noopener noreferrer\"><em>ariosruiz@gmail.com<\/em><\/a><\/p>\n","protected":false},"excerpt":{"rendered":"<p><span style=\"color: #005497;\"><strong>Armando R\u00edos Ruiz<\/strong><\/span><\/p>\n","protected":false},"author":3,"featured_media":0,"comment_status":"open","ping_status":"open","sticky":false,"template":"","format":"standard","meta":{"_monsterinsights_skip_tracking":false,"_monsterinsights_sitenote_active":false,"_monsterinsights_sitenote_note":"","_monsterinsights_sitenote_category":0,"footnotes":""},"categories":[88405],"tags":[88407,43674,88406],"class_list":["post-450402","post","type-post","status-publish","format-standard","hentry","category-armando-rios-ruiz","tag-armando-rios-ruiz","tag-opinion","tag-perfiles-de-mexico"],"_links":{"self":[{"href":"https:\/\/www.diarioimagen.net\/index.php?rest_route=\/wp\/v2\/posts\/450402","targetHints":{"allow":["GET"]}}],"collection":[{"href":"https:\/\/www.diarioimagen.net\/index.php?rest_route=\/wp\/v2\/posts"}],"about":[{"href":"https:\/\/www.diarioimagen.net\/index.php?rest_route=\/wp\/v2\/types\/post"}],"author":[{"embeddable":true,"href":"https:\/\/www.diarioimagen.net\/index.php?rest_route=\/wp\/v2\/users\/3"}],"replies":[{"embeddable":true,"href":"https:\/\/www.diarioimagen.net\/index.php?rest_route=%2Fwp%2Fv2%2Fcomments&post=450402"}],"version-history":[{"count":0,"href":"https:\/\/www.diarioimagen.net\/index.php?rest_route=\/wp\/v2\/posts\/450402\/revisions"}],"wp:attachment":[{"href":"https:\/\/www.diarioimagen.net\/index.php?rest_route=%2Fwp%2Fv2%2Fmedia&parent=450402"}],"wp:term":[{"taxonomy":"category","embeddable":true,"href":"https:\/\/www.diarioimagen.net\/index.php?rest_route=%2Fwp%2Fv2%2Fcategories&post=450402"},{"taxonomy":"post_tag","embeddable":true,"href":"https:\/\/www.diarioimagen.net\/index.php?rest_route=%2Fwp%2Fv2%2Ftags&post=450402"}],"curies":[{"name":"wp","href":"https:\/\/api.w.org\/{rel}","templated":true}]}}