{"id":450519,"date":"2019-11-18T00:03:53","date_gmt":"2019-11-18T06:03:53","guid":{"rendered":"https:\/\/www.diarioimagen.net\/?p=450519"},"modified":"2019-11-18T23:19:26","modified_gmt":"2019-11-19T05:19:26","slug":"el-tren-maya-estara-listo-en-4-anos-asegura-lopez-obrador","status":"publish","type":"post","link":"https:\/\/www.diarioimagen.net\/?p=450519","title":{"rendered":"El Tren Maya estar\u00e1 listo en 4 a\u00f1os, asegura L\u00f3pez Obrador"},"content":{"rendered":"<ul>\n<li><em><strong>Consulta ind\u00edgena definir\u00e1 desarrollo del sureste<\/strong><\/em><\/li>\n<li><em><strong>El ferrocarril tendr\u00e1 una extensi\u00f3n de casi mil 500 kms, con 15 estaciones<\/strong><\/em><\/li>\n<\/ul>\n<h6>Jos\u00e9 Luis Monta\u00f1ez<\/h6>\n<p>&nbsp;<\/p>\n<p><a href=\"https:\/\/www.diarioimagen.net\/?attachment_id=450621\" rel=\"attachment wp-att-450621\"><img loading=\"lazy\" decoding=\"async\" class=\"aligncenter size-large wp-image-450621\" src=\"https:\/\/www.diarioimagen.net\/wp-content\/uploads\/2019\/11\/Conferencia-460x259.jpg\" alt=\"\" width=\"460\" height=\"259\" srcset=\"https:\/\/www.diarioimagen.net\/wp-content\/uploads\/2019\/11\/Conferencia-460x259.jpg 460w, https:\/\/www.diarioimagen.net\/wp-content\/uploads\/2019\/11\/Conferencia-240x135.jpg 240w, https:\/\/www.diarioimagen.net\/wp-content\/uploads\/2019\/11\/Conferencia-235x132.jpg 235w, https:\/\/www.diarioimagen.net\/wp-content\/uploads\/2019\/11\/Conferencia-202x114.jpg 202w, https:\/\/www.diarioimagen.net\/wp-content\/uploads\/2019\/11\/Conferencia-350x196.jpg 350w, https:\/\/www.diarioimagen.net\/wp-content\/uploads\/2019\/11\/Conferencia-220x123.jpg 220w, https:\/\/www.diarioimagen.net\/wp-content\/uploads\/2019\/11\/Conferencia-237x132.jpg 237w, https:\/\/www.diarioimagen.net\/wp-content\/uploads\/2019\/11\/Conferencia.jpg 480w\" sizes=\"auto, (max-width: 460px) 100vw, 460px\" \/><\/a><\/p>\n<p>&nbsp;<\/p>\n<p>La construcci\u00f3n del Tren Maya finalizar\u00e1 a m\u00e1s tardar en tres o cuatro a\u00f1os y depender\u00e1 \u201cde lo que la gente decida sobre este asunto\u201d, luego de la convocatoria que se anunci\u00f3 oficialmente el pasado viernes y que fue firmada por el presidente Andr\u00e9s Manuel L\u00f3pez Obrador en idioma castellano y maya.<\/p>\n<p>Este proyecto generar\u00e1 un desarrollo integral del sureste de M\u00e9xico, regi\u00f3n que, afirm\u00f3 el Presidente, se qued\u00f3 rezagada en el periodo neoliberal y decreci\u00f3 en los \u00faltimos 36 a\u00f1os, cuando cuenta con mucho potencial y recursos.<\/p>\n<p>El tren tendr\u00e1 una extensi\u00f3n de mil 460 kil\u00f3metros, con 15 estaciones que prestar\u00e1n servicios de transporte de pasajeros locales, turismo y carga, y alcanzar\u00e1 velocidades m\u00e1ximas de 160 kil\u00f3metros por hora para los pasajeros y de 120 kil\u00f3metros por hora para transporte de carga.<\/p>\n<p>El presidente dijo que el Tren Maya es una oportunidad para saldar la deuda hist\u00f3rica con la regi\u00f3n y priorizar el bienestar de la poblaci\u00f3n, con la generaci\u00f3n de empleos y riqueza.<\/p>\n<p>Se inform\u00f3 que la obra tendr\u00e1 uso de derechos de v\u00eda existentes, como l\u00edneas f\u00e9rreas, l\u00edneas de transmisi\u00f3n el\u00e9ctrica y carreteras, y beneficiar\u00e1 a una poblaci\u00f3n de 12 millones de habitantes en los estados de Chiapas, Tabasco, Campeche, Yucat\u00e1n y Quintana Roo, y a 17 de millones de turistas al a\u00f1o.<\/p>\n<p>Para el ordenamiento territorial, se llevar\u00e1n a cabo los procesos de planeaci\u00f3n con participaci\u00f3n ciudadana, se privilegiar\u00e1 el respeto al medio ambiente y la inclusi\u00f3n social.<\/p>\n<p>Adem\u00e1s de que se promover\u00e1 un modelo de desarrollo territorial equilibrado y sostenible para conectar a las comunidades, se garantizar\u00e1 el derecho al espacio p\u00fablico y a la movilidad y se generar\u00e1n oportunidades equitativas para las comunidades.<\/p>\n<p>En el tema de medio ambiente, se aplicar\u00e1n programas como Sembrando Vida, se proteger\u00e1 la fauna y los corredores biol\u00f3gicos, se proteger\u00e1n los recursos h\u00eddricos y acu\u00edferos, en particular cenotes y r\u00edos subterr\u00e1neos, adem\u00e1s de que se respetar\u00e1n las reservas ambientales y se implementar\u00e1n sistemas de alerta sobre la v\u00eda para la protecci\u00f3n de la fauna.<\/p>\n<p>En lo que se refiere al desarrollo econ\u00f3mico, se integrar\u00e1 a las comunidades a cadenas productivas y se generar\u00e1 valor agregado a sus productos, se incorporar\u00e1 a peque\u00f1os productores del campo a nuevos mercados.<\/p>\n<p>Asimismo, se reducir\u00e1n los costos de transportaci\u00f3n, se aumentar\u00e1 la conectividad digital, se facilitar\u00e1 el acceso a los mercados laborales y se generar\u00e1n nuevas oportunidades econ\u00f3micas.<\/p>\n<p>El proyecto se compromete tambi\u00e9n a respetar y promover las tradiciones y expresiones que identifican a los pueblos originarios, facilitar el acceso a m\u00faltiples zonas arqueol\u00f3gicas y poblaciones de valor tur\u00edstico, impulsar la creaci\u00f3n de rutas gastron\u00f3micas y artesanales, promover pr\u00e1cticas sustentables y formas alternativas de turismo y redistribuir los flujos tur\u00edsticos por toda la regi\u00f3n.<\/p>\n","protected":false},"excerpt":{"rendered":"<p><span style=\"color: #005497;\">Jos\u00e9 Luis Monta\u00f1ez<\/span><br \/>\n<br \/>\nLa construcci\u00f3n del Tren Maya finalizar\u00e1 a m\u00e1s tardar en tres o cuatro a\u00f1os y depender\u00e1 \u201cde lo que la gente decida sobre este asunto\u201d, luego de la convocatoria que se anunci\u00f3 oficialmente el pasado viernes y que fue firmada por el presidente Andr\u00e9s Manuel L\u00f3pez Obrador en idioma castellano y maya.<\/p>\n","protected":false},"author":3,"featured_media":450621,"comment_status":"open","ping_status":"open","sticky":false,"template":"","format":"standard","meta":{"_monsterinsights_skip_tracking":false,"_monsterinsights_sitenote_active":false,"_monsterinsights_sitenote_note":"","_monsterinsights_sitenote_category":0,"footnotes":""},"categories":[3],"tags":[17625,16619,43673,76415],"class_list":["post-450519","post","type-post","status-publish","format-standard","has-post-thumbnail","hentry","category-nacional","tag-construccion","tag-consulta","tag-nacional","tag-tren-maya"],"_links":{"self":[{"href":"https:\/\/www.diarioimagen.net\/index.php?rest_route=\/wp\/v2\/posts\/450519","targetHints":{"allow":["GET"]}}],"collection":[{"href":"https:\/\/www.diarioimagen.net\/index.php?rest_route=\/wp\/v2\/posts"}],"about":[{"href":"https:\/\/www.diarioimagen.net\/index.php?rest_route=\/wp\/v2\/types\/post"}],"author":[{"embeddable":true,"href":"https:\/\/www.diarioimagen.net\/index.php?rest_route=\/wp\/v2\/users\/3"}],"replies":[{"embeddable":true,"href":"https:\/\/www.diarioimagen.net\/index.php?rest_route=%2Fwp%2Fv2%2Fcomments&post=450519"}],"version-history":[{"count":0,"href":"https:\/\/www.diarioimagen.net\/index.php?rest_route=\/wp\/v2\/posts\/450519\/revisions"}],"wp:featuredmedia":[{"embeddable":true,"href":"https:\/\/www.diarioimagen.net\/index.php?rest_route=\/wp\/v2\/media\/450621"}],"wp:attachment":[{"href":"https:\/\/www.diarioimagen.net\/index.php?rest_route=%2Fwp%2Fv2%2Fmedia&parent=450519"}],"wp:term":[{"taxonomy":"category","embeddable":true,"href":"https:\/\/www.diarioimagen.net\/index.php?rest_route=%2Fwp%2Fv2%2Fcategories&post=450519"},{"taxonomy":"post_tag","embeddable":true,"href":"https:\/\/www.diarioimagen.net\/index.php?rest_route=%2Fwp%2Fv2%2Ftags&post=450519"}],"curies":[{"name":"wp","href":"https:\/\/api.w.org\/{rel}","templated":true}]}}