{"id":450553,"date":"2019-11-18T00:04:14","date_gmt":"2019-11-18T06:04:14","guid":{"rendered":"https:\/\/www.diarioimagen.net\/?p=450553"},"modified":"2019-11-18T05:50:06","modified_gmt":"2019-11-18T11:50:06","slug":"el-gobierno-de-naucalpan-lleva-campana-de-prevencion-a-escuelas","status":"publish","type":"post","link":"https:\/\/www.diarioimagen.net\/?p=450553","title":{"rendered":"El gobierno de Naucalpan lleva campa\u00f1a de prevenci\u00f3n a escuelas"},"content":{"rendered":"<ul>\n<li><strong><em>El \u201c1,2,3 Por Mi Salud\u201d<\/em><\/strong><\/li>\n<\/ul>\n<p>&nbsp;<\/p>\n<div id=\"attachment_450645\" style=\"width: 470px\" class=\"wp-caption aligncenter\"><a href=\"https:\/\/www.diarioimagen.net\/?attachment_id=450645\" rel=\"attachment wp-att-450645\"><img loading=\"lazy\" decoding=\"async\" aria-describedby=\"caption-attachment-450645\" class=\"size-large wp-image-450645\" src=\"https:\/\/www.diarioimagen.net\/wp-content\/uploads\/2019\/11\/NAUCALPAN-4-460x259.jpg\" alt=\"\" width=\"460\" height=\"259\" srcset=\"https:\/\/www.diarioimagen.net\/wp-content\/uploads\/2019\/11\/NAUCALPAN-4-460x259.jpg 460w, https:\/\/www.diarioimagen.net\/wp-content\/uploads\/2019\/11\/NAUCALPAN-4-240x135.jpg 240w, https:\/\/www.diarioimagen.net\/wp-content\/uploads\/2019\/11\/NAUCALPAN-4-235x132.jpg 235w, https:\/\/www.diarioimagen.net\/wp-content\/uploads\/2019\/11\/NAUCALPAN-4-202x114.jpg 202w, https:\/\/www.diarioimagen.net\/wp-content\/uploads\/2019\/11\/NAUCALPAN-4-350x196.jpg 350w, https:\/\/www.diarioimagen.net\/wp-content\/uploads\/2019\/11\/NAUCALPAN-4-220x123.jpg 220w, https:\/\/www.diarioimagen.net\/wp-content\/uploads\/2019\/11\/NAUCALPAN-4-237x132.jpg 237w, https:\/\/www.diarioimagen.net\/wp-content\/uploads\/2019\/11\/NAUCALPAN-4.jpg 480w\" sizes=\"auto, (max-width: 460px) 100vw, 460px\" \/><\/a><p id=\"caption-attachment-450645\" class=\"wp-caption-text\">IMAS, entreg\u00f3 648 tratamientos contra liendres y realiz\u00f3 9 tratamientos bucales a alumnos de la Escuela Primaria \u201cGeneral Manuel \u00c1vila Camacho\u201d.<\/p><\/div>\n<p>&nbsp;<\/p>\n<p><strong>Naucalpan, Estado de M\u00e9xico<\/strong>.- El Instituto Municipal de Atenci\u00f3n a la Salud (IMAS) entreg\u00f3 648 tratamientos contra liendres y realiz\u00f3 9 tratamientos bucales a alumnos de la Escuela Primaria \u201cGeneral Manuel \u00c1vila Camacho\u201d, como parte del programa 1,2,3 Por Mi Salud, el cual contempla la revisi\u00f3n y tratamiento de la pediculosis, caries y obesidad.<\/p>\n<p>El programa est\u00e1 enfocado a atender a alumnos de instituciones de nivel b\u00e1sico de la demarcaci\u00f3n para reducir los \u00edndices de contagio de liendres, brindar revisi\u00f3n bucal gratuita y asesor\u00eda nutricional, as\u00ed como ser canalizados, en caso de ser necesario, a la Cl\u00ednica de Especialidades del IMAS.<\/p>\n<p>El titular del IMAS, Eduardo V\u00e1zquez Celis, se\u00f1al\u00f3 que se trata de un programa preventivo y que no existen contagios masivos de piojos. Las acciones dieron inicio el 4 de noviembre y se han llevado a ocho escuelas.<\/p>\n<p>\u201cA 1,2,3 por mi Salud le hemos adicionado un plan para trabajar el problema de las caries y la alimentaci\u00f3n, porque la obesidad y las caries son otro problema que est\u00e1 sucediendo entre la infancia de Naucalpan y todo el pa\u00eds.<\/p>\n<p>\u201cEstos tres programas nos parecieron los m\u00e1s importantes, pero no los \u00fanicos. El motivo de estar aqu\u00ed es otorgar 648 shampoos para eliminar liendres. Esta es la octava escuela a la que acudimos, ya que este programa inici\u00f3 desde el 4 de noviembre, pero quisimos realizar la inauguraci\u00f3n aqu\u00ed, porque esta instituci\u00f3n fue la primera en solicitarnos asistencia\u201d, dijo el director del IMAS.<\/p>\n<p>V\u00e1zquez Celis inst\u00f3 a los padres de familia a no alertarse por la pediculosis, ya que no es solo cuesti\u00f3n de higiene, por lo que prevenir a trav\u00e9s de la revisi\u00f3n rutinaria ayudar\u00e1 a disminuir los \u00edndices de contagio.<\/p>\n<p>El programa 1,2,3 Por Mi Salud se realizar\u00e1 de forma permanente y se espera repartir 24 mil tratamientos contra liendres en escuelas p\u00fablicas y privadas de Naucalpan. Al evento tambi\u00e9n asisti\u00f3 la Segunda Regidora, Alexis Santos Garc\u00eda.<\/p>\n","protected":false},"excerpt":{"rendered":"<p>El Instituto Municipal de Atenci\u00f3n a la Salud (IMAS) entreg\u00f3 648 tratamientos contra liendres y realiz\u00f3 9 tratamientos bucales a alumnos de la Escuela Primaria \u201cGeneral Manuel \u00c1vila Camacho\u201d, como parte del programa 1,2,3 Por Mi Salud, el cual contempla la revisi\u00f3n y tratamiento de la pediculosis, caries y obesidad.<\/p>\n","protected":false},"author":3,"featured_media":450645,"comment_status":"open","ping_status":"open","sticky":false,"template":"","format":"standard","meta":{"_monsterinsights_skip_tracking":false,"_monsterinsights_sitenote_active":false,"_monsterinsights_sitenote_note":"","_monsterinsights_sitenote_category":0,"footnotes":""},"categories":[5],"tags":[207,43675,970,21732],"class_list":["post-450553","post","type-post","status-publish","format-standard","has-post-thumbnail","hentry","category-estado-de-mexico","tag-escuelas","tag-estado-de-mexico","tag-naucalpan","tag-prevencion"],"_links":{"self":[{"href":"https:\/\/www.diarioimagen.net\/index.php?rest_route=\/wp\/v2\/posts\/450553","targetHints":{"allow":["GET"]}}],"collection":[{"href":"https:\/\/www.diarioimagen.net\/index.php?rest_route=\/wp\/v2\/posts"}],"about":[{"href":"https:\/\/www.diarioimagen.net\/index.php?rest_route=\/wp\/v2\/types\/post"}],"author":[{"embeddable":true,"href":"https:\/\/www.diarioimagen.net\/index.php?rest_route=\/wp\/v2\/users\/3"}],"replies":[{"embeddable":true,"href":"https:\/\/www.diarioimagen.net\/index.php?rest_route=%2Fwp%2Fv2%2Fcomments&post=450553"}],"version-history":[{"count":0,"href":"https:\/\/www.diarioimagen.net\/index.php?rest_route=\/wp\/v2\/posts\/450553\/revisions"}],"wp:featuredmedia":[{"embeddable":true,"href":"https:\/\/www.diarioimagen.net\/index.php?rest_route=\/wp\/v2\/media\/450645"}],"wp:attachment":[{"href":"https:\/\/www.diarioimagen.net\/index.php?rest_route=%2Fwp%2Fv2%2Fmedia&parent=450553"}],"wp:term":[{"taxonomy":"category","embeddable":true,"href":"https:\/\/www.diarioimagen.net\/index.php?rest_route=%2Fwp%2Fv2%2Fcategories&post=450553"},{"taxonomy":"post_tag","embeddable":true,"href":"https:\/\/www.diarioimagen.net\/index.php?rest_route=%2Fwp%2Fv2%2Ftags&post=450553"}],"curies":[{"name":"wp","href":"https:\/\/api.w.org\/{rel}","templated":true}]}}