{"id":450559,"date":"2019-11-18T00:01:40","date_gmt":"2019-11-18T06:01:40","guid":{"rendered":"https:\/\/www.diarioimagen.net\/?p=450559"},"modified":"2019-11-18T05:57:35","modified_gmt":"2019-11-18T11:57:35","slug":"tultitlan-participa-en-la-semana-estatal-de-seguridad-y-salud-en-el-trabajo-2019","status":"publish","type":"post","link":"https:\/\/www.diarioimagen.net\/?p=450559","title":{"rendered":"Tultitl\u00e1n participa en la \u201csemana estatal de seguridad y salud en el trabajo 2019\u201d"},"content":{"rendered":"<p><a href=\"https:\/\/www.diarioimagen.net\/?attachment_id=450654\" rel=\"attachment wp-att-450654\"><img loading=\"lazy\" decoding=\"async\" class=\"aligncenter size-large wp-image-450654\" src=\"https:\/\/www.diarioimagen.net\/wp-content\/uploads\/2019\/11\/TULTITL\u00c1N-3-460x259.jpg\" alt=\"\" width=\"460\" height=\"259\" srcset=\"https:\/\/www.diarioimagen.net\/wp-content\/uploads\/2019\/11\/TULTITL\u00c1N-3-460x259.jpg 460w, https:\/\/www.diarioimagen.net\/wp-content\/uploads\/2019\/11\/TULTITL\u00c1N-3-240x135.jpg 240w, https:\/\/www.diarioimagen.net\/wp-content\/uploads\/2019\/11\/TULTITL\u00c1N-3-235x132.jpg 235w, https:\/\/www.diarioimagen.net\/wp-content\/uploads\/2019\/11\/TULTITL\u00c1N-3-202x114.jpg 202w, https:\/\/www.diarioimagen.net\/wp-content\/uploads\/2019\/11\/TULTITL\u00c1N-3-350x196.jpg 350w, https:\/\/www.diarioimagen.net\/wp-content\/uploads\/2019\/11\/TULTITL\u00c1N-3-220x123.jpg 220w, https:\/\/www.diarioimagen.net\/wp-content\/uploads\/2019\/11\/TULTITL\u00c1N-3-237x132.jpg 237w, https:\/\/www.diarioimagen.net\/wp-content\/uploads\/2019\/11\/TULTITL\u00c1N-3.jpg 480w\" sizes=\"auto, (max-width: 460px) 100vw, 460px\" \/><\/a><\/p>\n<p>&nbsp;<\/p>\n<p><strong>Tultitl\u00e1n, Estado de M\u00e9xico<\/strong><strong>.- <\/strong>Con el prop\u00f3sito de establecer acciones y normas para que empleados de diversas industrias y planteles educativos de la entidad puedan prevenir accidentes y con ello garantizar la integridad f\u00edsica de los mismos, la presidenta municipal Elena Garc\u00eda Mart\u00ednez en coordinaci\u00f3n con la Secretar\u00eda del Trabajo y Previsi\u00f3n Social llev\u00f3 a cabo la \u201cSemana estatal de seguridad y salud en el trabajo 2019\u201d.<\/p>\n<p>Con sede en el deportivo Toltitlan, la alcaldesa se\u00f1al\u00f3 que la prevenci\u00f3n y el control de los accidentes del trabajo son fundamentales para evitar poner en peligro la salud, la seguridad y la vida de los empleados y tienen por objetivo promover e intercambiar conocimientos y experiencias en materia de seguridad, protecci\u00f3n civil, capacitaci\u00f3n y productividad\u201d.<\/p>\n","protected":false},"excerpt":{"rendered":"<p>Con el prop\u00f3sito de establecer acciones y normas para que empleados de diversas industrias y planteles educativos de la entidad puedan prevenir accidentes y con ello garantizar la integridad f\u00edsica de los mismos, la presidenta municipal Elena Garc\u00eda Mart\u00ednez en coordinaci\u00f3n con la Secretar\u00eda del Trabajo y Previsi\u00f3n Social llev\u00f3 a cabo la \u201cSemana estatal de seguridad y salud en el trabajo 2019\u201d.<\/p>\n","protected":false},"author":3,"featured_media":450654,"comment_status":"open","ping_status":"open","sticky":false,"template":"","format":"standard","meta":{"_monsterinsights_skip_tracking":false,"_monsterinsights_sitenote_active":false,"_monsterinsights_sitenote_note":"","_monsterinsights_sitenote_category":0,"footnotes":""},"categories":[5],"tags":[43675,578],"class_list":["post-450559","post","type-post","status-publish","format-standard","has-post-thumbnail","hentry","category-estado-de-mexico","tag-estado-de-mexico","tag-tultitlan"],"_links":{"self":[{"href":"https:\/\/www.diarioimagen.net\/index.php?rest_route=\/wp\/v2\/posts\/450559","targetHints":{"allow":["GET"]}}],"collection":[{"href":"https:\/\/www.diarioimagen.net\/index.php?rest_route=\/wp\/v2\/posts"}],"about":[{"href":"https:\/\/www.diarioimagen.net\/index.php?rest_route=\/wp\/v2\/types\/post"}],"author":[{"embeddable":true,"href":"https:\/\/www.diarioimagen.net\/index.php?rest_route=\/wp\/v2\/users\/3"}],"replies":[{"embeddable":true,"href":"https:\/\/www.diarioimagen.net\/index.php?rest_route=%2Fwp%2Fv2%2Fcomments&post=450559"}],"version-history":[{"count":0,"href":"https:\/\/www.diarioimagen.net\/index.php?rest_route=\/wp\/v2\/posts\/450559\/revisions"}],"wp:featuredmedia":[{"embeddable":true,"href":"https:\/\/www.diarioimagen.net\/index.php?rest_route=\/wp\/v2\/media\/450654"}],"wp:attachment":[{"href":"https:\/\/www.diarioimagen.net\/index.php?rest_route=%2Fwp%2Fv2%2Fmedia&parent=450559"}],"wp:term":[{"taxonomy":"category","embeddable":true,"href":"https:\/\/www.diarioimagen.net\/index.php?rest_route=%2Fwp%2Fv2%2Fcategories&post=450559"},{"taxonomy":"post_tag","embeddable":true,"href":"https:\/\/www.diarioimagen.net\/index.php?rest_route=%2Fwp%2Fv2%2Ftags&post=450559"}],"curies":[{"name":"wp","href":"https:\/\/api.w.org\/{rel}","templated":true}]}}