{"id":450760,"date":"2019-11-19T00:02:22","date_gmt":"2019-11-19T06:02:22","guid":{"rendered":"https:\/\/www.diarioimagen.net\/?p=450760"},"modified":"2019-11-19T01:18:45","modified_gmt":"2019-11-19T07:18:45","slug":"profundo-desprecio-de-amlo-a-javier-sicilia","status":"publish","type":"post","link":"https:\/\/www.diarioimagen.net\/?p=450760","title":{"rendered":"Profundo desprecio de AMLO a Javier Sicilia"},"content":{"rendered":"<h2>La Retaguardia<\/h2>\n<h5>Adriana Moreno Cordero<\/h5>\n<p>&nbsp;<\/p>\n<ul>\n<li><strong><em>Solalinde quiere posici\u00f3n en la Cuarta Transformaci\u00f3n, ataca al escritor<\/em><\/strong><\/li>\n<\/ul>\n<p>&nbsp;<\/p>\n<p>El profundo desprecio que siente el presidente <strong>Andr\u00e9s Manuel L\u00f3pez Obrador<\/strong> por aquellos que se atreven a contradecirlo, a romper lanzas, se hizo ayer muy evidente y durante la gustad\u00edsima conferencia ma\u00f1anera que ofreci\u00f3 pese a ser \u201cpuente\u201d, el tabasque\u00f1o se lanz\u00f3 a la yugular ni m\u00e1s ni menos que del poeta y activista social, <strong>Javier Sicilia,<\/strong> a quien, como se recordar\u00e1, el 28 de marzo de 2011, en Cuernavaca Morelos, le mataron a su hijo, <strong>Juan Francisco Sicilia Ortega,<\/strong> que fue encontrado con un grupo de siete personas, atado de pies y manos y con huellas de tortura.<\/p>\n<p>Desde ese entonces, el escritor no ha encontrado plenamente justicia por lo que recientemente envi\u00f3 una tercera carta al Presidente para indicarle que su estrategia de combate a la inseguridad es totalmente fallida.<\/p>\n<p>En algunos p\u00e1rrafos que no tienen desperdicio alguno, Sicilia escribi\u00f3: \u201ca fuerza de reducir la erradicaci\u00f3n de la violencia a abrazos y no balazos, y a un pu\u00f1ado de programas sociales destejidos de una verdadera y profunda pol\u00edtica de Estado en materia de Justicia Transicional, la consecuencia de los abrazos es la misma que la de las balas: sufrimiento, indefensi\u00f3n y muerte\u201d.<\/p>\n<p>Agreg\u00f3 adem\u00e1s que: \u201cNo se trata, como dijo <strong>Jacobo Day\u00e1n,<\/strong> de cu\u00e1ntos balazos o cu\u00e1ntos abrazos hay que dar para detener el horror. Las dos estrategias est\u00e1n equivocadas\u201d.<\/p>\n<p>Sin temor alguno, el tambi\u00e9n novelista hizo un airado y justificado reclamo al presidente L\u00f3pez Obrador: \u201cContra ello, te aferras a tu estrategia y pides paciencia. Pero los ciudadanos que padecemos todos los d\u00edas, desde hace a\u00f1os, las consecuencias de la violencia, que vemos c\u00f3mo sus llamas consumen nuestra casa y destrozan a nuestras familias, te decimos que ya no hay tiempo\u201d.<\/p>\n<p>Finalmente, Javier Sicilia anunci\u00f3 una marcha, cuyo destino final ser\u00e1 el Z\u00f3calo capitalino y es precisamente en este punto donde se manifest\u00f3 toda la soberbia que es capaz de sentir el Ejecutivo.<\/p>\n<p>Visiblemente molesto, el tabasque\u00f1o aleg\u00f3 tener muchas actividades, por lo que no se puede sentar a esperar a quien en alg\u00fan momento dado, fuera su aliado. Con extrema soberbia, quien se dice, por cierto, ser el \u201cprotector\u201d de los ind\u00edgenas, dijo: \u201clo puede atender la Secretar\u00eda de Gobernaci\u00f3n, <strong>Alejandro Encinas,<\/strong> que es el subsecretario de Derechos Humanos, porque as\u00ed como \u00e9l tiene el derecho de manifestarse y de ser recibido, pues todos los ciudadanos, y yo tengo tambi\u00e9n muchas actividades, tengo que administrar mi tiempo, que es de todos\u201d.<\/p>\n<p>Resulta evidente que L\u00f3pez Obrador en el fondo, le tiene tambi\u00e9n temor a quien est\u00e1 decidido a salir a las calles a exigir paz, como lo hizo en anteriores administraciones. Por eso, quien de inmediato sali\u00f3 a la defensa del tabasque\u00f1o fue el sacerdote <strong>Alejandro Solalinde, <\/strong>incondicional del presidente as\u00ed como del senador <strong>Mart\u00ed Batres.<\/strong> Le reclam\u00f3 a Sicilia que tuviera la osad\u00eda de reclamarle al Presidente y le dijo que aunque era su amigo, esta vez no marchar\u00eda junto a \u00e9l, al tiempo que calific\u00f3 a Sicilia de ser un buen escritor pero p\u00e9simo pol\u00edtico.<\/p>\n<p>\u00bfY Solalinde en qu\u00e9 se ha convertido?, por lo visto, el curita est\u00e1 convencido de que \u00e9l s\u00ed tiene posibilidades en la pol\u00edtica, sobre todo, en esta llamada cuarta transformaci\u00f3n y est\u00e1 dispuesto a ser tan servil como sea capaz de serlo con tal de conseguir una posici\u00f3n, \u00bfo no?<\/p>\n<p>Que no siga Solalinde, intentando defender lo indefendible. Ah\u00ed est\u00e1 la realidad aplastante, pues luego de la crisis de seguridad provocada por el propio L\u00f3pez Obrador, su popularidad cay\u00f3 diez puntos, y lo que falta.<\/p>\n<p style=\"text-align: center;\"><strong>MUNICIONES<\/strong><\/p>\n<p>*** El Fondo Minero, creado en 2014, no desaparece y s\u00f3lo se crean nuevas reglas y lineamientos para que estados, municipios y comunidades sigan beneficiadas con la actividad de esta industria. Este Fondo, cuyo monto suma 18 mil millones de pesos, en el periodo 2104-2018, se forma con el pago de un impuesto del 7.5 por ciento sobre utilidades de las empresas, el cual es cobrado por la Secretar\u00eda de Hacienda y Cr\u00e9dito P\u00fablico. Este a\u00f1o el Fondo Minero dispondr\u00e1 de cinco mil millones de pesos, aproximadamente, y se espera una cantidad similar para el 2020. El objetivo del Fondo, y el reclamo de los industriales de la miner\u00eda, es que \u00e9ste se aplique en la forma adecuada y que llegue a\u00a0 las comunidades, municipios\u00a0 y a los estados que tambi\u00e9n participan, en cierta medida, para promover a la industria. Seg\u00fan el acuerdo del 31 de octubre de este a\u00f1o, se redefinen las reglas\u00a0 para que comunidades, ejidos y municipios se vean beneficiados\u00a0 con actividades y proyectos productivos en materia de medio ambiente, salud, educaci\u00f3n y comunicaciones. Aunque hubo un intento de utilizar este Fondo para cuestiones educativas, el reclamo de gobernadores, presidentes municipales y comunidad de zonas donde se desarrolla la miner\u00eda, logr\u00f3 que se redefiniera la estructura con la creaci\u00f3n de un comit\u00e9, encabezado por el subsecretario de Miner\u00eda de la Secretar\u00eda de Econom\u00eda, <strong>Francisco Quiroga Fern\u00e1ndez<\/strong>. Con reglas claras se dejar\u00e1 de \u201csatanizar\u201d a una industria que produce beneficios reales en las comunidades donde se asienta, como es la siembra de 4.5 millones de \u00e1rboles anuales, obras de infraestructura, acciones a favor del medio ambiente, educaci\u00f3n, tratamiento de aguas residuales y reutilizaci\u00f3n de agua.<\/p>\n<p>*** Y mientras la flamante jefe de Gobierno de la Ciudad de M\u00e9xico, <strong>Claudia Sheinbaum, <\/strong>anuncia que este a\u00f1o en el Z\u00f3calo no habr\u00e1 pista de hielo, sino de acr\u00edlico y con eso ser\u00e1 a ecol\u00f3gica, los \u201cestudiantes\u201d de la Normal de Tener\u00eda, siguen haciendo de las suyas\u00a0 y en la carretera a Toluca secuestraron camiones de v\u00edveres que se robaron, provocaron un accidente y dem\u00e1s linduras, sin que nadie haya hecho absolutamente nada. Con eso que los funcionarios esta llamada cuarta transformaci\u00f3n dicen que su bandera es no reprimir a nadie, entonces, no importan los destrozos. Y aqu\u00ed una pregunta no sobra, \u00bfd\u00f3nde estar\u00e1 el \u201cbombero prende fuegos\u201d, <strong>Ricardo Peralta<\/strong>, subsecretario de Gobernaci\u00f3n?, acaso se fue de \u201cpuente\u201d al igual que la titular de Segob, <strong>Olga S\u00e1nchez Cordero<\/strong>?<\/p>\n<p>*** Por cierto, la ahora flamante secretaria de Gobernaci\u00f3n, en alg\u00fan momento quiso ingresar al Consejo Consultivo de la Comisi\u00f3n Nacional de Derechos Humanos, pero nunca pudo. Esto lo dio a conocer <strong>Mar\u00eda Zamudio,<\/strong> quien junto con otros destacados integrantes de este Consejo como Alberto Athi\u00e9, renunci\u00f3 ante la clara imposici\u00f3n de Rosario Piedra, militante de Morena, al frente de la CNDH, Comisi\u00f3n que a todas luces quiere destruir el presidente que tambi\u00e9n la ha hecho objeto de su desprecio. Lo dicho, al tabasque\u00f1o no le gustan, o m\u00e1s bien odia, los contrapesos.<\/p>\n<p><a href=\"mailto:morcora@gmail.com\" target=\"_blank\" rel=\"noopener noreferrer\"><em>morcora@gmail.com<\/em><\/a><\/p>\n","protected":false},"excerpt":{"rendered":"<p><span style=\"color: #005497;\"><strong>Adriana Moreno Cordero<\/strong><\/span><\/p>\n","protected":false},"author":3,"featured_media":0,"comment_status":"open","ping_status":"open","sticky":false,"template":"","format":"standard","meta":{"_monsterinsights_skip_tracking":false,"_monsterinsights_sitenote_active":false,"_monsterinsights_sitenote_note":"","_monsterinsights_sitenote_category":0,"footnotes":""},"categories":[69370],"tags":[69369,69368,43674],"class_list":["post-450760","post","type-post","status-publish","format-standard","hentry","category-adriana-moreno-cordero","tag-adriana-moreno-cordero","tag-la-retaguardia","tag-opinion"],"_links":{"self":[{"href":"https:\/\/www.diarioimagen.net\/index.php?rest_route=\/wp\/v2\/posts\/450760","targetHints":{"allow":["GET"]}}],"collection":[{"href":"https:\/\/www.diarioimagen.net\/index.php?rest_route=\/wp\/v2\/posts"}],"about":[{"href":"https:\/\/www.diarioimagen.net\/index.php?rest_route=\/wp\/v2\/types\/post"}],"author":[{"embeddable":true,"href":"https:\/\/www.diarioimagen.net\/index.php?rest_route=\/wp\/v2\/users\/3"}],"replies":[{"embeddable":true,"href":"https:\/\/www.diarioimagen.net\/index.php?rest_route=%2Fwp%2Fv2%2Fcomments&post=450760"}],"version-history":[{"count":0,"href":"https:\/\/www.diarioimagen.net\/index.php?rest_route=\/wp\/v2\/posts\/450760\/revisions"}],"wp:attachment":[{"href":"https:\/\/www.diarioimagen.net\/index.php?rest_route=%2Fwp%2Fv2%2Fmedia&parent=450760"}],"wp:term":[{"taxonomy":"category","embeddable":true,"href":"https:\/\/www.diarioimagen.net\/index.php?rest_route=%2Fwp%2Fv2%2Fcategories&post=450760"},{"taxonomy":"post_tag","embeddable":true,"href":"https:\/\/www.diarioimagen.net\/index.php?rest_route=%2Fwp%2Fv2%2Ftags&post=450760"}],"curies":[{"name":"wp","href":"https:\/\/api.w.org\/{rel}","templated":true}]}}