{"id":450794,"date":"2019-11-19T00:06:28","date_gmt":"2019-11-19T06:06:28","guid":{"rendered":"https:\/\/www.diarioimagen.net\/?p=450794"},"modified":"2019-11-19T04:44:09","modified_gmt":"2019-11-19T10:44:09","slug":"la-guerra-en-la-paz-bolivia","status":"publish","type":"post","link":"https:\/\/www.diarioimagen.net\/?p=450794","title":{"rendered":"La Guerra en la Paz\u2026 Bolivia"},"content":{"rendered":"<h2>Con mi mano izquierda&#8230;<\/h2>\n<h5>Edgar G\u00f3mez Flores<\/h5>\n<p>&nbsp;<\/p>\n<p>En un mes Am\u00e9rica Latina se encendi\u00f3, tanto en lo pol\u00edtico como en los \u00e1nimos de las personas que, en contra de gobiernos de derecha como de izquierda, luchan por encontrar un nuevo rumbo. En este momento de movimientos socio-pol\u00edticos se encuentra Bolivia, un pa\u00eds que tuvo elecciones el pasado mes de octubre, donde el presidente de origen ind\u00edgena, Evo Morales, busc\u00f3 su reelecci\u00f3n y por otro lado el candidato de la derecha boliviana, Carlos Mesa, intent\u00f3 regresar a la primera magistratura del Estado boliviano. A m\u00e1s de 1,200 kil\u00f3metros de distancia, es complicado descifrar la g\u00e9nesis de la problem\u00e1tica, la renuncia del presidente Morales, su aceptaci\u00f3n de asilo en M\u00e9xico y, en general, la orfandad pol\u00edtica de Bolivia en este momento. Con una Polic\u00eda Nacional en rebeli\u00f3n, un aparato militar anonadado ante la situaci\u00f3n actual y una presidente autoimpuesta, con biblia en mano, la derechista Jeanine \u00c1\u00f1ez, me di a la tarea de charlar con la antrop\u00f3loga pace\u00f1a, Gabriela N\u00fa\u00f1ez, quien ha dedicado parte de su tarea profesional a ser investigadora, profesora y adem\u00e1s activista en derechos de la mujer y a trabajar hombro a hombro con la comunidad ind\u00edgena boliviana, la cual representa el 70% de la poblaci\u00f3n total de aquel pa\u00eds sudamericano.<\/p>\n<p>\u2014<strong>Plat\u00edcanos \u00bfcu\u00e1l es la situaci\u00f3n que vive la gente en Bolivia?<\/strong><\/p>\n<p>Es una situaci\u00f3n bastante tensa. Muchos ciudadanos nos encontramos en una situaci\u00f3n de terror y caos. Se han visibilizado muchas divisiones en la sociedad: desde regionalismo, clasismo y todo tipo de racismos. En este momento se han vandalizado los comercios de muchas personas. De hecho, la Plaza Murillo, donde se encuentran las oficinas del Gobierno Central, permanece bloqueada por militares y polic\u00edas.<\/p>\n<p>\u2014<strong>\u00bfQu\u00e9 pas\u00f3 del 20 de octubre a la fecha para que el pa\u00eds saliera de control?<\/strong><\/p>\n<p>En el primer conteo de votos, el Partido Comunidad Ciudadana, de Carlos Mesa, se encontraba en ventaja. Se corta el conteo de votos y poco despu\u00e9s los resultados dan la vuelta a favor del partido del presidente, el MAS (Movimiento al Socialismo). De ah\u00ed el presidente Evo Morales se dio a la tarea de viajar por algunas regiones del pa\u00eds para proclamarse ganador rotundo de las elecciones, sin contar con la aprobaci\u00f3n de la Organizaci\u00f3n de Estados Americanos (la OEA). Esto, empieza a enardecer a las personas, principalmente clases medias e ind\u00edgenas opositores al presidente. Por otro lado, un personaje \u201coligarca de Santa Cruz\u201d (capital econ\u00f3mica de Bolivia), Luis Fernando Camacho, viaja de manera sorpresiva a la Paz e intenta entregar una carta donde solicita la renuncia del presidente por fraude. Su visita genera encono entre opositores y, por ende sus simpatizantes salen a su defensa. Mientras tanto, en la ciudad de Cochabamba, se inicia la rebeli\u00f3n de la Polic\u00eda Nacional. En este momento, una parte importante del gobierno empieza a renunciar y algunos militares le dan la espalda al presidente. Evo, al sentirse acorralado, viaja a su base pol\u00edtica cocalera el Chapare, Cochabamba, y presenta su renuncia. Empiezan las celebraciones por parte de la derecha boliviana y se ve a Camacho como un l\u00edder popular por su capacidad de convocatoria. Sin embargo, la derecha boliviana a partir de esta renuncia entra al Palacio Gubernamental con la biblia bajo el brazo. Lo que empieza a dividir al pa\u00eds.<\/p>\n<p>\u2014<strong>\u00bfEntonces consideras que a partir de este momento se ha incrementado el clasismo y racismo en Bolivia?<\/strong><\/p>\n<p>A partir de la renuncia de Evo Morales se ve en los medios de comunicaci\u00f3n como empiezan a derribar la Wiphala (s\u00edmbolo ind\u00edgena en Bolivia) y otros la empiezan a quemar. A partir de ah\u00ed se visibiliza el clasismo y racismo que estaba encubierto en tiempos del gobierno de Evo. Es decir, la colonialidad de poder y las relaciones desiguales \u00e9tnicas y de g\u00e9nero han seguido perviviendo a pesar de haberse implementado el pensamiento decolonial en la Constituci\u00f3n Pol\u00edtica del Estado Plurinacional de Bolivia.<\/p>\n<p>\u2014<strong>\u00bfC\u00f3mo evaluar\u00e1 Bolivia al MAS y al gobierno de Evo Morales?<\/strong><\/p>\n<p>El MAS s\u00ed logr\u00f3 un desarrollo social a la comunidad m\u00e1s necesitada, a trav\u00e9s de vivienda social y bonos entregados a la sociedad vulnerable. Sin embargo, dej\u00f3 algunos pendientes como la masacre de los ind\u00edgenas del Tipnis, la entrega de apoyos a asociaciones ligadas al MAS y la quema de tierras para beneficio de la agroindustria. Por otro lado, el MAS desarroll\u00f3 una clase media ind\u00edgena (principalmente comerciante). Sin embargo, en palabras del antrop\u00f3logo Ra\u00fal Rodr\u00edguez, el MAS nunca desarroll\u00f3 una forma de entender a esta nueva clase media que fuera consistente con la ideolog\u00eda del partido.<\/p>\n<p>\u2014<strong>\u00bfLa salida de Evo Morales proviene de un golpe de Estado?<\/strong><\/p>\n<p>Estoy de acuerdo con que el Gobierno fue el que propici\u00f3 este malestar social con las manipulaciones de los resultados electorales y con la corrupci\u00f3n comprobada en el MAS.<\/p>\n<p>Sin embargo, yo creo que a la comunidad de antrop\u00f3logos nos reta a entender nuevas formas de golpe de estado, dado que reiteran que fue un golpe de Estado \u201cc\u00edvico, pol\u00edtico y policial\u201d. Es decir, este golpe de Estado se fue visibilizando en el proceso de la crisis que agobia actualmente al pa\u00eds.<\/p>\n<p>\u2014<strong>Parece que Bolivia no ha superado la colonizaci\u00f3n \u00bfQu\u00e9 piensas?<\/strong><\/p>\n<p>El problema colonial es muy fuerte en mi pa\u00eds. Nosotros arrastramos socialmente ciertas clasificaciones discriminatorias \u00e9tnicas \u2013 raciales y sexual \u2013 gen\u00e9ricas; las cuales fueron llevadas hacia el gobierno del MAS. Todav\u00eda mantenemos una relaci\u00f3n de poder patriarcal.<\/p>\n<p>\u2014<strong>Por \u00faltimo, \u00bfqu\u00e9 se opina del asilo pol\u00edtico recibido en M\u00e9xico?<\/strong><\/p>\n<p>Su salida debilita mucho a su partido, el MAS. La clase ind\u00edgena considera que Evo Morales los ha traicionado al salir del pa\u00eds. Muchos piensan que abandon\u00f3 a su base ind\u00edgena. Que hubiera sido mejor viajar con su base cocalera en el Chapare o hubiera regresado a su tierra natal en Oruro. Ahora, tambi\u00e9n critican que haya sido recibido como hu\u00e9sped distinguido en la Ciudad de M\u00e9xico y adem\u00e1s con un salario superior al que\u00a0 tiene el mismo Presidente de M\u00e9xico.<\/p>\n<p><a href=\"mailto:edgargomez_cide@yahoo.com.mx\"><em>edgargomez_cide@yahoo.com.mx<\/em><\/a><\/p>\n","protected":false},"excerpt":{"rendered":"<p><span style=\"color: #005497;\"><strong>Edgar G\u00f3mez Flores<\/strong><\/span><\/p>\n","protected":false},"author":3,"featured_media":0,"comment_status":"open","ping_status":"open","sticky":false,"template":"","format":"standard","meta":{"_monsterinsights_skip_tracking":false,"_monsterinsights_sitenote_active":false,"_monsterinsights_sitenote_note":"","_monsterinsights_sitenote_category":0,"footnotes":""},"categories":[3819],"tags":[85911,85912,43674],"class_list":["post-450794","post","type-post","status-publish","format-standard","hentry","category-edgar-gomez-flores","tag-con-mi-mano-izquierda","tag-edgar-gomez-flores","tag-opinion"],"_links":{"self":[{"href":"https:\/\/www.diarioimagen.net\/index.php?rest_route=\/wp\/v2\/posts\/450794","targetHints":{"allow":["GET"]}}],"collection":[{"href":"https:\/\/www.diarioimagen.net\/index.php?rest_route=\/wp\/v2\/posts"}],"about":[{"href":"https:\/\/www.diarioimagen.net\/index.php?rest_route=\/wp\/v2\/types\/post"}],"author":[{"embeddable":true,"href":"https:\/\/www.diarioimagen.net\/index.php?rest_route=\/wp\/v2\/users\/3"}],"replies":[{"embeddable":true,"href":"https:\/\/www.diarioimagen.net\/index.php?rest_route=%2Fwp%2Fv2%2Fcomments&post=450794"}],"version-history":[{"count":0,"href":"https:\/\/www.diarioimagen.net\/index.php?rest_route=\/wp\/v2\/posts\/450794\/revisions"}],"wp:attachment":[{"href":"https:\/\/www.diarioimagen.net\/index.php?rest_route=%2Fwp%2Fv2%2Fmedia&parent=450794"}],"wp:term":[{"taxonomy":"category","embeddable":true,"href":"https:\/\/www.diarioimagen.net\/index.php?rest_route=%2Fwp%2Fv2%2Fcategories&post=450794"},{"taxonomy":"post_tag","embeddable":true,"href":"https:\/\/www.diarioimagen.net\/index.php?rest_route=%2Fwp%2Fv2%2Ftags&post=450794"}],"curies":[{"name":"wp","href":"https:\/\/api.w.org\/{rel}","templated":true}]}}