{"id":450864,"date":"2019-11-20T00:05:48","date_gmt":"2019-11-20T06:05:48","guid":{"rendered":"https:\/\/www.diarioimagen.net\/?p=450864"},"modified":"2019-11-20T04:40:26","modified_gmt":"2019-11-20T10:40:26","slug":"la-uaem-fuente-digna-de-empleo-alfredo-barrera","status":"publish","type":"post","link":"https:\/\/www.diarioimagen.net\/?p=450864","title":{"rendered":"La UAEM, fuente digna de empleo: Alfredo Barrera"},"content":{"rendered":"<ul>\n<li><strong><em>Distinci\u00f3n a trabajadores\u00a0<\/em><\/strong><\/li>\n<\/ul>\n<p>&nbsp;<\/p>\n<div id=\"attachment_450959\" style=\"width: 470px\" class=\"wp-caption aligncenter\"><a href=\"https:\/\/www.diarioimagen.net\/?attachment_id=450959\" rel=\"attachment wp-att-450959\"><img loading=\"lazy\" decoding=\"async\" aria-describedby=\"caption-attachment-450959\" class=\"size-large wp-image-450959\" src=\"https:\/\/www.diarioimagen.net\/wp-content\/uploads\/2019\/11\/UAEM-8-460x259.jpg\" alt=\"\" width=\"460\" height=\"259\" srcset=\"https:\/\/www.diarioimagen.net\/wp-content\/uploads\/2019\/11\/UAEM-8-460x259.jpg 460w, https:\/\/www.diarioimagen.net\/wp-content\/uploads\/2019\/11\/UAEM-8-240x135.jpg 240w, https:\/\/www.diarioimagen.net\/wp-content\/uploads\/2019\/11\/UAEM-8-235x132.jpg 235w, https:\/\/www.diarioimagen.net\/wp-content\/uploads\/2019\/11\/UAEM-8-202x114.jpg 202w, https:\/\/www.diarioimagen.net\/wp-content\/uploads\/2019\/11\/UAEM-8-350x196.jpg 350w, https:\/\/www.diarioimagen.net\/wp-content\/uploads\/2019\/11\/UAEM-8-220x123.jpg 220w, https:\/\/www.diarioimagen.net\/wp-content\/uploads\/2019\/11\/UAEM-8-237x132.jpg 237w, https:\/\/www.diarioimagen.net\/wp-content\/uploads\/2019\/11\/UAEM-8.jpg 480w\" sizes=\"auto, (max-width: 460px) 100vw, 460px\" \/><\/a><p id=\"caption-attachment-450959\" class=\"wp-caption-text\">El rector Alfredo Barrera Baca encabez\u00f3 la entrega de notas al Cumplimiento Administrativo y al Servicio Universitario, mediante las cuales se reconoci\u00f3 la destacada trayectoria de 71 trabajadores administrativos de confianza y sindicalizados.<\/p><\/div>\n<p>&nbsp;<\/p>\n<p><strong>Toluca, Estado de M\u00e9xico<\/strong>.\u2013 Como instituci\u00f3n p\u00fablica, la Universidad Aut\u00f3noma del Estado de M\u00e9xico, siempre din\u00e1mica y en desarrollo, representa una fuente digna de empleo; sobre todo, ofrece la gran satisfacci\u00f3n de trabajar para una de las instituciones con los prop\u00f3sitos m\u00e1s nobles, formar a la juventud y, con ello, forjar sue\u00f1os y trayectos de vida, sostuvo el rector Alfredo Barrera Baca.<\/p>\n<p>Al encabezar la entrega de notas al Cumplimiento Administrativo y al Servicio Universitario, mediante las cuales se reconoci\u00f3 la destacada trayectoria de 71 trabajadores administrativos de confianza y sindicalizados \u201349 mujeres y 22 hombres\u2013, Alfredo Barrera asever\u00f3 que la UAEM aporta cualidades para el desarrollo del pa\u00eds.<\/p>\n<p>En el Aula Magna \u201cLic. Adolfo L\u00f3pez Mateos\u201d, refiri\u00f3 que los universitarios galardonados son ejemplo de trabajo bien hecho, dedicaci\u00f3n y sentido \u00e9tico, cuyas virtudes son deseables y fuente de inspiraci\u00f3n. En este contexto, manifest\u00f3 que la sociedad conf\u00eda plenamente en la Aut\u00f3noma mexiquense y, por ello, exige mayor calidad y transparencia en los servicios que ofrece a los estudiantes, as\u00ed como a los sectores p\u00fablico, privado y social.<\/p>\n<p>\u201cEstamos obligados a reducir errores y gastos innecesarios para asumir la austeridad y eficacia como signos de una universidad p\u00fablica comprometida con la naci\u00f3n\u201d, se\u00f1al\u00f3 Alfredo Barrera Baca, quien apunt\u00f3 que en este escenario de sobriedad financiera, la instituci\u00f3n debe fortalecerse en su sentido originario de comunidad. En tanto, el secretario de Administraci\u00f3n de la UAEM, Juan Miguel Reyes Viurquez, sostuvo que con fundamento en la Ley Universitaria, se otorga la Nota al Servicio Universitario al personal administrativo de confianza, mientras que la Nota al Cumplimiento Administrativo se entrega al personal administrativo sindicalizado.<\/p>\n<p>Acompa\u00f1ado del secretario general del Sindicato \u00danico de Trabajadores y Empleados al Servicio de la UAEM (SUTESUAEM), Pedro Rodr\u00edguez Magallanes, Reyes Viurquez indic\u00f3 que la entrega de estos reconocimientos refrenda la justicia laboral con los trabajadores auriverdes, cuyo trabajo cotidiano es imprescindible para el desarrollo de planes y programas institucionales.<\/p>\n","protected":false},"excerpt":{"rendered":"<p>Como instituci\u00f3n p\u00fablica, la Universidad Aut\u00f3noma del Estado de M\u00e9xico, siempre din\u00e1mica y en desarrollo, representa una fuente digna de empleo; sobre todo, ofrece la gran satisfacci\u00f3n de trabajar para una de las instituciones con los prop\u00f3sitos m\u00e1s nobles, formar a la juventud y, con ello, forjar sue\u00f1os y trayectos de vida, sostuvo el rector Alfredo Barrera Baca.<\/p>\n","protected":false},"author":3,"featured_media":450959,"comment_status":"open","ping_status":"open","sticky":false,"template":"","format":"standard","meta":{"_monsterinsights_skip_tracking":false,"_monsterinsights_sitenote_active":false,"_monsterinsights_sitenote_note":"","_monsterinsights_sitenote_category":0,"footnotes":""},"categories":[5],"tags":[58572,43675,452,1491],"class_list":["post-450864","post","type-post","status-publish","format-standard","has-post-thumbnail","hentry","category-estado-de-mexico","tag-alfredo-barrera-baca","tag-estado-de-mexico","tag-toluca","tag-uaem"],"_links":{"self":[{"href":"https:\/\/www.diarioimagen.net\/index.php?rest_route=\/wp\/v2\/posts\/450864","targetHints":{"allow":["GET"]}}],"collection":[{"href":"https:\/\/www.diarioimagen.net\/index.php?rest_route=\/wp\/v2\/posts"}],"about":[{"href":"https:\/\/www.diarioimagen.net\/index.php?rest_route=\/wp\/v2\/types\/post"}],"author":[{"embeddable":true,"href":"https:\/\/www.diarioimagen.net\/index.php?rest_route=\/wp\/v2\/users\/3"}],"replies":[{"embeddable":true,"href":"https:\/\/www.diarioimagen.net\/index.php?rest_route=%2Fwp%2Fv2%2Fcomments&post=450864"}],"version-history":[{"count":0,"href":"https:\/\/www.diarioimagen.net\/index.php?rest_route=\/wp\/v2\/posts\/450864\/revisions"}],"wp:featuredmedia":[{"embeddable":true,"href":"https:\/\/www.diarioimagen.net\/index.php?rest_route=\/wp\/v2\/media\/450959"}],"wp:attachment":[{"href":"https:\/\/www.diarioimagen.net\/index.php?rest_route=%2Fwp%2Fv2%2Fmedia&parent=450864"}],"wp:term":[{"taxonomy":"category","embeddable":true,"href":"https:\/\/www.diarioimagen.net\/index.php?rest_route=%2Fwp%2Fv2%2Fcategories&post=450864"},{"taxonomy":"post_tag","embeddable":true,"href":"https:\/\/www.diarioimagen.net\/index.php?rest_route=%2Fwp%2Fv2%2Ftags&post=450864"}],"curies":[{"name":"wp","href":"https:\/\/api.w.org\/{rel}","templated":true}]}}