{"id":450894,"date":"2019-11-20T00:03:03","date_gmt":"2019-11-20T06:03:03","guid":{"rendered":"https:\/\/www.diarioimagen.net\/?p=450894"},"modified":"2019-11-20T04:51:42","modified_gmt":"2019-11-20T10:51:42","slug":"operagua-se-capacita-en-saneamiento-gobernanza-hidrica-y-sostenibilidad","status":"publish","type":"post","link":"https:\/\/www.diarioimagen.net\/?p=450894","title":{"rendered":"Operagua se capacita en saneamiento, gobernanza h\u00eddrica y sostenibilidad"},"content":{"rendered":"<ul>\n<li><strong><em>En Cuautitl\u00e1n Izcalli<\/em><\/strong><\/li>\n<\/ul>\n<p>&nbsp;<\/p>\n<div id=\"attachment_450976\" style=\"width: 470px\" class=\"wp-caption aligncenter\"><a href=\"https:\/\/www.diarioimagen.net\/?attachment_id=450976\" rel=\"attachment wp-att-450976\"><img loading=\"lazy\" decoding=\"async\" aria-describedby=\"caption-attachment-450976\" class=\"size-large wp-image-450976\" src=\"https:\/\/www.diarioimagen.net\/wp-content\/uploads\/2019\/11\/CUAUTITL\u00c1N-4-460x259.jpg\" alt=\"\" width=\"460\" height=\"259\" srcset=\"https:\/\/www.diarioimagen.net\/wp-content\/uploads\/2019\/11\/CUAUTITL\u00c1N-4-460x259.jpg 460w, https:\/\/www.diarioimagen.net\/wp-content\/uploads\/2019\/11\/CUAUTITL\u00c1N-4-240x135.jpg 240w, https:\/\/www.diarioimagen.net\/wp-content\/uploads\/2019\/11\/CUAUTITL\u00c1N-4-235x132.jpg 235w, https:\/\/www.diarioimagen.net\/wp-content\/uploads\/2019\/11\/CUAUTITL\u00c1N-4-202x114.jpg 202w, https:\/\/www.diarioimagen.net\/wp-content\/uploads\/2019\/11\/CUAUTITL\u00c1N-4-350x196.jpg 350w, https:\/\/www.diarioimagen.net\/wp-content\/uploads\/2019\/11\/CUAUTITL\u00c1N-4-220x123.jpg 220w, https:\/\/www.diarioimagen.net\/wp-content\/uploads\/2019\/11\/CUAUTITL\u00c1N-4-237x132.jpg 237w, https:\/\/www.diarioimagen.net\/wp-content\/uploads\/2019\/11\/CUAUTITL\u00c1N-4.jpg 480w\" sizes=\"auto, (max-width: 460px) 100vw, 460px\" \/><\/a><p id=\"caption-attachment-450976\" class=\"wp-caption-text\">Operagua particip\u00f3 en la XXXIII Convenci\u00f3n Anual y Expo ANEAS 2019, que se realiz\u00f3 en San Luis Potos\u00ed a la cual acudi\u00f3 el alcalde Ricardo N\u00fa\u00f1ez Ayala y el director general de Operagua, Mart\u00edn Guerrero Baeza.<\/p><\/div>\n<p>&nbsp;<\/p>\n<p><strong>Cuautitl\u00e1n Izcalli, Estado de M\u00e9xico<\/strong>.- A fin de contar con elementos te\u00f3rico-pr\u00e1cticos que permitan al Organismo tener las herramientas suficientes para ser un ente de calidad, acorde a las necesidades de los usuarios, y que esto se traduzca en efectividad operativa y administrativa, Operagua particip\u00f3 en la XXXIII Convenci\u00f3n Anual y Expo ANEAS 2019, que se realiz\u00f3 en San Luis Potos\u00ed a la cual acudi\u00f3 el presidente municipal de Cuautitl\u00e1n Izcalli, Ricardo N\u00fa\u00f1ez Ayala y el director general del Organismo, Mart\u00edn Guerrero Baeza.<\/p>\n<p>En la convenci\u00f3n organizada por la Asociaci\u00f3n Nacional de Empresas de Agua y Saneamiento de M\u00e9xico (ANEAS), se abordaron temas de relevancia para el subsector agua potable, drenaje y saneamiento, as\u00ed como la gobernanza para la seguridad h\u00eddrica, la sostenibilidad de los servicios y el agua, en el marco de los derechos econ\u00f3micos, sociales y culturales.<\/p>\n<p>El objetivo del foro fue servir de escaparate de vanguardia para mejorar pr\u00e1cticas en el manejo del agua en M\u00e9xico y en el mundo, as\u00ed como una oportunidad para fortalecer las capacidades y habilidades de los involucrados en el tema.<\/p>\n<p>Baeza resalt\u00f3 la importancia de acudir a este tipo de foros: \u201cLa capacitaci\u00f3n permanente forma parte importante de los planes de trabajo al interior del Organismo. Debemos entender que nuestra operatividad eficiente no s\u00f3lo se limita a la reparaci\u00f3n de infraestructura y la atenci\u00f3n de contingencias\u201d.<\/p>\n<p>Agreg\u00f3 que: \u201ces necesario conocer nuevas estrategias de gobernanza h\u00eddrica, as\u00ed como m\u00e9todos de tratamiento de aguas residuales y sostenibilidad de los servicios, ver la manera en que estas ideas puedan ser aplicadas en el municipio a fin de obtener los mejores resultados, brindar un mejor servicio y responder a las necesidades de los usuarios\u201d.<\/p>\n<p>Algunas de las ponencias que se ofrecieron durante la convenci\u00f3n y en las que OPERAGUA pudo participar fueron: Servicios sostenibles de agua potable y saneamiento, Gesti\u00f3n y cultura h\u00eddrica, Infraestructura b\u00e1sica para un sistema comercial, \u00bfC\u00f3mo incentivar las buenas pr\u00e1cticas en materia de cobro-pago de los servicios?, Las tecnolog\u00edas de la informaci\u00f3n y comunicaci\u00f3n como herramienta en la gesti\u00f3n comercial, La importancia de la atenci\u00f3n y servicio y al usuario, Derecho humano al agua y saneamiento, entre otras.<\/p>\n<p>En la convenci\u00f3n participaron representantes de organismos operadores de municipios de la zona metropolitana del Valle de M\u00e9xico que forman parte de la asociaci\u00f3n.<\/p>\n<p>ANEAS cuenta con m\u00e1s de 35 a\u00f1os de experiencia, agrupa a organismos operadores de agua potable del pa\u00eds, cuyo objetivo b\u00e1sico es apoyar la elevaci\u00f3n de la eficiencia en la prestaci\u00f3n de los servicios as\u00ed como fomentar el nivel de profesionalizaci\u00f3n y autonom\u00eda del capital humano. Cada a\u00f1o realizan la convenci\u00f3n a la que acuden los integrantes de la misma para tratar temas de importancia h\u00eddrica que habr\u00e1n de marcar la agenda del a\u00f1o siguiente.<\/p>\n","protected":false},"excerpt":{"rendered":"<p>A fin de contar con elementos te\u00f3rico-pr\u00e1cticos que permitan al Organismo tener las herramientas suficientes para ser un ente de calidad, acorde a las necesidades de los usuarios, y que esto se traduzca en efectividad operativa y administrativa, Operagua particip\u00f3 en la XXXIII Convenci\u00f3n Anual y Expo ANEAS 2019, que se realiz\u00f3 en San Luis Potos\u00ed a la cual acudi\u00f3 el presidente municipal de Cuautitl\u00e1n Izcalli, Ricardo N\u00fa\u00f1ez Ayala y el director general del Organismo, Mart\u00edn Guerrero Baeza.<\/p>\n","protected":false},"author":3,"featured_media":450976,"comment_status":"open","ping_status":"open","sticky":false,"template":"","format":"standard","meta":{"_monsterinsights_skip_tracking":false,"_monsterinsights_sitenote_active":false,"_monsterinsights_sitenote_note":"","_monsterinsights_sitenote_category":0,"footnotes":""},"categories":[5],"tags":[971,43675,88793,88795,88794],"class_list":["post-450894","post","type-post","status-publish","format-standard","has-post-thumbnail","hentry","category-estado-de-mexico","tag-cuautitlan-izcalli","tag-estado-de-mexico","tag-gobernanza","tag-saneamiento","tag-sostenibilidad"],"_links":{"self":[{"href":"https:\/\/www.diarioimagen.net\/index.php?rest_route=\/wp\/v2\/posts\/450894","targetHints":{"allow":["GET"]}}],"collection":[{"href":"https:\/\/www.diarioimagen.net\/index.php?rest_route=\/wp\/v2\/posts"}],"about":[{"href":"https:\/\/www.diarioimagen.net\/index.php?rest_route=\/wp\/v2\/types\/post"}],"author":[{"embeddable":true,"href":"https:\/\/www.diarioimagen.net\/index.php?rest_route=\/wp\/v2\/users\/3"}],"replies":[{"embeddable":true,"href":"https:\/\/www.diarioimagen.net\/index.php?rest_route=%2Fwp%2Fv2%2Fcomments&post=450894"}],"version-history":[{"count":0,"href":"https:\/\/www.diarioimagen.net\/index.php?rest_route=\/wp\/v2\/posts\/450894\/revisions"}],"wp:featuredmedia":[{"embeddable":true,"href":"https:\/\/www.diarioimagen.net\/index.php?rest_route=\/wp\/v2\/media\/450976"}],"wp:attachment":[{"href":"https:\/\/www.diarioimagen.net\/index.php?rest_route=%2Fwp%2Fv2%2Fmedia&parent=450894"}],"wp:term":[{"taxonomy":"category","embeddable":true,"href":"https:\/\/www.diarioimagen.net\/index.php?rest_route=%2Fwp%2Fv2%2Fcategories&post=450894"},{"taxonomy":"post_tag","embeddable":true,"href":"https:\/\/www.diarioimagen.net\/index.php?rest_route=%2Fwp%2Fv2%2Ftags&post=450894"}],"curies":[{"name":"wp","href":"https:\/\/api.w.org\/{rel}","templated":true}]}}